{"id":6376,"date":"2025-12-11T14:32:12","date_gmt":"2025-12-11T14:32:12","guid":{"rendered":"https:\/\/friburgonoticias.com.br\/temp\/2025\/12\/11\/carlos-bolsonaro-deve-renunciar-mandato-na-camara-do-rio-ate-sexta-12-para-focar-em-campanha-para-o-senado-em-sc\/"},"modified":"2025-12-11T14:32:12","modified_gmt":"2025-12-11T14:32:12","slug":"carlos-bolsonaro-deve-renunciar-mandato-na-camara-do-rio-ate-sexta-12-para-focar-em-campanha-para-o-senado-em-sc","status":"publish","type":"post","link":"https:\/\/friburgonoticias.com.br\/temp\/2025\/12\/11\/carlos-bolsonaro-deve-renunciar-mandato-na-camara-do-rio-ate-sexta-12-para-focar-em-campanha-para-o-senado-em-sc\/","title":{"rendered":"Carlos Bolsonaro deve renunciar mandato na C\u00e2mara do Rio at\u00e9 sexta (12) para focar em campanha para o Senado em SC"},"content":{"rendered":"<p><\/p>\n<div itemprop=\"articleBody\">\nO <a href=\"https:\/\/temporealrj.com\/a-troca-de-amabilidades-e-medalhas-entre-carlos-bolsonaro-e-rogerio-amorim\/\">vereador Carlos Bolsonaro (PL)<\/a> deve se despedir da C\u00e2mara do Rio ap\u00f3s a sess\u00e3o desta quinta-feira (11). Segundo informa\u00e7\u00f5es do jornalista Lauro Jardim, colunista do jornal \u201cO Globo\u201d, o filho do ex-presidente vai enviar, at\u00e9 esta sexta (12), uma carta de ren\u00fancia ao mandato. A expectativa \u00e9 que Carlos comece a focar, a partir da pr\u00f3xima semana, nos preparativos para concorrer ao Senado Federal pelo estado de Santa Catarina em 2026.<\/p>\n<p>Carlos deve deixar sua vaga na <a href=\"https:\/\/temporealrj.com\/michelle-bolsonaro-vai-receber-maior-honraria-da-camara-do-rio\/\">C\u00e2mara do Rio<\/a> para a ex-deputada estadual Alana Passos (PL). O vereador deve organizar a sa\u00edda do gabinete at\u00e9 segunda-feira (15), de acordo com o jornalista. A informa\u00e7\u00e3o ainda n\u00e3o foi confirmada oficialmente por Carlos e ainda n\u00e3o h\u00e1 registro de cartas de ren\u00fancia recebidas pela C\u00e2mara.<\/p>\n<h2 class=\"wp-block-heading\">Carlos deixa C\u00e2mara do Rio para alinhar pr\u00e9-campanha no Sul<\/h2>\n<p>O segundo filho de Jair Bolsonaro (PL) vai se mudar para o munic\u00edpio catarinense de S\u00e3o Jos\u00e9, ainda de acordo com \u201cO Globo\u201d. L\u00e1, ele deve come\u00e7ar a alinhar detalhes de pr\u00e9-campanha com aliados. Ele pretende entrar para o Senado no mesmo momento em que seu irm\u00e3o, o senador Fl\u00e1vio Bolsonaro (PL), planeja sua sa\u00edda. Fl\u00e1vio foi o escolhido do ex-presidente para <a href=\"https:\/\/temporealrj.com\/jair-bolsonaro-anuncia-que-flavio-sera-seu-candidato-a-presidencia-da-republica-em-2026\/\">lan\u00e7ar a candidatura do PL \u00e0 Presid\u00eancia da Rep\u00fablica nas elei\u00e7\u00f5es de 2026<\/a>.\n<\/div>\n<p><\/a><\/p>\n<p>Fonte: temporealrj.com<\/p>\n","protected":false},"excerpt":{"rendered":"<p>O vereador Carlos Bolsonaro (PL) deve se despedir da C\u00e2mara do Rio ap\u00f3s a sess\u00e3o desta quinta-feira (11). Segundo informa\u00e7\u00f5es do jornalista Lauro Jardim, colunista do jornal \u201cO Globo\u201d, o filho do ex-presidente vai enviar, at\u00e9 esta sexta (12), uma carta de ren\u00fancia ao mandato. A expectativa \u00e9 que Carlos comece a focar, a partir [&hellip;]<\/p>\n","protected":false},"author":3,"featured_media":6377,"comment_status":"open","ping_status":"open","sticky":false,"template":"","format":"standard","meta":{"advanced_seo_description":"","jetpack_seo_html_title":"","jetpack_seo_noindex":false,"fifu_image_url":"https:\/\/temporealrj.com\/wp-content\/uploads\/2025\/12\/Vereador-Carlos-Bolsonaro-Foto-Renan-Olaz-CMRJ-e1765457690652.webp","fifu_image_alt":"","_jetpack_memberships_contains_paid_content":false,"footnotes":"","jetpack_publicize_message":"","jetpack_publicize_feature_enabled":true,"jetpack_social_post_already_shared":true,"jetpack_social_options":{"image_generator_settings":{"template":"highway","default_image_id":0,"font":"","enabled":false},"version":2}},"categories":[107],"tags":[],"class_list":{"0":"post-6376","1":"post","2":"type-post","3":"status-publish","4":"format-standard","5":"has-post-thumbnail","7":"category-economia"},"jetpack_publicize_connections":[],"jetpack_featured_media_url":"https:\/\/i0.wp.com\/temporealrj.com\/wp-content\/uploads\/2025\/12\/Vereador-Carlos-Bolsonaro-Foto-Renan-Olaz-CMRJ-e1765457690652.webp?fit=%2C&ssl=1","jetpack_sharing_enabled":true,"jetpack-related-posts":[],"_links":{"self":[{"href":"https:\/\/friburgonoticias.com.br\/temp\/wp-json\/wp\/v2\/posts\/6376","targetHints":{"allow":["GET"]}}],"collection":[{"href":"https:\/\/friburgonoticias.com.br\/temp\/wp-json\/wp\/v2\/posts"}],"about":[{"href":"https:\/\/friburgonoticias.com.br\/temp\/wp-json\/wp\/v2\/types\/post"}],"author":[{"embeddable":true,"href":"https:\/\/friburgonoticias.com.br\/temp\/wp-json\/wp\/v2\/users\/3"}],"replies":[{"embeddable":true,"href":"https:\/\/friburgonoticias.com.br\/temp\/wp-json\/wp\/v2\/comments?post=6376"}],"version-history":[{"count":0,"href":"https:\/\/friburgonoticias.com.br\/temp\/wp-json\/wp\/v2\/posts\/6376\/revisions"}],"wp:featuredmedia":[{"embeddable":true,"href":"https:\/\/friburgonoticias.com.br\/temp\/wp-json\/wp\/v2\/media\/6377"}],"wp:attachment":[{"href":"https:\/\/friburgonoticias.com.br\/temp\/wp-json\/wp\/v2\/media?parent=6376"}],"wp:term":[{"taxonomy":"category","embeddable":true,"href":"https:\/\/friburgonoticias.com.br\/temp\/wp-json\/wp\/v2\/categories?post=6376"},{"taxonomy":"post_tag","embeddable":true,"href":"https:\/\/friburgonoticias.com.br\/temp\/wp-json\/wp\/v2\/tags?post=6376"}],"curies":[{"name":"wp","href":"https:\/\/api.w.org\/{rel}","templated":true}]}}