{"id":6430,"date":"2025-12-15T11:57:21","date_gmt":"2025-12-15T11:57:21","guid":{"rendered":"https:\/\/friburgonoticias.com.br\/temp\/2025\/12\/15\/carla-zambelli-renuncia-ao-mandato-adilson-barroso-e-convocado-para-tomar-posse-noticias\/"},"modified":"2025-12-15T11:57:21","modified_gmt":"2025-12-15T11:57:21","slug":"carla-zambelli-renuncia-ao-mandato-adilson-barroso-e-convocado-para-tomar-posse-noticias","status":"publish","type":"post","link":"https:\/\/friburgonoticias.com.br\/temp\/2025\/12\/15\/carla-zambelli-renuncia-ao-mandato-adilson-barroso-e-convocado-para-tomar-posse-noticias\/","title":{"rendered":"Carla Zambelli renuncia ao mandato; Adilson Barroso \u00e9 convocado para tomar posse &#8211; Not\u00edcias"},"content":{"rendered":"<p><\/p>\n<div>\n<div>\n<p class=\"g-artigo__data-hora\">\n                      15\/12\/2025 &#8211; 07:00 \u00a0\n                    <\/p>\n<div id=\"image-container-1232852\" class=\"image-container\" style=\"float: none; margin: 45px 0px; width: 100%;\" data-midia=\"1232852\">\n        <em>Kayo Magalh\u00e3es \/ C\u00e2mara dos Deputados<\/em><\/p>\n<p>        Adilson Barroso foi convocado para tomar posse\n        <\/p><\/div>\n<p>        A deputada Carla Zambelli (PL-SP) comunicou \u00e0 Secretaria-Geral da Mesa da C\u00e2mara, neste domingo (14), a ren\u00fancia ao seu mandato. Em virtude disso, o presidente Hugo Motta (Republicanos-PB) determinou a convoca\u00e7\u00e3o do suplente <a href=\"https:\/\/www.camara.leg.br\/deputados\/221328\/biografia\">Adilson Barroso<\/a> (PL-SP) para tomar posse. Barroso j\u00e1 assumiu o mandato tr\u00eas vezes nesta legislatura como suplente e agora assume como titular do cargo.<br \/>\n        O ministro do Supremo Tribunal Federal (STF) Alexandre de Moraes havia determinado a decreta\u00e7\u00e3o da perda do mandato da deputada na quinta-feira (11) e a convoca\u00e7\u00e3o do suplente. No dia anterior (10), o Plen\u00e1rio da C\u00e2mara havia rejeitado, por insufici\u00eancia de votos, a decreta\u00e7\u00e3o da perda de mandato.<br \/>\n        Zambelli foi condenada em definitivo pelo STF a dez anos de pris\u00e3o por ordenar a invas\u00e3o de sistemas do Conselho Nacional de Justi\u00e7a (CNJ). Ela est\u00e1 presa na It\u00e1lia, aguardando o julgamento do pedido de extradi\u00e7\u00e3o para o Brasil.<\/p>\n<p style=\"font-size: 0.8rem; font-weight: 700;\">Da Reda\u00e7\u00e3o \u2013 RL<\/p>\n<\/p><\/div>\n<\/p><\/div>\n<p><\/a><\/p>\n<p>Fonte: www.camara.leg.br<\/p>\n","protected":false},"excerpt":{"rendered":"<p>15\/12\/2025 &#8211; 07:00 \u00a0 Kayo Magalh\u00e3es \/ C\u00e2mara dos Deputados Adilson Barroso foi convocado para tomar posse A deputada Carla Zambelli (PL-SP) comunicou \u00e0 Secretaria-Geral da Mesa da C\u00e2mara, neste domingo (14), a ren\u00fancia ao seu mandato. Em virtude disso, o presidente Hugo Motta (Republicanos-PB) determinou a convoca\u00e7\u00e3o do suplente Adilson Barroso (PL-SP) para tomar [&hellip;]<\/p>\n","protected":false},"author":3,"featured_media":6431,"comment_status":"open","ping_status":"open","sticky":false,"template":"","format":"standard","meta":{"advanced_seo_description":"","jetpack_seo_html_title":"","jetpack_seo_noindex":false,"fifu_image_url":"https:\/\/www.camara.leg.br\/midias\/image\/2025\/12\/img20250611163038199-768x473.jpg","fifu_image_alt":"","_jetpack_memberships_contains_paid_content":false,"footnotes":"","jetpack_publicize_message":"","jetpack_publicize_feature_enabled":true,"jetpack_social_post_already_shared":true,"jetpack_social_options":{"image_generator_settings":{"template":"highway","default_image_id":0,"font":"","enabled":false},"version":2}},"categories":[106,1],"tags":[],"class_list":{"0":"post-6430","1":"post","2":"type-post","3":"status-publish","4":"format-standard","5":"has-post-thumbnail","7":"category-politica","8":"category-uncategorized"},"jetpack_publicize_connections":[],"jetpack_featured_media_url":"https:\/\/i0.wp.com\/www.camara.leg.br\/midias\/image\/2025\/12\/img20250611163038199-768x473.jpg?fit=%2C&ssl=1","jetpack_sharing_enabled":true,"jetpack-related-posts":[],"_links":{"self":[{"href":"https:\/\/friburgonoticias.com.br\/temp\/wp-json\/wp\/v2\/posts\/6430","targetHints":{"allow":["GET"]}}],"collection":[{"href":"https:\/\/friburgonoticias.com.br\/temp\/wp-json\/wp\/v2\/posts"}],"about":[{"href":"https:\/\/friburgonoticias.com.br\/temp\/wp-json\/wp\/v2\/types\/post"}],"author":[{"embeddable":true,"href":"https:\/\/friburgonoticias.com.br\/temp\/wp-json\/wp\/v2\/users\/3"}],"replies":[{"embeddable":true,"href":"https:\/\/friburgonoticias.com.br\/temp\/wp-json\/wp\/v2\/comments?post=6430"}],"version-history":[{"count":0,"href":"https:\/\/friburgonoticias.com.br\/temp\/wp-json\/wp\/v2\/posts\/6430\/revisions"}],"wp:featuredmedia":[{"embeddable":true,"href":"https:\/\/friburgonoticias.com.br\/temp\/wp-json\/wp\/v2\/media\/6431"}],"wp:attachment":[{"href":"https:\/\/friburgonoticias.com.br\/temp\/wp-json\/wp\/v2\/media?parent=6430"}],"wp:term":[{"taxonomy":"category","embeddable":true,"href":"https:\/\/friburgonoticias.com.br\/temp\/wp-json\/wp\/v2\/categories?post=6430"},{"taxonomy":"post_tag","embeddable":true,"href":"https:\/\/friburgonoticias.com.br\/temp\/wp-json\/wp\/v2\/tags?post=6430"}],"curies":[{"name":"wp","href":"https:\/\/api.w.org\/{rel}","templated":true}]}}