{"id":6500,"date":"2025-12-16T20:52:29","date_gmt":"2025-12-16T20:52:29","guid":{"rendered":"https:\/\/friburgonoticias.com.br\/temp\/2025\/12\/16\/cerimonia-de-repasse-de-r-120-milhoes-as-prefeituras-proposta-por-bacellar-e-remarcada-por-delaroli-para-sexta-19\/"},"modified":"2025-12-16T20:52:29","modified_gmt":"2025-12-16T20:52:29","slug":"cerimonia-de-repasse-de-r-120-milhoes-as-prefeituras-proposta-por-bacellar-e-remarcada-por-delaroli-para-sexta-19","status":"publish","type":"post","link":"https:\/\/friburgonoticias.com.br\/temp\/2025\/12\/16\/cerimonia-de-repasse-de-r-120-milhoes-as-prefeituras-proposta-por-bacellar-e-remarcada-por-delaroli-para-sexta-19\/","title":{"rendered":"Cerim\u00f4nia de repasse de R$ 120 milh\u00f5es \u00e0s prefeituras, proposta por Bacellar, \u00e9 remarcada por Delaroli para sexta (19)"},"content":{"rendered":"<p><\/p>\n<div itemprop=\"articleBody\">\nA Assembleia Legislativa (Alerj) manteve a libera\u00e7\u00e3o de R$ 120 milh\u00f5es para a sa\u00fade dos munic\u00edpios do Rio, verba prevista em projeto de lei de autoria do presidente afastado Rodrigo Bacellar (Uni\u00e3o) e aprovada antes de sua pris\u00e3o. A cerim\u00f4nia de entrega dos recursos foi <a href=\"https:\/\/temporealrj.com\/com-bacellar-afastado-rosenverg-reis-pressiona-por-repasse-as-prefeituras-sem-cerimonia\/\">remarcada para sexta-feira (19), \u00e0s 11h, no Pal\u00e1cio Tiradentes<\/a>, agora sob a condu\u00e7\u00e3o do presidente em exerc\u00edcio, Guilherme Delaroli (PL).<\/p>\n<p>A solenidade, que antes era tratada nos bastidores <a href=\"https:\/\/temporealrj.com\/bacellar-garante-o-natal-das-92-prefeituras-do-rio-e-reforca-a-pre-candidatura-para-2026\/\">como um grande gesto pol\u00edtico de Bacellar junto aos 92 prefeitos<\/a> do estado, perdeu o principal personagem ap\u00f3s o deputado ser preso na Opera\u00e7\u00e3o Unha e Carne, solto por decis\u00e3o da Alerj e afastado da presid\u00eancia da casa pelo ministro Alexandre de Moraes.<\/p>\n<p>No plen\u00e1rio, Delaroli afirmou que apenas formalizou o repasse j\u00e1 previsto. \u201cEu acabei de assinar agora o repasse de R$ 120 milh\u00f5es do projeto de lei, do qual todos n\u00f3s somos coautores, para todos os munic\u00edpios na \u00e1rea da sa\u00fade\u201d, disse.\n<\/p><\/div>\n<p><\/a><\/p>\n<p>Fonte: temporealrj.com<\/p>\n","protected":false},"excerpt":{"rendered":"<p>A Assembleia Legislativa (Alerj) manteve a libera\u00e7\u00e3o de R$ 120 milh\u00f5es para a sa\u00fade dos munic\u00edpios do Rio, verba prevista em projeto de lei de autoria do presidente afastado Rodrigo Bacellar (Uni\u00e3o) e aprovada antes de sua pris\u00e3o. A cerim\u00f4nia de entrega dos recursos foi remarcada para sexta-feira (19), \u00e0s 11h, no Pal\u00e1cio Tiradentes, agora [&hellip;]<\/p>\n","protected":false},"author":3,"featured_media":6501,"comment_status":"open","ping_status":"open","sticky":false,"template":"","format":"standard","meta":{"advanced_seo_description":"","jetpack_seo_html_title":"","jetpack_seo_noindex":false,"fifu_image_url":"https:\/\/temporealrj.com\/wp-content\/uploads\/2025\/12\/Captura-de-tela-2025-12-16-163309.png","fifu_image_alt":"","_jetpack_memberships_contains_paid_content":false,"footnotes":"","jetpack_publicize_message":"","jetpack_publicize_feature_enabled":true,"jetpack_social_post_already_shared":true,"jetpack_social_options":{"image_generator_settings":{"template":"highway","default_image_id":0,"font":"","enabled":false},"version":2}},"categories":[107],"tags":[],"class_list":{"0":"post-6500","1":"post","2":"type-post","3":"status-publish","4":"format-standard","5":"has-post-thumbnail","7":"category-economia"},"jetpack_publicize_connections":[],"jetpack_featured_media_url":"https:\/\/i0.wp.com\/temporealrj.com\/wp-content\/uploads\/2025\/12\/Captura-de-tela-2025-12-16-163309.png?fit=%2C&ssl=1","jetpack_sharing_enabled":true,"jetpack-related-posts":[],"_links":{"self":[{"href":"https:\/\/friburgonoticias.com.br\/temp\/wp-json\/wp\/v2\/posts\/6500","targetHints":{"allow":["GET"]}}],"collection":[{"href":"https:\/\/friburgonoticias.com.br\/temp\/wp-json\/wp\/v2\/posts"}],"about":[{"href":"https:\/\/friburgonoticias.com.br\/temp\/wp-json\/wp\/v2\/types\/post"}],"author":[{"embeddable":true,"href":"https:\/\/friburgonoticias.com.br\/temp\/wp-json\/wp\/v2\/users\/3"}],"replies":[{"embeddable":true,"href":"https:\/\/friburgonoticias.com.br\/temp\/wp-json\/wp\/v2\/comments?post=6500"}],"version-history":[{"count":0,"href":"https:\/\/friburgonoticias.com.br\/temp\/wp-json\/wp\/v2\/posts\/6500\/revisions"}],"wp:featuredmedia":[{"embeddable":true,"href":"https:\/\/friburgonoticias.com.br\/temp\/wp-json\/wp\/v2\/media\/6501"}],"wp:attachment":[{"href":"https:\/\/friburgonoticias.com.br\/temp\/wp-json\/wp\/v2\/media?parent=6500"}],"wp:term":[{"taxonomy":"category","embeddable":true,"href":"https:\/\/friburgonoticias.com.br\/temp\/wp-json\/wp\/v2\/categories?post=6500"},{"taxonomy":"post_tag","embeddable":true,"href":"https:\/\/friburgonoticias.com.br\/temp\/wp-json\/wp\/v2\/tags?post=6500"}],"curies":[{"name":"wp","href":"https:\/\/api.w.org\/{rel}","templated":true}]}}