{"id":6502,"date":"2025-12-16T21:47:30","date_gmt":"2025-12-16T21:47:30","guid":{"rendered":"https:\/\/friburgonoticias.com.br\/temp\/2025\/12\/16\/camara-anuncia-resultado-preliminar-de-concurso-de-videos-sobre-violencia-contra-a-mulher-noticias\/"},"modified":"2025-12-16T21:47:30","modified_gmt":"2025-12-16T21:47:30","slug":"camara-anuncia-resultado-preliminar-de-concurso-de-videos-sobre-violencia-contra-a-mulher-noticias","status":"publish","type":"post","link":"https:\/\/friburgonoticias.com.br\/temp\/2025\/12\/16\/camara-anuncia-resultado-preliminar-de-concurso-de-videos-sobre-violencia-contra-a-mulher-noticias\/","title":{"rendered":"C\u00e2mara anuncia resultado preliminar de concurso de v\u00eddeos sobre viol\u00eancia contra a mulher &#8211; Not\u00edcias"},"content":{"rendered":"<p><\/p>\n<div>\n<p class=\"g-artigo__data-hora\">\n                      16\/12\/2025 &#8211; 18:40 \u00a0\n                    <\/p>\n<div id=\"image-container-1233753\" class=\"image-container\" style=\"float: none; margin: 45px 0px; width: 100%;\" data-midia=\"1233753\">\n        <em>Reprodu\u00e7\u00e3o YouTube<\/em><\/p>\n<p>        Cena do filme Por Tr\u00e1s da Porta, de Jo\u00e3o Orides Padilha J\u00fanior\n        <\/p><\/div>\n<p>        A C\u00e2mara dos Deputados anunciou o resultado preliminar do concurso de v\u00eddeos Pelo Fim da Viol\u00eancia contra a Mulher. Foram selecionadas cinco obras audiovisuais, uma de cada regi\u00e3o do pa\u00eds, entre produ\u00e7\u00f5es de document\u00e1rio e fic\u00e7\u00e3o.<br \/>\n        As obras vencedoras s\u00e3o:<br \/>\n        <strong>Regi\u00e3o Sudeste<\/strong><br \/>\u2022 Escola de Homens<br \/>Dire\u00e7\u00e3o: Sara Stopazzolli<br \/>Ano: 2020<br \/>Cidade: Rio de Janeiro (RJ)<br \/>\n        <strong>Regi\u00e3o Sul<\/strong><br \/>\u2022 Por tr\u00e1s da porta<br \/>Dire\u00e7\u00e3o: Jo\u00e3o Orides Padilha Junior<br \/>Ano: 2025<br \/>Cidade: Joa\u00e7aba (SC)<br \/>\n        <strong>Regi\u00e3o Nordeste<\/strong><br \/>\u2022 Quem eu sou?<br \/>Dire\u00e7\u00e3o: Lisiane Fagundes Cohen<br \/>Ano: 2023<br \/>Cidade: Salvador (BA)<\/p>\n<div id=\"image-container-1233752\" class=\"image-container\" style=\"float: none; margin: 45px 0px; width: 100%;\" data-midia=\"1233752\">\n        <em>Reprodu\u00e7\u00e3o YouTube<\/em><\/p>\n<p>        Cena do curta At\u00e9 Amanh\u00e3, dirigido por Patricia Alves da Silva\n        <\/p><\/div>\n<p>        <strong>Regi\u00e3o Centro-Oeste<\/strong><br \/>\u2022 At\u00e9 Amanh\u00e3<br \/>Dire\u00e7\u00e3o: Patricia Alves da Silva<br \/>Ano: 2025<br \/>Cidade: Goi\u00e2nia (GO)<br \/>\n        <strong>Regi\u00e3o Norte<\/strong><br \/>\u2022 Marcas da Alma<br \/>Dire\u00e7\u00e3o: Hermes Filho Leal<br \/>Ano: 2025<br \/>Cidade: Palmas (TO)<br \/>\n        O concurso est\u00e1 em sua segunda edi\u00e7\u00e3o e \u00e9 uma parceria entre a Secretaria da Mulher e a Secretaria de Comunica\u00e7\u00e3o Social da C\u00e2mara dos Deputados, por meio da TV C\u00e2mara.<br \/>\n        Cada obra selecionada receber\u00e1 R$ 10 mil pelo licenciamento por dois anos, para exibi\u00e7\u00e3o na TV C\u00e2mara, nas plataformas oficiais de comunica\u00e7\u00e3o da Casa, em canais parceiros e em atividades institucionais e educativas promovidas pela Secretaria da Mulher.<br \/>\n        O objetivo do concurso \u00e9 estimular o debate p\u00fablico sobre o tema e incentivar a produ\u00e7\u00e3o audiovisual independente. A iniciativa busca promover reflex\u00f5es culturais que contribuam para a redu\u00e7\u00e3o dos \u00edndices de viol\u00eancia contra a mulher no pa\u00eds, que seguem em alta, segundo dados do F\u00f3rum Brasileiro de Seguran\u00e7a P\u00fablica.<br \/>\n        <strong>Sele\u00e7\u00e3o<\/strong><br \/>A sele\u00e7\u00e3o foi feita por uma comiss\u00e3o julgadora institu\u00edda pela Presid\u00eancia da C\u00e2mara, composta por cinco servidoras efetivas da C\u00e2mara dos Deputados, sendo tr\u00eas da Secretaria de Comunica\u00e7\u00e3o Social e duas da Secretaria da Mulher. Ao todo, foram inscritas 67 obras audiovisuais, entre produ\u00e7\u00f5es de fic\u00e7\u00e3o e n\u00e3o fic\u00e7\u00e3o.<br \/>\n        Puderam concorrer filmes produzidos a partir de 2020, que abordassem diferentes formas de viol\u00eancia contra a mulher, como viol\u00eancia pol\u00edtica, dom\u00e9stica, sexual, patrimonial, moral, obst\u00e9trica e psicol\u00f3gica.<br \/>\n        Com a iniciativa, a TV C\u00e2mara tamb\u00e9m cumpre os princ\u00edpios previstos no artigo 221 da Constitui\u00e7\u00e3o, como a prioridade a conte\u00fados com finalidades educativas, art\u00edsticas, culturais e informativas, o est\u00edmulo \u00e0 produ\u00e7\u00e3o independente e a valoriza\u00e7\u00e3o da cultura nacional e regional.<br \/>\n        <strong>Recursos<\/strong><br \/>Com o an\u00fancio do resultado preliminar, abre-se o prazo para apresenta\u00e7\u00e3o de recursos, que poder\u00e3o ser enviados pelo portal da C\u00e2mara at\u00e9 22 de dezembro de 2025. O resultado final est\u00e1 previsto para ser divulgado na primeira semana de janeiro.<br \/>\n        <a href=\"https:\/\/www2.camara.leg.br\/a-camara\/estruturaadm\/secretarias\/secom\/concurso-de-obras-audiovisuais-pelo-fim-da-violencia-contra-a-mulher\/concurso-201cpelo-fim-da-violencia-contra-a-mulher201d?utm_source=undefined&amp;utm_campaign=\">A \u00edntegra do edital est\u00e1 dispon\u00edvel aqui<\/a><\/p>\n<p style=\"font-size: 0.8rem; font-weight: 700;\">Da Reda\u00e7\u00e3o &#8211; GM<\/p>\n<\/p><\/div>\n<p><\/a><\/p>\n<p>Fonte: www.camara.leg.br<\/p>\n","protected":false},"excerpt":{"rendered":"<p>16\/12\/2025 &#8211; 18:40 \u00a0 Reprodu\u00e7\u00e3o YouTube Cena do filme Por Tr\u00e1s da Porta, de Jo\u00e3o Orides Padilha J\u00fanior A C\u00e2mara dos Deputados anunciou o resultado preliminar do concurso de v\u00eddeos Pelo Fim da Viol\u00eancia contra a Mulher. Foram selecionadas cinco obras audiovisuais, uma de cada regi\u00e3o do pa\u00eds, entre produ\u00e7\u00f5es de document\u00e1rio e fic\u00e7\u00e3o. As [&hellip;]<\/p>\n","protected":false},"author":3,"featured_media":6503,"comment_status":"open","ping_status":"open","sticky":false,"template":"","format":"standard","meta":{"advanced_seo_description":"","jetpack_seo_html_title":"","jetpack_seo_noindex":false,"fifu_image_url":"https:\/\/www.camara.leg.br\/midias\/image\/2025\/12\/captura-de-tela-2025-12-16-182006-768x468.jpg","fifu_image_alt":"","_jetpack_memberships_contains_paid_content":false,"footnotes":"","jetpack_publicize_message":"","jetpack_publicize_feature_enabled":true,"jetpack_social_post_already_shared":true,"jetpack_social_options":{"image_generator_settings":{"template":"highway","default_image_id":0,"font":"","enabled":false},"version":2}},"categories":[106,1],"tags":[],"class_list":{"0":"post-6502","1":"post","2":"type-post","3":"status-publish","4":"format-standard","5":"has-post-thumbnail","7":"category-politica","8":"category-uncategorized"},"jetpack_publicize_connections":[],"jetpack_featured_media_url":"https:\/\/i0.wp.com\/www.camara.leg.br\/midias\/image\/2025\/12\/captura-de-tela-2025-12-16-182006-768x468.jpg?fit=%2C&ssl=1","jetpack_sharing_enabled":true,"jetpack-related-posts":[],"_links":{"self":[{"href":"https:\/\/friburgonoticias.com.br\/temp\/wp-json\/wp\/v2\/posts\/6502","targetHints":{"allow":["GET"]}}],"collection":[{"href":"https:\/\/friburgonoticias.com.br\/temp\/wp-json\/wp\/v2\/posts"}],"about":[{"href":"https:\/\/friburgonoticias.com.br\/temp\/wp-json\/wp\/v2\/types\/post"}],"author":[{"embeddable":true,"href":"https:\/\/friburgonoticias.com.br\/temp\/wp-json\/wp\/v2\/users\/3"}],"replies":[{"embeddable":true,"href":"https:\/\/friburgonoticias.com.br\/temp\/wp-json\/wp\/v2\/comments?post=6502"}],"version-history":[{"count":0,"href":"https:\/\/friburgonoticias.com.br\/temp\/wp-json\/wp\/v2\/posts\/6502\/revisions"}],"wp:featuredmedia":[{"embeddable":true,"href":"https:\/\/friburgonoticias.com.br\/temp\/wp-json\/wp\/v2\/media\/6503"}],"wp:attachment":[{"href":"https:\/\/friburgonoticias.com.br\/temp\/wp-json\/wp\/v2\/media?parent=6502"}],"wp:term":[{"taxonomy":"category","embeddable":true,"href":"https:\/\/friburgonoticias.com.br\/temp\/wp-json\/wp\/v2\/categories?post=6502"},{"taxonomy":"post_tag","embeddable":true,"href":"https:\/\/friburgonoticias.com.br\/temp\/wp-json\/wp\/v2\/tags?post=6502"}],"curies":[{"name":"wp","href":"https:\/\/api.w.org\/{rel}","templated":true}]}}