{"id":6566,"date":"2025-12-18T20:06:43","date_gmt":"2025-12-18T20:06:43","guid":{"rendered":"https:\/\/friburgonoticias.com.br\/temp\/2025\/12\/18\/comissao-aprova-projeto-que-obriga-indicar-se-partiu-de-escola-registro-de-violencia-domestica-noticias\/"},"modified":"2025-12-18T20:06:43","modified_gmt":"2025-12-18T20:06:43","slug":"comissao-aprova-projeto-que-obriga-indicar-se-partiu-de-escola-registro-de-violencia-domestica-noticias","status":"publish","type":"post","link":"https:\/\/friburgonoticias.com.br\/temp\/2025\/12\/18\/comissao-aprova-projeto-que-obriga-indicar-se-partiu-de-escola-registro-de-violencia-domestica-noticias\/","title":{"rendered":"Comiss\u00e3o aprova projeto que obriga indicar se partiu de escola registro de viol\u00eancia dom\u00e9stica &#8211; Not\u00edcias"},"content":{"rendered":"<p><\/p>\n<div>\n<p class=\"g-artigo__data-hora\">\n                      18\/12\/2025 &#8211; 16:53 \u00a0\n                    <\/p>\n<div id=\"image-container-1234789\" class=\"image-container\" style=\"float: none; margin: 45px 0px; width: 100%;\" data-midia=\"1234789\">\n        <em>Vinicius Loures\/C\u00e2mara dos Deputados<\/em><\/p>\n<p>        Deputada Tabata Amaral, relatora do projeto de lei\n        <\/p><\/div>\n<p>        A Comiss\u00e3o de Educa\u00e7\u00e3o da C\u00e2mara dos Deputados aprovou projeto de lei que torna obrigat\u00f3rio indicar se partiu de notifica\u00e7\u00e3o da escola o registro de caso de viol\u00eancia dom\u00e9stica e familiar contra a crian\u00e7a ou o adolescente.<br \/>\n        Conforme a proposta, nos casos em que houver suspeita de viol\u00eancia percebida no ambiente escolar, a den\u00fancia dever\u00e1 ser feita prioritariamente pela diretoria do estabelecimento de ensino.<br \/>\n        O texto aprovado \u00e9 a vers\u00e3o da relatora, deputada Tabata Amaral (PSB-SP), para o <a class=\"linkProposicao\" href=\"https:\/\/www.camara.leg.br\/noticias\/1054699-projeto-busca-aperfeicoar-producao-de-dados-sobre-violencia-contra-crianca-e-adolescente\">Projeto de Lei 1107\/24<\/a>, da deputada Duda Salabert (PDT-MG). O <span id=\"4098\" class=\"termoGlossario\" title=\"Nome que se d\u00e1 ao texto que altera substancialmente o conte\u00fado original da proposta. O substitutivo \u00e9 apresentado pelo relator e tem prefer\u00eancia na vota\u00e7\u00e3o sobre o projeto original.\" contenteditable=\"false\" data-toggle=\"tooltip\" data-placement=\"top\">substitutivo<\/span> apresenta nova reda\u00e7\u00e3o, mas mant\u00e9m os objetivos da iniciativa original.<br \/>\n        \u201cAssociada a essa indica\u00e7\u00e3o da origem da notifica\u00e7\u00e3o, deve-se, de fato, considerar o relevante papel da escola na prote\u00e7\u00e3o \u00e0 inf\u00e2ncia e \u00e0 adolesc\u00eancia\u201d, disse Tabata Amaral. \u201cSugeri ajustes para aperfei\u00e7oar a proposta\u201d, justificou a relatora.<br \/>\n        <strong>Principais pontos<\/strong><br \/>A proposta visa melhorar a qualidade dos dados sobre a viol\u00eancia contra crian\u00e7as e adolescentes ao promover altera\u00e7\u00f5es na <a href=\"https:\/\/www2.camara.leg.br\/legin\/fed\/lei\/2022\/lei-14344-24-maio-2022-792692-norma-pl.html\">Lei Henry Borel<\/a>, que trata de viol\u00eancia dom\u00e9stica, e o <a href=\"https:\/\/www2.camara.leg.br\/legin\/fed\/lei\/1990\/lei-8069-13-julho-1990-372211-norma-pl.html\">Estatuto da Crian\u00e7a e do Adolescente (ECA)<\/a>.<br \/>\n        Para a deputada Duda Salabert, autora da vers\u00e3o original, a implementa\u00e7\u00e3o de estrat\u00e9gias baseadas em evid\u00eancias enfrenta dificuldades, devido \u00e0 falta de dados confi\u00e1veis sobre casos de viol\u00eancia relatados a partir das escolas.<br \/>\n        \u201cOs professores s\u00e3o frequentemente os primeiros a notar ind\u00edcios de viol\u00eancia ou os primeiros que crian\u00e7as e adolescentes buscam para relatar agress\u00f5es. Apesar disso, pela forma como registramos as ocorr\u00eancias atualmente, n\u00e3o \u00e9 poss\u00edvel identificar quando um registro partiu de notifica\u00e7\u00e3o da escola\u201d, afirmou.<br \/>\n        <strong>Pr\u00f3ximos passos<\/strong><br \/>O projeto tramita em <span id=\"4322\" class=\"termoGlossario\" title=\"Rito de tramita\u00e7\u00e3o pelo qual o projeto \u00e9 votado apenas pelas comiss\u00f5es designadas para analis\u00e1-lo, dispensada a delibera\u00e7\u00e3o do Plen\u00e1rio. O projeto perde o car\u00e1ter conclusivo se houver decis\u00e3o divergente entre as comiss\u00f5es ou se, independentemente de ser aprovado ou rejeitado, houver recurso assinado por 52 deputados para a aprecia\u00e7\u00e3o da mat\u00e9ria no Plen\u00e1rio.\" contenteditable=\"false\" data-toggle=\"tooltip\" data-placement=\"top\">car\u00e1ter conclusivo<\/span> e ainda ser\u00e1 analisado pela Comiss\u00e3o de Constitui\u00e7\u00e3o e Justi\u00e7a e de Cidadania. Para virar lei, a proposta precisa ser aprovada pela C\u00e2mara e pelo Senado.<\/p>\n<p style=\"font-size: 0.8rem; font-weight: 700;\">Da Reportagem\/RM<br \/>Edi\u00e7\u00e3o \u2013 Roberto Seabra<\/p>\n<\/p><\/div>\n<p><\/a><\/p>\n<p>Fonte: www.camara.leg.br<\/p>\n","protected":false},"excerpt":{"rendered":"<p>18\/12\/2025 &#8211; 16:53 \u00a0 Vinicius Loures\/C\u00e2mara dos Deputados Deputada Tabata Amaral, relatora do projeto de lei A Comiss\u00e3o de Educa\u00e7\u00e3o da C\u00e2mara dos Deputados aprovou projeto de lei que torna obrigat\u00f3rio indicar se partiu de notifica\u00e7\u00e3o da escola o registro de caso de viol\u00eancia dom\u00e9stica e familiar contra a crian\u00e7a ou o adolescente. Conforme a [&hellip;]<\/p>\n","protected":false},"author":3,"featured_media":6567,"comment_status":"open","ping_status":"open","sticky":false,"template":"","format":"standard","meta":{"advanced_seo_description":"","jetpack_seo_html_title":"","jetpack_seo_noindex":false,"fifu_image_url":"https:\/\/www.camara.leg.br\/midias\/image\/2025\/12\/img20251125112245153-768x473.jpg","fifu_image_alt":"","_jetpack_memberships_contains_paid_content":false,"footnotes":"","jetpack_publicize_message":"","jetpack_publicize_feature_enabled":true,"jetpack_social_post_already_shared":true,"jetpack_social_options":{"image_generator_settings":{"template":"highway","default_image_id":0,"font":"","enabled":false},"version":2}},"categories":[106,1],"tags":[],"class_list":{"0":"post-6566","1":"post","2":"type-post","3":"status-publish","4":"format-standard","5":"has-post-thumbnail","7":"category-politica","8":"category-uncategorized"},"jetpack_publicize_connections":[],"jetpack_featured_media_url":"https:\/\/i0.wp.com\/www.camara.leg.br\/midias\/image\/2025\/12\/img20251125112245153-768x473.jpg?fit=%2C&ssl=1","jetpack_sharing_enabled":true,"jetpack-related-posts":[],"_links":{"self":[{"href":"https:\/\/friburgonoticias.com.br\/temp\/wp-json\/wp\/v2\/posts\/6566","targetHints":{"allow":["GET"]}}],"collection":[{"href":"https:\/\/friburgonoticias.com.br\/temp\/wp-json\/wp\/v2\/posts"}],"about":[{"href":"https:\/\/friburgonoticias.com.br\/temp\/wp-json\/wp\/v2\/types\/post"}],"author":[{"embeddable":true,"href":"https:\/\/friburgonoticias.com.br\/temp\/wp-json\/wp\/v2\/users\/3"}],"replies":[{"embeddable":true,"href":"https:\/\/friburgonoticias.com.br\/temp\/wp-json\/wp\/v2\/comments?post=6566"}],"version-history":[{"count":0,"href":"https:\/\/friburgonoticias.com.br\/temp\/wp-json\/wp\/v2\/posts\/6566\/revisions"}],"wp:featuredmedia":[{"embeddable":true,"href":"https:\/\/friburgonoticias.com.br\/temp\/wp-json\/wp\/v2\/media\/6567"}],"wp:attachment":[{"href":"https:\/\/friburgonoticias.com.br\/temp\/wp-json\/wp\/v2\/media?parent=6566"}],"wp:term":[{"taxonomy":"category","embeddable":true,"href":"https:\/\/friburgonoticias.com.br\/temp\/wp-json\/wp\/v2\/categories?post=6566"},{"taxonomy":"post_tag","embeddable":true,"href":"https:\/\/friburgonoticias.com.br\/temp\/wp-json\/wp\/v2\/tags?post=6566"}],"curies":[{"name":"wp","href":"https:\/\/api.w.org\/{rel}","templated":true}]}}