{"id":6570,"date":"2025-12-18T21:29:06","date_gmt":"2025-12-18T21:29:06","guid":{"rendered":"https:\/\/friburgonoticias.com.br\/temp\/2025\/12\/18\/mesa-diretora-da-camara-declara-a-perda-dos-mandatos-de-eduardo-bolsonaro-e-delegado-ramagem-noticias\/"},"modified":"2025-12-18T21:29:06","modified_gmt":"2025-12-18T21:29:06","slug":"mesa-diretora-da-camara-declara-a-perda-dos-mandatos-de-eduardo-bolsonaro-e-delegado-ramagem-noticias","status":"publish","type":"post","link":"https:\/\/friburgonoticias.com.br\/temp\/2025\/12\/18\/mesa-diretora-da-camara-declara-a-perda-dos-mandatos-de-eduardo-bolsonaro-e-delegado-ramagem-noticias\/","title":{"rendered":"Mesa Diretora da C\u00e2mara declara a perda dos mandatos de Eduardo Bolsonaro e Delegado Ramagem &#8211; Not\u00edcias"},"content":{"rendered":"<p><\/p>\n<div>\n<div>\n<p class=\"g-artigo__data-hora\">\n                      18\/12\/2025 &#8211; 18:17 \u00a0\n                    <\/p>\n<div id=\"image-container-1234839\" class=\"image-container\" style=\"float: none; margin: 45px 0px; width: 100%;\" data-midia=\"1234839\">\n<p>        Eduardo Bolsonaro e Delegado Ramagem\n        <\/p><\/div>\n<p>        A <span id=\"4072\" class=\"termoGlossario\" title=\"\u00d3rg\u00e3o respons\u00e1vel pela dire\u00e7\u00e3o dos trabalhos legislativos e dos servi\u00e7os administrativos da C\u00e2mara. \u00c9 composta por presidente, dois vice-presidentes e quatro secret\u00e1rios, al\u00e9m de quatro suplentes de secret\u00e1rios.\" contenteditable=\"false\" data-toggle=\"tooltip\" data-placement=\"top\">Mesa Diretora<\/span> da C\u00e2mara dos Deputados declarou nesta quinta-feira (18) a perda de mandato parlamentar dos deputados Eduardo Bolsonaro (PL-SP) e Delegado Ramagem (PL-RJ).<br \/>\n        O deputado Eduardo Bolsonaro perdeu o mandato por ter deixado de comparecer, na presente sess\u00e3o legislativa, a 1\/3 das sess\u00f5es deliberativas da C\u00e2mara, nos termos do artigo 55, inciso III e \u00a7 3\u00ba, da Constitui\u00e7\u00e3o.<br \/>\n        No caso do deputado Delegado Ramagem, a perda do mandato tamb\u00e9m foi com base no artigo 55, inciso III e \u00a7 3\u00ba, da Constitui\u00e7\u00e3o, tendo em vista que deixar\u00e1 de comparecer, na sess\u00e3o legislativa subsequente, a 1\/3 das sess\u00f5es deliberativas da C\u00e2mara.<\/p>\n<p style=\"font-size: 0.8rem; font-weight: 700;\">Da Reda\u00e7\u00e3o<\/p>\n<\/p><\/div>\n<\/p><\/div>\n<p><\/a><\/p>\n<p>Fonte: www.camara.leg.br<\/p>\n","protected":false},"excerpt":{"rendered":"<p>18\/12\/2025 &#8211; 18:17 \u00a0 Eduardo Bolsonaro e Delegado Ramagem A Mesa Diretora da C\u00e2mara dos Deputados declarou nesta quinta-feira (18) a perda de mandato parlamentar dos deputados Eduardo Bolsonaro (PL-SP) e Delegado Ramagem (PL-RJ). O deputado Eduardo Bolsonaro perdeu o mandato por ter deixado de comparecer, na presente sess\u00e3o legislativa, a 1\/3 das sess\u00f5es deliberativas [&hellip;]<\/p>\n","protected":false},"author":3,"featured_media":6571,"comment_status":"open","ping_status":"open","sticky":false,"template":"","format":"standard","meta":{"advanced_seo_description":"","jetpack_seo_html_title":"","jetpack_seo_noindex":false,"fifu_image_url":"https:\/\/www.camara.leg.br\/midias\/image\/2025\/12\/eduardo-bolsonaro-e-delegado-ramagem-768x515.jpg","fifu_image_alt":"","_jetpack_memberships_contains_paid_content":false,"footnotes":"","jetpack_publicize_message":"","jetpack_publicize_feature_enabled":true,"jetpack_social_post_already_shared":true,"jetpack_social_options":{"image_generator_settings":{"template":"highway","default_image_id":0,"font":"","enabled":false},"version":2}},"categories":[107],"tags":[],"class_list":{"0":"post-6570","1":"post","2":"type-post","3":"status-publish","4":"format-standard","5":"has-post-thumbnail","7":"category-economia"},"jetpack_publicize_connections":[],"jetpack_featured_media_url":"https:\/\/i0.wp.com\/www.camara.leg.br\/midias\/image\/2025\/12\/eduardo-bolsonaro-e-delegado-ramagem-768x515.jpg?fit=%2C&ssl=1","jetpack_sharing_enabled":true,"jetpack-related-posts":[],"_links":{"self":[{"href":"https:\/\/friburgonoticias.com.br\/temp\/wp-json\/wp\/v2\/posts\/6570","targetHints":{"allow":["GET"]}}],"collection":[{"href":"https:\/\/friburgonoticias.com.br\/temp\/wp-json\/wp\/v2\/posts"}],"about":[{"href":"https:\/\/friburgonoticias.com.br\/temp\/wp-json\/wp\/v2\/types\/post"}],"author":[{"embeddable":true,"href":"https:\/\/friburgonoticias.com.br\/temp\/wp-json\/wp\/v2\/users\/3"}],"replies":[{"embeddable":true,"href":"https:\/\/friburgonoticias.com.br\/temp\/wp-json\/wp\/v2\/comments?post=6570"}],"version-history":[{"count":0,"href":"https:\/\/friburgonoticias.com.br\/temp\/wp-json\/wp\/v2\/posts\/6570\/revisions"}],"wp:featuredmedia":[{"embeddable":true,"href":"https:\/\/friburgonoticias.com.br\/temp\/wp-json\/wp\/v2\/media\/6571"}],"wp:attachment":[{"href":"https:\/\/friburgonoticias.com.br\/temp\/wp-json\/wp\/v2\/media?parent=6570"}],"wp:term":[{"taxonomy":"category","embeddable":true,"href":"https:\/\/friburgonoticias.com.br\/temp\/wp-json\/wp\/v2\/categories?post=6570"},{"taxonomy":"post_tag","embeddable":true,"href":"https:\/\/friburgonoticias.com.br\/temp\/wp-json\/wp\/v2\/tags?post=6570"}],"curies":[{"name":"wp","href":"https:\/\/api.w.org\/{rel}","templated":true}]}}