{"id":6586,"date":"2025-12-19T14:33:57","date_gmt":"2025-12-19T14:33:57","guid":{"rendered":"https:\/\/friburgonoticias.com.br\/temp\/2025\/12\/19\/posto-de-saude-e-evacuado-em-nova-friburgo-apos-ameaca-por-telefone\/"},"modified":"2025-12-19T14:33:57","modified_gmt":"2025-12-19T14:33:57","slug":"posto-de-saude-e-evacuado-em-nova-friburgo-apos-ameaca-por-telefone","status":"publish","type":"post","link":"https:\/\/friburgonoticias.com.br\/temp\/2025\/12\/19\/posto-de-saude-e-evacuado-em-nova-friburgo-apos-ameaca-por-telefone\/","title":{"rendered":"Posto de sa\u00fade \u00e9 evacuado em Nova Friburgo ap\u00f3s amea\u00e7a por telefone"},"content":{"rendered":"<p><\/p>\n<div id=\"post-58795\">\n<div class=\"post-header post-tp-13-header\">\n<div class=\"single-featured\">\n<img loading=\"lazy\" decoding=\"async\" data-lazyloaded=\"1\" src=\"https:\/\/www.serranewsrj.com.br\/wp-content\/uploads\/2025\/12\/suspiro-1130x580.jpg\" width=\"1130\" height=\"580\" alt=\"policia em frente ao posto de saude\"\/>                                         <span class=\"image-credit\">Foto: Marcos Medeiros \/ Serra News<\/span><\/div>\n<\/div>\n<div class=\"entry-content clearfix single-post-content\">\n<p style=\"text-align: justify;\">O posto de sa\u00fade do Suspiro, localizado na Rua General Os\u00f3rio, em <a href=\"https:\/\/www.serranewsrj.com.br\/noticias\/regiao-serrana\/nova-friburgo\">Nova Friburgo<\/a>, foi evacuado na manh\u00e3 de quinta-feira (18\/12) ap\u00f3s uma liga\u00e7\u00e3o telef\u00f4nica com amea\u00e7a atribu\u00edda a um suposto integrante de fac\u00e7\u00e3o criminosa.<\/p>\n<div class=\"rfh rfh-post-inline rfh-float-center rfh-align-center rfh-column-1 rfh-clearfix no-bg-box-model\">\n<div id=\"rfh-56146-169361554\" class=\"rfh-container rfh-type-image\" itemscope=\"\" itemtype=\"https:\/\/schema.org\/WPAdBlock\" data-adid=\"56146\" data-type=\"image\"><a itemprop=\"url\" class=\"rfh-link\" href=\"https:\/\/macae.rj.gov.br\/\" target=\"_blank\" rel=\"nofollow\"><img loading=\"lazy\" decoding=\"async\" data-lazyloaded=\"1\" width=\"1201\" height=\"301\" class=\"rfh-image\" src=\"https:\/\/www.serranewsrj.com.br\/wp-content\/uploads\/2025\/12\/1200x3001-ezgif.com-png-to-webp-converter.webp\" alt=\"Prefeitura de Maca\u00e9 \u2013 PI 20544 (Dezembro) \u2013 1230\u00d7200 pxl\"\/><\/a><\/div>\n<\/div>\n<p style=\"text-align: justify;\">Diante da situa\u00e7\u00e3o, a unidade foi esvaziada por medida de seguran\u00e7a e a ocorr\u00eancia registrada. Ap\u00f3s apura\u00e7\u00e3o, a Pol\u00edcia Civil classificou a amea\u00e7a como um trote.<\/p>\n<p style=\"text-align: justify;\">Apesar de a liga\u00e7\u00e3o ter sido considerada falsa, um boletim de ocorr\u00eancia foi formalizado. O atendimento no posto de sa\u00fade foi retomado normalmente na sexta-feira (19).<\/p>\n<\/div>\n<\/div>\n<div id=\"\">\n<a href=\"https:\/\/www.serranewsrj.com.br\/author\/admin-2\" title=\"Artigos de autor\"><br \/>\n<span class=\"post-author-avatar\" itemprop=\"image\"><img loading=\"lazy\" decoding=\"async\" data-lazyloaded=\"1\" alt=\"\" src=\"https:\/\/www.serranewsrj.com.br\/wp-content\/uploads\/2025\/03\/REDONDA-4-180x180.png\" class=\"avatar avatar-80 photo avatar-default\" height=\"80\" width=\"80\"\/><\/span><br \/>\n<\/a><\/p>\n<div class=\"post-author-bio\" itemprop=\"description\">A sua fonte segura de informa\u00e7\u00e3o no interior do Rio de Janeiro.<\/p>\n<\/div>\n<\/div>\n<p><\/a><\/p>\n<p>Fonte: www.serranewsrj.com.br<\/p>\n","protected":false},"excerpt":{"rendered":"<p>Foto: Marcos Medeiros \/ Serra News O posto de sa\u00fade do Suspiro, localizado na Rua General Os\u00f3rio, em Nova Friburgo, foi evacuado na manh\u00e3 de quinta-feira (18\/12) ap\u00f3s uma liga\u00e7\u00e3o telef\u00f4nica com amea\u00e7a atribu\u00edda a um suposto integrante de fac\u00e7\u00e3o criminosa. Diante da situa\u00e7\u00e3o, a unidade foi esvaziada por medida de seguran\u00e7a e a ocorr\u00eancia [&hellip;]<\/p>\n","protected":false},"author":3,"featured_media":6587,"comment_status":"open","ping_status":"open","sticky":false,"template":"","format":"standard","meta":{"advanced_seo_description":"","jetpack_seo_html_title":"","jetpack_seo_noindex":false,"fifu_image_url":"https:\/\/www.serranewsrj.com.br\/wp-content\/uploads\/2025\/12\/suspiro.jpg","fifu_image_alt":"","_jetpack_memberships_contains_paid_content":false,"footnotes":"","jetpack_publicize_message":"","jetpack_publicize_feature_enabled":true,"jetpack_social_post_already_shared":true,"jetpack_social_options":{"image_generator_settings":{"template":"highway","default_image_id":0,"font":"","enabled":false},"version":2}},"categories":[104,1],"tags":[],"class_list":{"0":"post-6586","1":"post","2":"type-post","3":"status-publish","4":"format-standard","5":"has-post-thumbnail","7":"category-cidade","8":"category-uncategorized"},"jetpack_publicize_connections":[],"jetpack_featured_media_url":"https:\/\/i0.wp.com\/www.serranewsrj.com.br\/wp-content\/uploads\/2025\/12\/suspiro.jpg?fit=%2C&ssl=1","jetpack_sharing_enabled":true,"jetpack-related-posts":[],"_links":{"self":[{"href":"https:\/\/friburgonoticias.com.br\/temp\/wp-json\/wp\/v2\/posts\/6586","targetHints":{"allow":["GET"]}}],"collection":[{"href":"https:\/\/friburgonoticias.com.br\/temp\/wp-json\/wp\/v2\/posts"}],"about":[{"href":"https:\/\/friburgonoticias.com.br\/temp\/wp-json\/wp\/v2\/types\/post"}],"author":[{"embeddable":true,"href":"https:\/\/friburgonoticias.com.br\/temp\/wp-json\/wp\/v2\/users\/3"}],"replies":[{"embeddable":true,"href":"https:\/\/friburgonoticias.com.br\/temp\/wp-json\/wp\/v2\/comments?post=6586"}],"version-history":[{"count":0,"href":"https:\/\/friburgonoticias.com.br\/temp\/wp-json\/wp\/v2\/posts\/6586\/revisions"}],"wp:featuredmedia":[{"embeddable":true,"href":"https:\/\/friburgonoticias.com.br\/temp\/wp-json\/wp\/v2\/media\/6587"}],"wp:attachment":[{"href":"https:\/\/friburgonoticias.com.br\/temp\/wp-json\/wp\/v2\/media?parent=6586"}],"wp:term":[{"taxonomy":"category","embeddable":true,"href":"https:\/\/friburgonoticias.com.br\/temp\/wp-json\/wp\/v2\/categories?post=6586"},{"taxonomy":"post_tag","embeddable":true,"href":"https:\/\/friburgonoticias.com.br\/temp\/wp-json\/wp\/v2\/tags?post=6586"}],"curies":[{"name":"wp","href":"https:\/\/api.w.org\/{rel}","templated":true}]}}