{"id":6610,"date":"2025-12-20T09:28:21","date_gmt":"2025-12-20T09:28:21","guid":{"rendered":"https:\/\/friburgonoticias.com.br\/temp\/2025\/12\/20\/policia-ambiental-resgata-20-passaros-de-cativeiro-em-nova-friburgo\/"},"modified":"2025-12-20T09:28:21","modified_gmt":"2025-12-20T09:28:21","slug":"policia-ambiental-resgata-20-passaros-de-cativeiro-em-nova-friburgo","status":"publish","type":"post","link":"https:\/\/friburgonoticias.com.br\/temp\/2025\/12\/20\/policia-ambiental-resgata-20-passaros-de-cativeiro-em-nova-friburgo\/","title":{"rendered":"Pol\u00edcia ambiental resgata 20 p\u00e1ssaros de cativeiro em Nova Friburgo"},"content":{"rendered":"<p><\/p>\n<div id=\"post-58840\">\n<div class=\"post-header post-tp-13-header\">\n<div class=\"single-featured\">\n<img loading=\"lazy\" decoding=\"async\" data-lazyloaded=\"1\" src=\"https:\/\/www.serranewsrj.com.br\/wp-content\/uploads\/2025\/12\/WhatsApp-Image-2025-12-19-at-15.12.24-1130x580.jpeg\" width=\"1130\" height=\"580\" alt=\"\"\/><\/div>\n<\/div>\n<div class=\"entry-content clearfix single-post-content\">\n<p style=\"text-align: justify;\" data-start=\"157\" data-end=\"381\">Vinte p\u00e1ssaros da fauna silvestre brasileira foram resgatados de cativeiro na sexta-feira (19\/12), em <a href=\"https:\/\/www.serranewsrj.com.br\/noticias\/regiao-serrana\/nova-friburgo\">Nova Friburgo<\/a>, na Regi\u00e3o Serrana do Rio de Janeiro, ap\u00f3s uma den\u00fancia feita ao programa Linha Verde, do Disque Den\u00fancia.<\/p>\n<div class=\"rfh rfh-post-inline rfh-float-center rfh-align-center rfh-column-1 rfh-clearfix no-bg-box-model\">\n<div id=\"rfh-56146-2142859175\" class=\"rfh-container rfh-type-image\" itemscope=\"\" itemtype=\"https:\/\/schema.org\/WPAdBlock\" data-adid=\"56146\" data-type=\"image\"><a itemprop=\"url\" class=\"rfh-link\" href=\"https:\/\/macae.rj.gov.br\/\" target=\"_blank\" rel=\"nofollow\"><img loading=\"lazy\" decoding=\"async\" data-lazyloaded=\"1\" width=\"1201\" height=\"301\" class=\"rfh-image\" src=\"https:\/\/www.serranewsrj.com.br\/wp-content\/uploads\/2025\/12\/1200x3001-ezgif.com-png-to-webp-converter.webp\" alt=\"Prefeitura de Maca\u00e9 \u2013 PI 20544 (Dezembro) \u2013 1230\u00d7200 pxl\"\/><\/a><\/div>\n<\/div>\n<p style=\"text-align: justify;\" data-start=\"383\" data-end=\"730\">Policiais da Unidade de Policiamento Ambiental do Parque Estadual dos Tr\u00eas Picos foram at\u00e9 uma resid\u00eancia na Rua Jos\u00e9 Acidino Pinto, no bairro Rui Sanglard, e encontraram diversas gaiolas penduradas em uma varanda. Um morador informou que as aves pertenciam ao pai, que n\u00e3o estava no local, e que desconhecia a necessidade de licen\u00e7as para mant\u00ea-las.<\/p>\n<p style=\"text-align: justify;\" data-start=\"732\" data-end=\"1022\">Ao todo, foram resgatados 15 xanx\u00f5es, tr\u00eas tizius, um coleiro e uma cigarrinha. A ocorr\u00eancia foi registrada na 159\u00aa DP e as aves foram encaminhadas ao Centro de Triagem de Animais Silvestres (CETAS), em Serop\u00e9dica, onde receber\u00e3o cuidados antes de serem reintroduzidas ao habitat natural.<\/p>\n<p style=\"text-align: justify;\" data-start=\"1024\" data-end=\"1342\">O Linha Verde refor\u00e7a que den\u00fancias de crimes ambientais podem ser feitas 24 horas por dia, pelos telefones (21) 2253-1177 e 0300 253 1177 (WhatsApp anonimizado), pelo aplicativo \u201cDisque Den\u00fancia RJ\u201d ou pelo site <a class=\"decorated-link\" href=\"http:\/\/www.disquedenuncia.org.br\" target=\"_new\" rel=\"noopener\" data-start=\"1235\" data-end=\"1296\">www.disquedenuncia.org.br.<\/a><\/p>\n<div class=\"rfh rfh-post-inline rfh-float-center rfh-align-center rfh-column-1 rfh-clearfix no-bg-box-model\">\n<div id=\"rfh-56737-894083444\" class=\"rfh-container rfh-type-image\" itemscope=\"\" itemtype=\"https:\/\/schema.org\/WPAdBlock\" data-adid=\"56737\" data-type=\"image\"><a itemprop=\"url\" class=\"rfh-link\" href=\"https:\/\/www.instagram.com\/euclidesemfoco?utm_source=ig_web_button_share_sheet&amp;igsh=ZDNlZDc0MzIxNw==\" target=\"_blank\" rel=\"nofollow\"><img loading=\"lazy\" decoding=\"async\" data-lazyloaded=\"1\" width=\"1200\" height=\"400\" class=\"rfh-image\" src=\"https:\/\/www.serranewsrj.com.br\/wp-content\/uploads\/2025\/12\/IMG_4879-ezgif.com-png-to-webp-converter.webp\" alt=\"Euclides em Foco \u2013 Outubro (1200\u00d7400 pxl) WebP\"\/><\/a><\/div>\n<\/div>\n<\/div>\n<\/div>\n<div id=\"\">\n<a href=\"https:\/\/www.serranewsrj.com.br\/author\/admin-2\" title=\"Artigos de autor\"><br \/>\n<span class=\"post-author-avatar\" itemprop=\"image\"><img loading=\"lazy\" decoding=\"async\" data-lazyloaded=\"1\" alt=\"\" src=\"https:\/\/www.serranewsrj.com.br\/wp-content\/uploads\/2025\/03\/REDONDA-4-180x180.png\" class=\"avatar avatar-80 photo avatar-default\" height=\"80\" width=\"80\"\/><\/span><br \/>\n<\/a><\/p>\n<div class=\"post-author-bio\" itemprop=\"description\">A sua fonte segura de informa\u00e7\u00e3o no interior do Rio de Janeiro.<\/p>\n<\/div>\n<\/div>\n<p><script async src=\"\/\/www.instagram.com\/embed.js\"><\/script><br \/>\n<br \/><\/a><\/p>\n<p>Fonte: www.serranewsrj.com.br<\/p>\n","protected":false},"excerpt":{"rendered":"<p>Vinte p\u00e1ssaros da fauna silvestre brasileira foram resgatados de cativeiro na sexta-feira (19\/12), em Nova Friburgo, na Regi\u00e3o Serrana do Rio de Janeiro, ap\u00f3s uma den\u00fancia feita ao programa Linha Verde, do Disque Den\u00fancia. Policiais da Unidade de Policiamento Ambiental do Parque Estadual dos Tr\u00eas Picos foram at\u00e9 uma resid\u00eancia na Rua Jos\u00e9 Acidino Pinto, [&hellip;]<\/p>\n","protected":false},"author":3,"featured_media":6611,"comment_status":"open","ping_status":"open","sticky":false,"template":"","format":"standard","meta":{"advanced_seo_description":"","jetpack_seo_html_title":"","jetpack_seo_noindex":false,"fifu_image_url":"https:\/\/www.serranewsrj.com.br\/wp-content\/uploads\/2025\/12\/WhatsApp-Image-2025-12-19-at-15.12.24.jpeg","fifu_image_alt":"","_jetpack_memberships_contains_paid_content":false,"footnotes":"","jetpack_publicize_message":"","jetpack_publicize_feature_enabled":true,"jetpack_social_post_already_shared":true,"jetpack_social_options":{"image_generator_settings":{"template":"highway","default_image_id":0,"font":"","enabled":false},"version":2}},"categories":[104,1],"tags":[],"class_list":{"0":"post-6610","1":"post","2":"type-post","3":"status-publish","4":"format-standard","5":"has-post-thumbnail","7":"category-cidade","8":"category-uncategorized"},"jetpack_publicize_connections":[],"jetpack_featured_media_url":"https:\/\/i0.wp.com\/www.serranewsrj.com.br\/wp-content\/uploads\/2025\/12\/WhatsApp-Image-2025-12-19-at-15.12.24.jpeg?fit=%2C&ssl=1","jetpack_sharing_enabled":true,"jetpack-related-posts":[],"_links":{"self":[{"href":"https:\/\/friburgonoticias.com.br\/temp\/wp-json\/wp\/v2\/posts\/6610","targetHints":{"allow":["GET"]}}],"collection":[{"href":"https:\/\/friburgonoticias.com.br\/temp\/wp-json\/wp\/v2\/posts"}],"about":[{"href":"https:\/\/friburgonoticias.com.br\/temp\/wp-json\/wp\/v2\/types\/post"}],"author":[{"embeddable":true,"href":"https:\/\/friburgonoticias.com.br\/temp\/wp-json\/wp\/v2\/users\/3"}],"replies":[{"embeddable":true,"href":"https:\/\/friburgonoticias.com.br\/temp\/wp-json\/wp\/v2\/comments?post=6610"}],"version-history":[{"count":0,"href":"https:\/\/friburgonoticias.com.br\/temp\/wp-json\/wp\/v2\/posts\/6610\/revisions"}],"wp:featuredmedia":[{"embeddable":true,"href":"https:\/\/friburgonoticias.com.br\/temp\/wp-json\/wp\/v2\/media\/6611"}],"wp:attachment":[{"href":"https:\/\/friburgonoticias.com.br\/temp\/wp-json\/wp\/v2\/media?parent=6610"}],"wp:term":[{"taxonomy":"category","embeddable":true,"href":"https:\/\/friburgonoticias.com.br\/temp\/wp-json\/wp\/v2\/categories?post=6610"},{"taxonomy":"post_tag","embeddable":true,"href":"https:\/\/friburgonoticias.com.br\/temp\/wp-json\/wp\/v2\/tags?post=6610"}],"curies":[{"name":"wp","href":"https:\/\/api.w.org\/{rel}","templated":true}]}}