{"id":6618,"date":"2025-12-20T20:17:41","date_gmt":"2025-12-20T20:17:41","guid":{"rendered":"https:\/\/friburgonoticias.com.br\/temp\/2025\/12\/20\/vereadores-e-secretariado-de-paes-se-enfrentam-mas-terminam-com-empate-em-futebol-de-fim-de-ano\/"},"modified":"2025-12-20T20:17:41","modified_gmt":"2025-12-20T20:17:41","slug":"vereadores-e-secretariado-de-paes-se-enfrentam-mas-terminam-com-empate-em-futebol-de-fim-de-ano","status":"publish","type":"post","link":"https:\/\/friburgonoticias.com.br\/temp\/2025\/12\/20\/vereadores-e-secretariado-de-paes-se-enfrentam-mas-terminam-com-empate-em-futebol-de-fim-de-ano\/","title":{"rendered":"Vereadores e secretariado de Paes se enfrentam, mas terminam com empate em futebol de fim de ano"},"content":{"rendered":"<p><\/p>\n<div itemprop=\"articleBody\">\nEm um ano marcado por um certo \u201cvai e vem\u201d entre legislativo e prefeitura, os vereadores do Rio e o secretariado do prefeito Eduardo Paes (PSD) resolveram fechar o ano se enfrentando \u2014 s\u00f3 que nos gramados. Neste s\u00e1bado (20), os pol\u00edticos usaram o espa\u00e7o do Est\u00e1dio do Nilton Santos, do Botafogo, para bater uma \u201cpelada\u201d de fim de ano.<\/p>\n<p>A confraterniza\u00e7\u00e3o terminou em empate. Leandro Marques, subprefeito da Barra, garantiu o gol da Prefeitura, enquanto o vereador Rafael Alo\u00edsio Freitas (PSD), que \u00e9 da base de Paes, driblou colegas de partido para marcar o gol da C\u00e2mara. O resultado foi parecido com o da partida \u201cde compadres\u201d <a href=\"https:\/\/temporealrj.com\/apos-golear-alerj-camara-fc-fica-no-empate-com-prefeitura\/\">do ano passado, que terminou em 2 x 2<\/a>.<\/p>\n<p>Quem organizou a confraterniza\u00e7\u00e3o foi o M\u00e1rcio Ribeiro (PSD), da C\u00e2mara dos vereadores. No \u00faltimo ano, al\u00e9m dos colegas da Prefeitura, os vereadores <a href=\"https:\/\/temporealrj.com\/camara-goleia-alerj-por-4x2-no-classico-legislativo-veja-o-video\/\">tamb\u00e9m enfrentaram os deputados da Assembleia Legislativa do Rio (Alerj)<\/a>. Com a tens\u00e3o de \u201cfim de campeonato\u201d que o Legislativo estadual vive nos \u00faltimos dias, a disputa desse ano ainda n\u00e3o foi confirmada.\n<\/div>\n<p><\/a><\/p>\n<p>Fonte: temporealrj.com<\/p>\n","protected":false},"excerpt":{"rendered":"<p>Em um ano marcado por um certo \u201cvai e vem\u201d entre legislativo e prefeitura, os vereadores do Rio e o secretariado do prefeito Eduardo Paes (PSD) resolveram fechar o ano se enfrentando \u2014 s\u00f3 que nos gramados. Neste s\u00e1bado (20), os pol\u00edticos usaram o espa\u00e7o do Est\u00e1dio do Nilton Santos, do Botafogo, para bater uma [&hellip;]<\/p>\n","protected":false},"author":3,"featured_media":6619,"comment_status":"open","ping_status":"open","sticky":false,"template":"","format":"standard","meta":{"advanced_seo_description":"","jetpack_seo_html_title":"","jetpack_seo_noindex":false,"fifu_image_url":"https:\/\/temporealrj.com\/wp-content\/uploads\/2025\/12\/WhatsApp-Image-2025-12-20-at-16.53.15-e1766261430691.jpeg","fifu_image_alt":"","_jetpack_memberships_contains_paid_content":false,"footnotes":"","jetpack_publicize_message":"","jetpack_publicize_feature_enabled":true,"jetpack_social_post_already_shared":true,"jetpack_social_options":{"image_generator_settings":{"template":"highway","default_image_id":0,"font":"","enabled":false},"version":2}},"categories":[107],"tags":[],"class_list":{"0":"post-6618","1":"post","2":"type-post","3":"status-publish","4":"format-standard","5":"has-post-thumbnail","7":"category-economia"},"jetpack_publicize_connections":[],"jetpack_featured_media_url":"https:\/\/i0.wp.com\/temporealrj.com\/wp-content\/uploads\/2025\/12\/WhatsApp-Image-2025-12-20-at-16.53.15-e1766261430691.jpeg?fit=%2C&ssl=1","jetpack_sharing_enabled":true,"jetpack-related-posts":[],"_links":{"self":[{"href":"https:\/\/friburgonoticias.com.br\/temp\/wp-json\/wp\/v2\/posts\/6618","targetHints":{"allow":["GET"]}}],"collection":[{"href":"https:\/\/friburgonoticias.com.br\/temp\/wp-json\/wp\/v2\/posts"}],"about":[{"href":"https:\/\/friburgonoticias.com.br\/temp\/wp-json\/wp\/v2\/types\/post"}],"author":[{"embeddable":true,"href":"https:\/\/friburgonoticias.com.br\/temp\/wp-json\/wp\/v2\/users\/3"}],"replies":[{"embeddable":true,"href":"https:\/\/friburgonoticias.com.br\/temp\/wp-json\/wp\/v2\/comments?post=6618"}],"version-history":[{"count":0,"href":"https:\/\/friburgonoticias.com.br\/temp\/wp-json\/wp\/v2\/posts\/6618\/revisions"}],"wp:featuredmedia":[{"embeddable":true,"href":"https:\/\/friburgonoticias.com.br\/temp\/wp-json\/wp\/v2\/media\/6619"}],"wp:attachment":[{"href":"https:\/\/friburgonoticias.com.br\/temp\/wp-json\/wp\/v2\/media?parent=6618"}],"wp:term":[{"taxonomy":"category","embeddable":true,"href":"https:\/\/friburgonoticias.com.br\/temp\/wp-json\/wp\/v2\/categories?post=6618"},{"taxonomy":"post_tag","embeddable":true,"href":"https:\/\/friburgonoticias.com.br\/temp\/wp-json\/wp\/v2\/tags?post=6618"}],"curies":[{"name":"wp","href":"https:\/\/api.w.org\/{rel}","templated":true}]}}