{"id":6636,"date":"2025-12-22T17:32:46","date_gmt":"2025-12-22T17:32:46","guid":{"rendered":"https:\/\/friburgonoticias.com.br\/temp\/2025\/12\/22\/confira-os-programas-imperdiveis-para-curtir-a-estacao\/"},"modified":"2025-12-22T17:32:46","modified_gmt":"2025-12-22T17:32:46","slug":"confira-os-programas-imperdiveis-para-curtir-a-estacao","status":"publish","type":"post","link":"https:\/\/friburgonoticias.com.br\/temp\/2025\/12\/22\/confira-os-programas-imperdiveis-para-curtir-a-estacao\/","title":{"rendered":"confira os programas imperd\u00edveis para curtir a esta\u00e7\u00e3o"},"content":{"rendered":"<p><\/p>\n<div>\n<p style=\"text-align: justify;\" data-start=\"187\" data-end=\"534\"><a href=\"https:\/\/www.serranewsrj.com.br\/noticias\/regiao-serrana\/nova-friburgo\">Nova Friburgo<\/a>, localizada na Serra Verde Imperial e cercada pela Mata Atl\u00e2ntica, a cerca de 140 km do Rio de Janeiro, se destaca como um dos destinos tur\u00edsticos mais vers\u00e1teis do estado. Com clima ameno e paisagens exuberantes, a cidade se torna um convite para o ecoturismo, passeios ao ar livre e turismo rural, principalmente durante o ver\u00e3o.<\/p>\n<div class=\"rfh rfh-post-inline rfh-float-center rfh-align-center rfh-column-1 rfh-clearfix no-bg-box-model\">\n<div id=\"rfh-56146-325662134\" class=\"rfh-container rfh-type-image\" itemscope=\"\" itemtype=\"https:\/\/schema.org\/WPAdBlock\" data-adid=\"56146\" data-type=\"image\"><a itemprop=\"url\" class=\"rfh-link\" href=\"https:\/\/macae.rj.gov.br\/\" target=\"_blank\" rel=\"nofollow\"><img loading=\"lazy\" decoding=\"async\" data-lazyloaded=\"1\" width=\"1201\" height=\"301\" class=\"rfh-image\" src=\"https:\/\/www.serranewsrj.com.br\/wp-content\/uploads\/2025\/12\/1200x3001-ezgif.com-png-to-webp-converter.webp\" alt=\"Prefeitura de Maca\u00e9 \u2013 PI 20544 (Dezembro) \u2013 1230\u00d7200 pxl\"\/><\/a><\/div>\n<\/div>\n<p style=\"text-align: justify;\" data-start=\"536\" data-end=\"912\">Um dos principais pontos tur\u00edsticos da cidade \u00e9 o Telef\u00e9rico da Pra\u00e7a do Suspiro, inaugurado em 1975. Com cerca de 1.500 metros de extens\u00e3o, o telef\u00e9rico leva os visitantes ao alto do Morro da Cruz, oferecendo vistas panor\u00e2micas da cidade e da regi\u00e3o serrana. No trajeto, h\u00e1 op\u00e7\u00f5es de lazer, como boliche, restaurante e mirantes que encantam turistas de todas as idades.<\/p>\n<blockquote class=\"instagram-media\" style=\"background: #FFF; border: 0; border-radius: 3px; box-shadow: 0 0 1px 0 rgba(0,0,0,0.5),0 1px 10px 0 rgba(0,0,0,0.15); margin: 1px; max-width: 540px; min-width: 326px; padding: 0; width: calc(100% - 2px);\" data-instgrm-permalink=\"https:\/\/www.instagram.com\/p\/DSkvDFrEbmP\/?utm_source=ig_embed&amp;utm_campaign=loading\" data-instgrm-version=\"14\"\/>\n<div class=\"rfh rfh-post-inline rfh-float-center rfh-align-center rfh-column-1 rfh-clearfix no-bg-box-model\">\n<div id=\"rfh-56737-1656840950\" class=\"rfh-container rfh-type-image\" itemscope=\"\" itemtype=\"https:\/\/schema.org\/WPAdBlock\" data-adid=\"56737\" data-type=\"image\"><a itemprop=\"url\" class=\"rfh-link\" href=\"https:\/\/www.instagram.com\/euclidesemfoco?utm_source=ig_web_button_share_sheet&amp;igsh=ZDNlZDc0MzIxNw==\" target=\"_blank\" rel=\"nofollow\"><img loading=\"lazy\" decoding=\"async\" data-lazyloaded=\"1\" width=\"1200\" height=\"400\" class=\"rfh-image\" src=\"https:\/\/www.serranewsrj.com.br\/wp-content\/uploads\/2025\/12\/IMG_4879-ezgif.com-png-to-webp-converter.webp\" alt=\"Euclides em Foco \u2013 Outubro (1200\u00d7400 pxl) WebP\"\/><\/a><\/div>\n<\/div>\n<p style=\"text-align: justify;\" data-start=\"914\" data-end=\"1297\">O turismo rural em <a href=\"https:\/\/www.serranewsrj.com.br\/noticias\/regiao-serrana\/nova-friburgo\">Nova Friburgo<\/a> tamb\u00e9m \u00e9 destaque, e a Fazenda de Flores Heckert \u00e9 um exemplo perfeito. A propriedade oferece passeios por estufas de flores de corte, hortos com plantas ornamentais e \u00e1reas com animais como lhamas, pav\u00f5es e coelhos. Al\u00e9m disso, os visitantes podem aproveitar a cafeteria com card\u00e1pio regional e registrar fotos em cen\u00e1rios naturais \u00fanicos.<\/p>\n<p style=\"text-align: justify;\" data-start=\"1299\" data-end=\"1733\">Para quem gosta de trilhas e aventura ao ar livre, o Parque Ecol\u00f3gico do C\u00e3o Sentado \u00e9 parada obrigat\u00f3ria. Com a famosa Pedra do C\u00e3o Sentado, de 111 metros de altura, o parque oferece trilhas de 760 metros at\u00e9 o mirante principal, passando por cavernas, mirantes e \u00e1reas preservadas da Mata Atl\u00e2ntica. O local conta ainda com espa\u00e7o para piquenique, parquinho infantil e biciclet\u00e1rio, ideal para fam\u00edlias e grupos de amigos.<\/p>\n<div class=\"rfh rfh-post-inline rfh-float-center rfh-align-center rfh-column-1 rfh-clearfix no-bg-box-model\">\n<div id=\"rfh-52933-1548064986\" class=\"rfh-container rfh-type-image\" itemscope=\"\" itemtype=\"https:\/\/schema.org\/WPAdBlock\" data-adid=\"52933\" data-type=\"image\"><a itemprop=\"url\" class=\"rfh-link\" href=\"https:\/\/jmfsaude.com.br\/\" target=\"_blank\" rel=\"nofollow\"><img loading=\"lazy\" decoding=\"async\" data-lazyloaded=\"1\" width=\"1200\" height=\"400\" class=\"rfh-image\" src=\"https:\/\/www.serranewsrj.com.br\/wp-content\/uploads\/2025\/03\/bannersiteJMF-ezgif.com-png-to-webp-converter.webp\" alt=\"JMF Solu\u00e7\u00f5es em Sa\u00fade \u2013 1200\u00d7400 pxl WebP\"\/><\/a><\/div>\n<\/div>\n<p style=\"text-align: justify;\" data-start=\"1735\" data-end=\"2164\">Os distritos de Lumiar e S\u00e3o Pedro da Serra, a cerca de 30 km do centro de Nova Friburgo, completam o roteiro de ver\u00e3o. Conhecidos por rios, cachoeiras e po\u00e7os, os vilarejos atraem turistas em busca de lazer, passeios em meio \u00e0 natureza e experi\u00eancias gastron\u00f4micas. Lumiar se destaca pela tranquilidade e restaurantes r\u00fasticos, enquanto S\u00e3o Pedro da Serra preserva tradi\u00e7\u00f5es culturais e trilhas em meio \u00e0 paisagem serrana.<\/p>\n<\/div>\n<p><script async src=\"\/\/www.instagram.com\/embed.js\"><\/script><br \/>\n<br \/><\/a><\/p>\n<p>Fonte: www.serranewsrj.com.br<\/p>\n","protected":false},"excerpt":{"rendered":"<p>Nova Friburgo, localizada na Serra Verde Imperial e cercada pela Mata Atl\u00e2ntica, a cerca de 140 km do Rio de Janeiro, se destaca como um dos destinos tur\u00edsticos mais vers\u00e1teis do estado. Com clima ameno e paisagens exuberantes, a cidade se torna um convite para o ecoturismo, passeios ao ar livre e turismo rural, principalmente [&hellip;]<\/p>\n","protected":false},"author":3,"featured_media":6637,"comment_status":"open","ping_status":"open","sticky":false,"template":"","format":"standard","meta":{"advanced_seo_description":"","jetpack_seo_html_title":"","jetpack_seo_noindex":false,"fifu_image_url":"https:\/\/www.serranewsrj.com.br\/wp-content\/uploads\/2025\/12\/friburgo.jpeg","fifu_image_alt":"","_jetpack_memberships_contains_paid_content":false,"footnotes":"","jetpack_publicize_message":"","jetpack_publicize_feature_enabled":true,"jetpack_social_post_already_shared":true,"jetpack_social_options":{"image_generator_settings":{"template":"highway","default_image_id":0,"font":"","enabled":false},"version":2}},"categories":[104,1],"tags":[],"class_list":{"0":"post-6636","1":"post","2":"type-post","3":"status-publish","4":"format-standard","5":"has-post-thumbnail","7":"category-cidade","8":"category-uncategorized"},"jetpack_publicize_connections":[],"jetpack_featured_media_url":"https:\/\/i0.wp.com\/www.serranewsrj.com.br\/wp-content\/uploads\/2025\/12\/friburgo.jpeg?fit=%2C&ssl=1","jetpack_sharing_enabled":true,"jetpack-related-posts":[],"_links":{"self":[{"href":"https:\/\/friburgonoticias.com.br\/temp\/wp-json\/wp\/v2\/posts\/6636","targetHints":{"allow":["GET"]}}],"collection":[{"href":"https:\/\/friburgonoticias.com.br\/temp\/wp-json\/wp\/v2\/posts"}],"about":[{"href":"https:\/\/friburgonoticias.com.br\/temp\/wp-json\/wp\/v2\/types\/post"}],"author":[{"embeddable":true,"href":"https:\/\/friburgonoticias.com.br\/temp\/wp-json\/wp\/v2\/users\/3"}],"replies":[{"embeddable":true,"href":"https:\/\/friburgonoticias.com.br\/temp\/wp-json\/wp\/v2\/comments?post=6636"}],"version-history":[{"count":0,"href":"https:\/\/friburgonoticias.com.br\/temp\/wp-json\/wp\/v2\/posts\/6636\/revisions"}],"wp:featuredmedia":[{"embeddable":true,"href":"https:\/\/friburgonoticias.com.br\/temp\/wp-json\/wp\/v2\/media\/6637"}],"wp:attachment":[{"href":"https:\/\/friburgonoticias.com.br\/temp\/wp-json\/wp\/v2\/media?parent=6636"}],"wp:term":[{"taxonomy":"category","embeddable":true,"href":"https:\/\/friburgonoticias.com.br\/temp\/wp-json\/wp\/v2\/categories?post=6636"},{"taxonomy":"post_tag","embeddable":true,"href":"https:\/\/friburgonoticias.com.br\/temp\/wp-json\/wp\/v2\/tags?post=6636"}],"curies":[{"name":"wp","href":"https:\/\/api.w.org\/{rel}","templated":true}]}}