{"id":6638,"date":"2025-12-22T18:33:29","date_gmt":"2025-12-22T18:33:29","guid":{"rendered":"https:\/\/friburgonoticias.com.br\/temp\/2025\/12\/22\/fantasiado-de-mario-lider-do-pl-em-japeri-critica-buracos-na-cidade-em-video-nas-redes\/"},"modified":"2025-12-22T18:33:29","modified_gmt":"2025-12-22T18:33:29","slug":"fantasiado-de-mario-lider-do-pl-em-japeri-critica-buracos-na-cidade-em-video-nas-redes","status":"publish","type":"post","link":"https:\/\/friburgonoticias.com.br\/temp\/2025\/12\/22\/fantasiado-de-mario-lider-do-pl-em-japeri-critica-buracos-na-cidade-em-video-nas-redes\/","title":{"rendered":"Fantasiado de Mario, l\u00edder do PL em Japeri critica buracos na cidade em v\u00eddeo nas redes"},"content":{"rendered":"<p><\/p>\n<div itemprop=\"articleBody\">\nO ex-vereador e presidente do PL em Japeri, Tiago Careca, publicou um<a href=\"https:\/\/www.instagram.com\/p\/DRWzYolEZ70\/\" target=\"_blank\" rel=\"noopener\"> v\u00eddeo nas redes sociais em que usa refer\u00eancias do jogo Super Mario para criticar a paralisa\u00e7\u00e3o do servi\u00e7o de tapa-buracos<\/a> nas ruas do munic\u00edpio da Baixada Fluminense.<\/p>\n<p>Vestido como o personagem, Careca caminha por vias esburacadas de bairros como Nova Bel\u00e9m, Mucaj\u00e1, Rua da Cruz, Bonfim, Centro, Chacrinho e Santa Branca, simulando \u201cfases\u201d do videogame. Em um dos trechos, ele chega a entrar em um buraco, em alus\u00e3o aos canos do jogo.<\/p>\n<p>No v\u00eddeo, o ex-vereador afirma que, segundo informa\u00e7\u00f5es dispon\u00edveis no site da Prefeitura, n\u00e3o h\u00e1 registros de servi\u00e7os de tapa-buracos desde mar\u00e7o de 2024. \u201cEu sei que voc\u00ea t\u00e1 achando que \u00e9 uma nova fase, mas n\u00e3o \u00e9. \u00c9 outro bairro e o mesmo buraco\u201d, diz.<\/p>\n<p>Nas elei\u00e7\u00f5es de 2024, Tiago Careca foi apoiado pelo senador Fl\u00e1vio Bolsonaro (PL) e <a href=\"https:\/\/temporealrj.com\/prefeita-fernanda-ontiveros-pt-e-reeleita-em-japeri\/\">ficou em terceiro lugar na disputa pela Prefeitura de Japeri<\/a>, com 23,87% dos votos v\u00e1lidos.\n<\/div>\n<p><script async src=\"\/\/www.instagram.com\/embed.js\"><\/script><br \/>\n<br \/><\/a><\/p>\n<p>Fonte: temporealrj.com<\/p>\n","protected":false},"excerpt":{"rendered":"<p>O ex-vereador e presidente do PL em Japeri, Tiago Careca, publicou um v\u00eddeo nas redes sociais em que usa refer\u00eancias do jogo Super Mario para criticar a paralisa\u00e7\u00e3o do servi\u00e7o de tapa-buracos nas ruas do munic\u00edpio da Baixada Fluminense. Vestido como o personagem, Careca caminha por vias esburacadas de bairros como Nova Bel\u00e9m, Mucaj\u00e1, Rua [&hellip;]<\/p>\n","protected":false},"author":3,"featured_media":6639,"comment_status":"open","ping_status":"open","sticky":false,"template":"","format":"standard","meta":{"advanced_seo_description":"","jetpack_seo_html_title":"","jetpack_seo_noindex":false,"fifu_image_url":"https:\/\/temporealrj.com\/wp-content\/uploads\/2025\/12\/Captura-de-tela-2025-12-22-144008.png","fifu_image_alt":"","_jetpack_memberships_contains_paid_content":false,"footnotes":"","jetpack_publicize_message":"","jetpack_publicize_feature_enabled":true,"jetpack_social_post_already_shared":true,"jetpack_social_options":{"image_generator_settings":{"template":"highway","default_image_id":0,"font":"","enabled":false},"version":2}},"categories":[106,1],"tags":[],"class_list":{"0":"post-6638","1":"post","2":"type-post","3":"status-publish","4":"format-standard","5":"has-post-thumbnail","7":"category-politica","8":"category-uncategorized"},"jetpack_publicize_connections":[],"jetpack_featured_media_url":"https:\/\/i0.wp.com\/temporealrj.com\/wp-content\/uploads\/2025\/12\/Captura-de-tela-2025-12-22-144008.png?fit=%2C&ssl=1","jetpack_sharing_enabled":true,"jetpack-related-posts":[],"_links":{"self":[{"href":"https:\/\/friburgonoticias.com.br\/temp\/wp-json\/wp\/v2\/posts\/6638","targetHints":{"allow":["GET"]}}],"collection":[{"href":"https:\/\/friburgonoticias.com.br\/temp\/wp-json\/wp\/v2\/posts"}],"about":[{"href":"https:\/\/friburgonoticias.com.br\/temp\/wp-json\/wp\/v2\/types\/post"}],"author":[{"embeddable":true,"href":"https:\/\/friburgonoticias.com.br\/temp\/wp-json\/wp\/v2\/users\/3"}],"replies":[{"embeddable":true,"href":"https:\/\/friburgonoticias.com.br\/temp\/wp-json\/wp\/v2\/comments?post=6638"}],"version-history":[{"count":0,"href":"https:\/\/friburgonoticias.com.br\/temp\/wp-json\/wp\/v2\/posts\/6638\/revisions"}],"wp:featuredmedia":[{"embeddable":true,"href":"https:\/\/friburgonoticias.com.br\/temp\/wp-json\/wp\/v2\/media\/6639"}],"wp:attachment":[{"href":"https:\/\/friburgonoticias.com.br\/temp\/wp-json\/wp\/v2\/media?parent=6638"}],"wp:term":[{"taxonomy":"category","embeddable":true,"href":"https:\/\/friburgonoticias.com.br\/temp\/wp-json\/wp\/v2\/categories?post=6638"},{"taxonomy":"post_tag","embeddable":true,"href":"https:\/\/friburgonoticias.com.br\/temp\/wp-json\/wp\/v2\/tags?post=6638"}],"curies":[{"name":"wp","href":"https:\/\/api.w.org\/{rel}","templated":true}]}}