{"id":6648,"date":"2025-12-22T23:07:04","date_gmt":"2025-12-22T23:07:04","guid":{"rendered":"https:\/\/friburgonoticias.com.br\/temp\/2025\/12\/22\/haroldinho-prefeito-de-itaguai-acusa-antecessor-rubao-de-contratar-irregularmente-mais-de-150-funcionarios\/"},"modified":"2025-12-22T23:07:04","modified_gmt":"2025-12-22T23:07:04","slug":"haroldinho-prefeito-de-itaguai-acusa-antecessor-rubao-de-contratar-irregularmente-mais-de-150-funcionarios","status":"publish","type":"post","link":"https:\/\/friburgonoticias.com.br\/temp\/2025\/12\/22\/haroldinho-prefeito-de-itaguai-acusa-antecessor-rubao-de-contratar-irregularmente-mais-de-150-funcionarios\/","title":{"rendered":"Haroldinho, prefeito de Itagua\u00ed, acusa antecessor, Rub\u00e3o, de contratar irregularmente mais de 150 funcion\u00e1rios"},"content":{"rendered":"<p><\/p>\n<div itemprop=\"articleBody\">\nO ex-prefeito de Itagua\u00ed, Dr. Rub\u00e3o (Podemos), foi denunciado ao Minist\u00e9rio P\u00fablico pela suposta contrata\u00e7\u00e3o irregular de 169 servidores comissionados durante sua gest\u00e3o. A acusa\u00e7\u00e3o foi feita pelo<a href=\"https:\/\/temporealrj.com\/prefeito-interino-de-itaguai-comeca-a-formar-seu-novo-secretariado-depois-de-exonerar-o-alto-escalao-de-rubao\/\"> atual prefeito de Itagua\u00ed, Haroldinho Jesus (PDT)<\/a>. As informa\u00e7\u00f5es s\u00e3o do \u201cRJTV2\u201d.<\/p>\n<p>As nomea\u00e7\u00f5es teriam sido feitas entre junho e novembro, sem publica\u00e7\u00e3o no Di\u00e1rio Oficial do munic\u00edpio, e geraram um impacto de quase R$ 1 milh\u00e3o na folha de pagamento apenas no m\u00eas de novembro. Entre os nomeados, h\u00e1 assessores com sal\u00e1rios que chegam a R$ 10 mil.<\/p>\n<p>A gest\u00e3o atual afirma que as nomea\u00e7\u00f5es tamb\u00e9m teriam descumprido uma decis\u00e3o judicial de julho, que determinava a redu\u00e7\u00e3o de 20% das despesas com cargos comissionados.<\/p>\n<p>Al\u00e9m do envio da den\u00fancia ao Minist\u00e9rio P\u00fablico, a nova gest\u00e3o da Prefeitura de Itagua\u00ed informou que abriu uma investiga\u00e7\u00e3o administrativa interna para apurar eventuais responsabilidades.<\/p>\n<p>Em nota, negou irregularidades. O ex-prefeito afirmou que cumpriu integralmente a decis\u00e3o judicial, reduzindo quase pela metade o n\u00famero de cargos comissionados durante sua gest\u00e3o. Segundo ele, a determina\u00e7\u00e3o da Justi\u00e7a n\u00e3o proibia novas nomea\u00e7\u00f5es. Rub\u00e3o declarou ainda que todas as contrata\u00e7\u00f5es estariam registradas no sistema interno da Prefeitura e dispon\u00edveis no Portal da Transpar\u00eancia.\n<\/p><\/div>\n<p><\/a><\/p>\n<p>Fonte: temporealrj.com<\/p>\n","protected":false},"excerpt":{"rendered":"<p>O ex-prefeito de Itagua\u00ed, Dr. Rub\u00e3o (Podemos), foi denunciado ao Minist\u00e9rio P\u00fablico pela suposta contrata\u00e7\u00e3o irregular de 169 servidores comissionados durante sua gest\u00e3o. A acusa\u00e7\u00e3o foi feita pelo atual prefeito de Itagua\u00ed, Haroldinho Jesus (PDT). As informa\u00e7\u00f5es s\u00e3o do \u201cRJTV2\u201d. As nomea\u00e7\u00f5es teriam sido feitas entre junho e novembro, sem publica\u00e7\u00e3o no Di\u00e1rio Oficial do [&hellip;]<\/p>\n","protected":false},"author":3,"featured_media":6649,"comment_status":"open","ping_status":"open","sticky":false,"template":"","format":"standard","meta":{"advanced_seo_description":"","jetpack_seo_html_title":"","jetpack_seo_noindex":false,"fifu_image_url":"https:\/\/temporealrj.com\/wp-content\/uploads\/2025\/12\/1_whatsapp_image_2024_10_07_at_18_32_23-320251.jpeg","fifu_image_alt":"","_jetpack_memberships_contains_paid_content":false,"footnotes":"","jetpack_publicize_message":"","jetpack_publicize_feature_enabled":true,"jetpack_social_post_already_shared":true,"jetpack_social_options":{"image_generator_settings":{"template":"highway","default_image_id":0,"font":"","enabled":false},"version":2}},"categories":[107],"tags":[],"class_list":{"0":"post-6648","1":"post","2":"type-post","3":"status-publish","4":"format-standard","5":"has-post-thumbnail","7":"category-economia"},"jetpack_publicize_connections":[],"jetpack_featured_media_url":"https:\/\/i0.wp.com\/temporealrj.com\/wp-content\/uploads\/2025\/12\/1_whatsapp_image_2024_10_07_at_18_32_23-320251.jpeg?fit=%2C&ssl=1","jetpack_sharing_enabled":true,"jetpack-related-posts":[],"_links":{"self":[{"href":"https:\/\/friburgonoticias.com.br\/temp\/wp-json\/wp\/v2\/posts\/6648","targetHints":{"allow":["GET"]}}],"collection":[{"href":"https:\/\/friburgonoticias.com.br\/temp\/wp-json\/wp\/v2\/posts"}],"about":[{"href":"https:\/\/friburgonoticias.com.br\/temp\/wp-json\/wp\/v2\/types\/post"}],"author":[{"embeddable":true,"href":"https:\/\/friburgonoticias.com.br\/temp\/wp-json\/wp\/v2\/users\/3"}],"replies":[{"embeddable":true,"href":"https:\/\/friburgonoticias.com.br\/temp\/wp-json\/wp\/v2\/comments?post=6648"}],"version-history":[{"count":0,"href":"https:\/\/friburgonoticias.com.br\/temp\/wp-json\/wp\/v2\/posts\/6648\/revisions"}],"wp:featuredmedia":[{"embeddable":true,"href":"https:\/\/friburgonoticias.com.br\/temp\/wp-json\/wp\/v2\/media\/6649"}],"wp:attachment":[{"href":"https:\/\/friburgonoticias.com.br\/temp\/wp-json\/wp\/v2\/media?parent=6648"}],"wp:term":[{"taxonomy":"category","embeddable":true,"href":"https:\/\/friburgonoticias.com.br\/temp\/wp-json\/wp\/v2\/categories?post=6648"},{"taxonomy":"post_tag","embeddable":true,"href":"https:\/\/friburgonoticias.com.br\/temp\/wp-json\/wp\/v2\/tags?post=6648"}],"curies":[{"name":"wp","href":"https:\/\/api.w.org\/{rel}","templated":true}]}}