{"id":6658,"date":"2025-12-23T14:34:23","date_gmt":"2025-12-23T14:34:23","guid":{"rendered":"https:\/\/friburgonoticias.com.br\/temp\/2025\/12\/23\/nova-lei-amplia-coleta-de-dna-na-identificacao-criminal-noticias\/"},"modified":"2025-12-23T14:34:23","modified_gmt":"2025-12-23T14:34:23","slug":"nova-lei-amplia-coleta-de-dna-na-identificacao-criminal-noticias","status":"publish","type":"post","link":"https:\/\/friburgonoticias.com.br\/temp\/2025\/12\/23\/nova-lei-amplia-coleta-de-dna-na-identificacao-criminal-noticias\/","title":{"rendered":"Nova lei amplia coleta de DNA na identifica\u00e7\u00e3o criminal &#8211; Not\u00edcias"},"content":{"rendered":"<p><\/p>\n<div>\n<p class=\"g-artigo__data-hora\">\n                      23\/12\/2025 &#8211; 11:15 \u00a0\n                    <\/p>\n<div id=\"image-container-1235670\" class=\"image-container\" style=\"float: none; margin: 45px 0px; width: 100%;\" data-midia=\"1235670\">\n        <em>Pedro Ventura\/Ag\u00eancia Bras\u00edlia<\/em><\/p>\n<p>        Amostras poder\u00e3o ser utilizadas em investiga\u00e7\u00f5es criminais\n        <\/p><\/div>\n<p>        O presidente Luiz In\u00e1cio Lula da Silva sancionou na segunda-feira (22) a <a class=\"linkLegislacao\" href=\"https:\/\/www2.camara.gov.br\/legin\/fed\/lei\/2025\/lei-15295-19-dezembro-2025-798507-norma-pl.html\">Lei 15.295\/25<\/a>, que altera as regras de identifica\u00e7\u00e3o criminal no pa\u00eds.<br \/>\n        A norma prev\u00ea a coleta de material gen\u00e9tico de todos os condenados que comecem a cumprir pena em regime fechado e expande a coleta para acusados de crimes graves, mesmo antes de uma condena\u00e7\u00e3o.<br \/>\n        Com a nova legisla\u00e7\u00e3o, todo indiv\u00edduo condenado \u00e0 pena de <span id=\"4303\" class=\"termoGlossario\" title=\"A reclus\u00e3o \u00e9 a mais severa entre as penas privativas de liberdade. Destina-se a crimes dolosos (com inten\u00e7\u00e3o).\" contenteditable=\"false\" data-toggle=\"tooltip\" data-placement=\"top\">reclus\u00e3o<\/span> que inicie seu cumprimento em regime fechado ser\u00e1 obrigatoriamente submetido \u00e0 coleta de DNA. Isso amplia o alcance da medida, que antes era restrita a condenados por tipos espec\u00edficos de crimes violentos.<br \/>\n        A lei tem origem no Projeto de Lei 1496\/21, de autoria da senadora Leila Barros (PDT-DF), aprovado pelo Senado em 2023 e <a href=\"https:\/\/www.camara.leg.br\/noticias\/1226483-CAMARA-APROVA-COLETA-DE-MATERIAL-GENETICO-DE-CONDENADOS-QUE-COMECEM-A-CUMPRIR-PENA-EM-REGIME-FECHADO\">pela C\u00e2mara em novembro deste ano<\/a>.<br \/>\n        <strong>Denunciados<br \/><\/strong>O texto tamb\u00e9m permite a coleta de material gen\u00e9tico de pessoas antes mesmo de uma condena\u00e7\u00e3o.<br \/>\n        A lei autoriza a coleta de DNA de acusados em duas situa\u00e7\u00f5es:<\/p>\n<ul>\n<li>quando um juiz aceita a den\u00fancia formal contra algu\u00e9m; ou<\/li>\n<li>em casos de pris\u00e3o em flagrante.<\/li>\n<\/ul>\n<p>        Essa medida, no entanto, \u00e9 restrita a uma lista de crimes graves, como aqueles praticados com grave viol\u00eancia, crimes contra a liberdade sexual, crimes contra crian\u00e7as e adolescentes previstos no <a href=\"https:\/\/www2.camara.leg.br\/legin\/fed\/lei\/1990\/lei-8069-13-julho-1990-372211-norma-pl.html\">Estatuto da Crian\u00e7a e do Adolescente<\/a> (ECA) e a\u00e7\u00f5es de organiza\u00e7\u00f5es criminosas que utilizam armas de fogo.<br \/>\n        <strong>Salvaguardas<br \/><\/strong>Para garantir o uso adequado dos dados, a lei estabelece algumas salvaguardas: a amostra biol\u00f3gica s\u00f3 poder\u00e1 ser usada para identifica\u00e7\u00e3o por perfil gen\u00e9tico, sendo expressamente proibida a pr\u00e1tica de &#8220;fenotipagem&#8221; (an\u00e1lise de caracter\u00edsticas f\u00edsicas).<br \/>\n        Al\u00e9m disso, a norma exige que a amostra original seja descartada ap\u00f3s a obten\u00e7\u00e3o do perfil, e todo o processo, da coleta \u00e0 an\u00e1lise, dever\u00e1 ser realizado por peritos e agentes treinados, seguindo rigorosos procedimentos de cadeia de cust\u00f3dia.<br \/>\n        <strong>Prioridade<br \/><\/strong>Por fim, a lei estabelece um prazo preferencial de 30 dias para o processamento de vest\u00edgios gen\u00e9ticos em casos de <span id=\"4179\" class=\"termoGlossario\" title=\"A Lei 8.072\/90 define como hediondos os crimes de homic\u00eddio praticado por grupo de exterm\u00ednio; homic\u00eddio qualificado; latroc\u00ednio; genoc\u00eddio; extors\u00e3o qualificada por morte; extors\u00e3o mediante sequestro; estupro; dissemina\u00e7\u00e3o de epidemia que provoque morte; falsifica\u00e7\u00e3o, corrup\u00e7\u00e3o, adultera\u00e7\u00e3o ou altera\u00e7\u00e3o de produto destinado a fins terap\u00eauticos ou medicinais; e favorecimento da prostitui\u00e7\u00e3o ou de outra forma de explora\u00e7\u00e3o sexual de crian\u00e7a ou adolescente ou de vulner\u00e1vel. Esse tipo de crime deve ser cumprido inicialmente em regime fechado e \u00e9 insuscet\u00edvel de anistia, gra\u00e7a, indulto e fian\u00e7a.\" contenteditable=\"false\" data-toggle=\"tooltip\" data-placement=\"top\">crimes hediondos<\/span>.<\/p>\n<p style=\"font-size: 0.8rem; font-weight: 700;\">Reportagem \u2013 Emanuelle Brasil<br \/>Edi\u00e7\u00e3o \u2013 Marcelo Oliveira<\/p>\n<\/p><\/div>\n<p><\/a><\/p>\n<p>Fonte: www.camara.leg.br<\/p>\n","protected":false},"excerpt":{"rendered":"<p>23\/12\/2025 &#8211; 11:15 \u00a0 Pedro Ventura\/Ag\u00eancia Bras\u00edlia Amostras poder\u00e3o ser utilizadas em investiga\u00e7\u00f5es criminais O presidente Luiz In\u00e1cio Lula da Silva sancionou na segunda-feira (22) a Lei 15.295\/25, que altera as regras de identifica\u00e7\u00e3o criminal no pa\u00eds. A norma prev\u00ea a coleta de material gen\u00e9tico de todos os condenados que comecem a cumprir pena em [&hellip;]<\/p>\n","protected":false},"author":3,"featured_media":6659,"comment_status":"open","ping_status":"open","sticky":false,"template":"","format":"standard","meta":{"advanced_seo_description":"","jetpack_seo_html_title":"","jetpack_seo_noindex":false,"fifu_image_url":"https:\/\/www.camara.leg.br\/midias\/image\/2025\/12\/img2016062314359525093-768x510.jpg","fifu_image_alt":"","_jetpack_memberships_contains_paid_content":false,"footnotes":"","jetpack_publicize_message":"","jetpack_publicize_feature_enabled":true,"jetpack_social_post_already_shared":true,"jetpack_social_options":{"image_generator_settings":{"template":"highway","default_image_id":0,"font":"","enabled":false},"version":2}},"categories":[106,1],"tags":[],"class_list":{"0":"post-6658","1":"post","2":"type-post","3":"status-publish","4":"format-standard","5":"has-post-thumbnail","7":"category-politica","8":"category-uncategorized"},"jetpack_publicize_connections":[],"jetpack_featured_media_url":"https:\/\/i0.wp.com\/www.camara.leg.br\/midias\/image\/2025\/12\/img2016062314359525093-768x510.jpg?fit=%2C&ssl=1","jetpack_sharing_enabled":true,"jetpack-related-posts":[],"_links":{"self":[{"href":"https:\/\/friburgonoticias.com.br\/temp\/wp-json\/wp\/v2\/posts\/6658","targetHints":{"allow":["GET"]}}],"collection":[{"href":"https:\/\/friburgonoticias.com.br\/temp\/wp-json\/wp\/v2\/posts"}],"about":[{"href":"https:\/\/friburgonoticias.com.br\/temp\/wp-json\/wp\/v2\/types\/post"}],"author":[{"embeddable":true,"href":"https:\/\/friburgonoticias.com.br\/temp\/wp-json\/wp\/v2\/users\/3"}],"replies":[{"embeddable":true,"href":"https:\/\/friburgonoticias.com.br\/temp\/wp-json\/wp\/v2\/comments?post=6658"}],"version-history":[{"count":0,"href":"https:\/\/friburgonoticias.com.br\/temp\/wp-json\/wp\/v2\/posts\/6658\/revisions"}],"wp:featuredmedia":[{"embeddable":true,"href":"https:\/\/friburgonoticias.com.br\/temp\/wp-json\/wp\/v2\/media\/6659"}],"wp:attachment":[{"href":"https:\/\/friburgonoticias.com.br\/temp\/wp-json\/wp\/v2\/media?parent=6658"}],"wp:term":[{"taxonomy":"category","embeddable":true,"href":"https:\/\/friburgonoticias.com.br\/temp\/wp-json\/wp\/v2\/categories?post=6658"},{"taxonomy":"post_tag","embeddable":true,"href":"https:\/\/friburgonoticias.com.br\/temp\/wp-json\/wp\/v2\/tags?post=6658"}],"curies":[{"name":"wp","href":"https:\/\/api.w.org\/{rel}","templated":true}]}}