{"id":6660,"date":"2025-12-23T17:02:49","date_gmt":"2025-12-23T17:02:49","guid":{"rendered":"https:\/\/friburgonoticias.com.br\/temp\/2025\/12\/23\/lula-sanciona-lei-que-autoriza-porte-de-arma-para-policiais-legislativos-das-assembleias-estaduais\/"},"modified":"2025-12-23T17:02:49","modified_gmt":"2025-12-23T17:02:49","slug":"lula-sanciona-lei-que-autoriza-porte-de-arma-para-policiais-legislativos-das-assembleias-estaduais","status":"publish","type":"post","link":"https:\/\/friburgonoticias.com.br\/temp\/2025\/12\/23\/lula-sanciona-lei-que-autoriza-porte-de-arma-para-policiais-legislativos-das-assembleias-estaduais\/","title":{"rendered":"Lula sanciona lei que autoriza porte de arma para policiais legislativos das assembleias estaduais"},"content":{"rendered":"<p><\/p>\n<div itemprop=\"articleBody\">\nA partir de agora, policiais legislativos das assembleias estaduais passam a ter direito ao <a href=\"https:\/\/temporealrj.com\/giovani-ratinho-se-defende-apos-video-em-que-aparece-com-pistolas-tenho-porte-de-arma\/\">porte de arma de fogo<\/a>. A medida est\u00e1 prevista em lei sancionada pelo presidente Luiz In\u00e1cio Lula da Silva (PT) e publicada no <a href=\"https:\/\/in.gov.br\/servicos\/diario-oficial-da-uniao\" target=\"_blank\" rel=\"noopener\">Di\u00e1rio Oficial da Uni\u00e3o (DOU)<\/a> nesta ter\u00e7a-feira (23).<\/p>\n<p>A legisla\u00e7\u00e3o altera o <a href=\"https:\/\/www.planalto.gov.br\/ccivil_03\/leis\/2003\/l10.826.htm\" target=\"_blank\" rel=\"noopener\">Estatuto do Desarmamento<\/a>, que at\u00e9 ent\u00e3o autorizava o porte apenas aos policiais legislativos do Senado Federal e da C\u00e2mara dos Deputados. O projeto \u00e9 de autoria do senador Izalci Lucas (PL-DF) e foi aprovado em car\u00e1ter definitivo pela Comiss\u00e3o de Constitui\u00e7\u00e3o e Justi\u00e7a (CCJ) em setembro.<\/p>\n<h2 class=\"wp-block-heading\">Lula mant\u00e9m requisitos para policiais legislativos obterem o porte de arma de fogo<\/h2>\n<p>O presidente, no entanto, vetou os trechos que dispensavam esses policiais da comprova\u00e7\u00e3o de idoneidade, capacidade t\u00e9cnica e aptid\u00e3o psicol\u00f3gica para o uso de arma de fogo. Esses requisitos continuam obrigat\u00f3rios, conforme previsto no Estatuto do Desarmamento.<\/p>\n<p>Ao justificar o veto, Lula afirmou que a dispensa das exig\u00eancias representaria uma flexibiliza\u00e7\u00e3o excessiva das regras, com risco \u00e0 pol\u00edtica nacional de controle de armas e \u00e0 seguran\u00e7a p\u00fablica. Segundo ele, a mudan\u00e7a tamb\u00e9m violaria o artigo 6\u00ba da Constitui\u00e7\u00e3o, que reconhece a seguran\u00e7a como um direito social.\n<\/p><\/div>\n<p><\/a><\/p>\n<p>Fonte: temporealrj.com<\/p>\n","protected":false},"excerpt":{"rendered":"<p>A partir de agora, policiais legislativos das assembleias estaduais passam a ter direito ao porte de arma de fogo. A medida est\u00e1 prevista em lei sancionada pelo presidente Luiz In\u00e1cio Lula da Silva (PT) e publicada no Di\u00e1rio Oficial da Uni\u00e3o (DOU) nesta ter\u00e7a-feira (23). A legisla\u00e7\u00e3o altera o Estatuto do Desarmamento, que at\u00e9 ent\u00e3o [&hellip;]<\/p>\n","protected":false},"author":3,"featured_media":6661,"comment_status":"open","ping_status":"open","sticky":false,"template":"","format":"standard","meta":{"advanced_seo_description":"","jetpack_seo_html_title":"","jetpack_seo_noindex":false,"fifu_image_url":"https:\/\/temporealrj.com\/wp-content\/uploads\/2025\/12\/imagem_materia-e1766507314657.jpg","fifu_image_alt":"","_jetpack_memberships_contains_paid_content":false,"footnotes":"","jetpack_publicize_message":"","jetpack_publicize_feature_enabled":true,"jetpack_social_post_already_shared":true,"jetpack_social_options":{"image_generator_settings":{"template":"highway","default_image_id":0,"font":"","enabled":false},"version":2}},"categories":[107],"tags":[],"class_list":{"0":"post-6660","1":"post","2":"type-post","3":"status-publish","4":"format-standard","5":"has-post-thumbnail","7":"category-economia"},"jetpack_publicize_connections":[],"jetpack_featured_media_url":"https:\/\/i0.wp.com\/temporealrj.com\/wp-content\/uploads\/2025\/12\/imagem_materia-e1766507314657.jpg?fit=%2C&ssl=1","jetpack_sharing_enabled":true,"jetpack-related-posts":[],"_links":{"self":[{"href":"https:\/\/friburgonoticias.com.br\/temp\/wp-json\/wp\/v2\/posts\/6660","targetHints":{"allow":["GET"]}}],"collection":[{"href":"https:\/\/friburgonoticias.com.br\/temp\/wp-json\/wp\/v2\/posts"}],"about":[{"href":"https:\/\/friburgonoticias.com.br\/temp\/wp-json\/wp\/v2\/types\/post"}],"author":[{"embeddable":true,"href":"https:\/\/friburgonoticias.com.br\/temp\/wp-json\/wp\/v2\/users\/3"}],"replies":[{"embeddable":true,"href":"https:\/\/friburgonoticias.com.br\/temp\/wp-json\/wp\/v2\/comments?post=6660"}],"version-history":[{"count":0,"href":"https:\/\/friburgonoticias.com.br\/temp\/wp-json\/wp\/v2\/posts\/6660\/revisions"}],"wp:featuredmedia":[{"embeddable":true,"href":"https:\/\/friburgonoticias.com.br\/temp\/wp-json\/wp\/v2\/media\/6661"}],"wp:attachment":[{"href":"https:\/\/friburgonoticias.com.br\/temp\/wp-json\/wp\/v2\/media?parent=6660"}],"wp:term":[{"taxonomy":"category","embeddable":true,"href":"https:\/\/friburgonoticias.com.br\/temp\/wp-json\/wp\/v2\/categories?post=6660"},{"taxonomy":"post_tag","embeddable":true,"href":"https:\/\/friburgonoticias.com.br\/temp\/wp-json\/wp\/v2\/tags?post=6660"}],"curies":[{"name":"wp","href":"https:\/\/api.w.org\/{rel}","templated":true}]}}