{"id":6662,"date":"2025-12-23T18:17:52","date_gmt":"2025-12-23T18:17:52","guid":{"rendered":"https:\/\/friburgonoticias.com.br\/temp\/2025\/12\/23\/nova-lei-reorganiza-a-carreira-da-policia-do-poder-judiciario-noticias\/"},"modified":"2025-12-23T18:17:52","modified_gmt":"2025-12-23T18:17:52","slug":"nova-lei-reorganiza-a-carreira-da-policia-do-poder-judiciario-noticias","status":"publish","type":"post","link":"https:\/\/friburgonoticias.com.br\/temp\/2025\/12\/23\/nova-lei-reorganiza-a-carreira-da-policia-do-poder-judiciario-noticias\/","title":{"rendered":"Nova lei reorganiza a carreira da pol\u00edcia do Poder Judici\u00e1rio &#8211; Not\u00edcias"},"content":{"rendered":"<p><\/p>\n<div>\n<div>\n<p class=\"g-artigo__data-hora\">\n                      23\/12\/2025 &#8211; 14:26 \u00a0\n                    <\/p>\n<div id=\"image-container-1235714\" class=\"image-container\" style=\"float: none; margin: 45px 0px; width: 100%;\" data-midia=\"1235714\">\n        <em>Doriavan Marinho\/STF<\/em><\/p>\n<p>        Pol\u00edcia judicial em a\u00e7\u00e3o no Supremo Tribunal Federal (STF)\n        <\/p><\/div>\n<p>        O presidente Luiz In\u00e1cio Lula da Silva sancionou na sexta-feira (19) a <a class=\"linkLegislacao\" href=\"https:\/\/www2.camara.gov.br\/legin\/fed\/lei\/2025\/lei-15285-18-dezembro-2025-798487-norma-pl.html\">Lei 15.285\/25<\/a>, que reorganiza a carreira da pol\u00edcia judicial no servi\u00e7o p\u00fablico federal.<br \/>\n        A pol\u00edcia judicial \u00e9 a for\u00e7a de seguran\u00e7a interna do Poder Judici\u00e1rio, respons\u00e1vel por garantir a ordem, a seguran\u00e7a pessoal de magistrados, servidores e o patrim\u00f4nio dentro dos tribunais.<br \/>\n        A nova lei transfere servidores da \u00e1rea administrativa para a \u00e1rea de apoio especializado, redefine denomina\u00e7\u00f5es dos cargos e ajusta regras sobre gratifica\u00e7\u00e3o e porte de arma.<br \/>\n        A norma tem origem no Projeto de Lei 2447\/22, de iniciativa do Supremo Tribunal Federal (STF), <a href=\"https:\/\/www.camara.leg.br\/noticias\/1197232-comissao-aprova-acumulo-de-gratificacao-com-cargo-comissionado-para-seguranca-do-judiciario\/\">aprovado pela C\u00e2mara dos Deputados<\/a> e pelo Senado Federal.<br \/>\n        <strong>Mudan\u00e7as<\/strong><br \/>Com a san\u00e7\u00e3o, a <a href=\"https:\/\/www2.camara.leg.br\/legin\/fed\/lei\/2006\/lei-11416-15-dezembro-2006-548306-publicacaooriginal-63468-pl.html\">Lei das Carreiras dos Servidores do Poder Judici\u00e1rio da Uni\u00e3o<\/a> passa a prever, de forma expressa, que as atividades de pol\u00edcia institucional integram a \u00e1rea de apoio especializado.<br \/>\n        T\u00e9cnicos judici\u00e1rios que exercem essas atribui\u00e7\u00f5es passam a ser denominados agentes de pol\u00edcia judicial, enquanto os analistas recebem a denomina\u00e7\u00e3o de inspetores de pol\u00edcia judicial.<br \/>\n        O texto tamb\u00e9m assegura o porte de arma de fogo, de propriedade particular ou fornecida pela institui\u00e7\u00e3o, aos servidores enquadrados na especialidade de pol\u00edcia judicial.<br \/>\n        Para isso, ser\u00e1 exigido porte institucional, comprova\u00e7\u00e3o de capacidade t\u00e9cnica e aptid\u00e3o psicol\u00f3gica, al\u00e9m do efetivo exerc\u00edcio da fun\u00e7\u00e3o, conforme as regras previstas no <a href=\"https:\/\/www2.camara.leg.br\/legin\/fed\/lei\/2003\/lei-10826-22-dezembro-2003-490580-norma-pl.html\">Estatuto do Desarmamento<\/a> e em regulamento pr\u00f3prio.<\/p>\n<p style=\"font-size: 0.8rem; font-weight: 700;\">Da Ag\u00eancia Senado<br \/>Edi\u00e7\u00e3o \u2013 MO<\/p>\n<\/p><\/div>\n<\/p><\/div>\n<p><\/a><\/p>\n<p>Fonte: www.camara.leg.br<\/p>\n","protected":false},"excerpt":{"rendered":"<p>23\/12\/2025 &#8211; 14:26 \u00a0 Doriavan Marinho\/STF Pol\u00edcia judicial em a\u00e7\u00e3o no Supremo Tribunal Federal (STF) O presidente Luiz In\u00e1cio Lula da Silva sancionou na sexta-feira (19) a Lei 15.285\/25, que reorganiza a carreira da pol\u00edcia judicial no servi\u00e7o p\u00fablico federal. A pol\u00edcia judicial \u00e9 a for\u00e7a de seguran\u00e7a interna do Poder Judici\u00e1rio, respons\u00e1vel por garantir [&hellip;]<\/p>\n","protected":false},"author":3,"featured_media":6663,"comment_status":"open","ping_status":"open","sticky":false,"template":"","format":"standard","meta":{"advanced_seo_description":"","jetpack_seo_html_title":"","jetpack_seo_noindex":false,"fifu_image_url":"https:\/\/www.camara.leg.br\/midias\/image\/2025\/12\/polcia-judicial-768x509.jpg","fifu_image_alt":"","_jetpack_memberships_contains_paid_content":false,"footnotes":"","jetpack_publicize_message":"","jetpack_publicize_feature_enabled":true,"jetpack_social_post_already_shared":true,"jetpack_social_options":{"image_generator_settings":{"template":"highway","default_image_id":0,"font":"","enabled":false},"version":2}},"categories":[106,1],"tags":[],"class_list":{"0":"post-6662","1":"post","2":"type-post","3":"status-publish","4":"format-standard","5":"has-post-thumbnail","7":"category-politica","8":"category-uncategorized"},"jetpack_publicize_connections":[],"jetpack_featured_media_url":"https:\/\/i0.wp.com\/www.camara.leg.br\/midias\/image\/2025\/12\/polcia-judicial-768x509.jpg?fit=%2C&ssl=1","jetpack_sharing_enabled":true,"jetpack-related-posts":[],"_links":{"self":[{"href":"https:\/\/friburgonoticias.com.br\/temp\/wp-json\/wp\/v2\/posts\/6662","targetHints":{"allow":["GET"]}}],"collection":[{"href":"https:\/\/friburgonoticias.com.br\/temp\/wp-json\/wp\/v2\/posts"}],"about":[{"href":"https:\/\/friburgonoticias.com.br\/temp\/wp-json\/wp\/v2\/types\/post"}],"author":[{"embeddable":true,"href":"https:\/\/friburgonoticias.com.br\/temp\/wp-json\/wp\/v2\/users\/3"}],"replies":[{"embeddable":true,"href":"https:\/\/friburgonoticias.com.br\/temp\/wp-json\/wp\/v2\/comments?post=6662"}],"version-history":[{"count":0,"href":"https:\/\/friburgonoticias.com.br\/temp\/wp-json\/wp\/v2\/posts\/6662\/revisions"}],"wp:featuredmedia":[{"embeddable":true,"href":"https:\/\/friburgonoticias.com.br\/temp\/wp-json\/wp\/v2\/media\/6663"}],"wp:attachment":[{"href":"https:\/\/friburgonoticias.com.br\/temp\/wp-json\/wp\/v2\/media?parent=6662"}],"wp:term":[{"taxonomy":"category","embeddable":true,"href":"https:\/\/friburgonoticias.com.br\/temp\/wp-json\/wp\/v2\/categories?post=6662"},{"taxonomy":"post_tag","embeddable":true,"href":"https:\/\/friburgonoticias.com.br\/temp\/wp-json\/wp\/v2\/tags?post=6662"}],"curies":[{"name":"wp","href":"https:\/\/api.w.org\/{rel}","templated":true}]}}