{"id":6676,"date":"2025-12-24T22:09:55","date_gmt":"2025-12-24T22:09:55","guid":{"rendered":"https:\/\/friburgonoticias.com.br\/temp\/2025\/12\/24\/audi-celebra-natal-com-video-em-stop-motion-de-carros-em-miniatura\/"},"modified":"2025-12-24T22:09:55","modified_gmt":"2025-12-24T22:09:55","slug":"audi-celebra-natal-com-video-em-stop-motion-de-carros-em-miniatura","status":"publish","type":"post","link":"https:\/\/friburgonoticias.com.br\/temp\/2025\/12\/24\/audi-celebra-natal-com-video-em-stop-motion-de-carros-em-miniatura\/","title":{"rendered":"Audi celebra Natal com v\u00eddeo em stop-motion de carros em miniatura"},"content":{"rendered":"<p><\/p>\n<div>\n<p>                        A Audi entrou oficialmente no clima de festas de fim de ano. A montadora recentemente compartilhou um v\u00eddeo curto na p\u00e1gina da Audi USA no <em>Instagram<\/em> que reimagina <em>Rudolph, a Rena do Nariz Vermelho<\/em> com carros em miniatura derrapando na neve em vez de renas voadoras.\u00a0<\/p>\n<p>O clipe de um minuto e quarenta segundos, intitulado &#8220;<strong>Brincadeira de Fim de Ano, ao Estilo Audi<\/strong>&#8220;, est\u00e1 repleto de vers\u00f5es miniaturas de alguns dos ve\u00edculos mais ic\u00f4nicos da Audi &#8211; carros de produ\u00e7\u00e3o, carros de corrida e cl\u00e1ssicos adorados. Os carros deslizam por montes de neve, constroem bonecos de neve e se divertem juntos.<\/p>\n<p>O v\u00eddeo come\u00e7a com um Audi Q8 saindo de uma garagem de biscoito de gengibre. A partir da\u00ed, modelos familiares como o RS6 Avant, RS3 e A6 E-Tron rapidamente se juntam \u00e0 divers\u00e3o. Claro, n\u00e3o seria uma festa de fim de ano da Audi sem os lend\u00e1rios carros de corrida da marca; o carro do Dakar, o Quattro original, o R10 TDI e muitos outros.<\/p>\n<section data-is-mosaic=\"0\" contenteditable=\"false\" draggable=\"true\" data-widget=\"image\" data-border=\"\" data-id=\"8362138\">\n        <span class=\"svg-search\"><br \/>\n            <svg>\n                <use xlink:href=\"https:\/\/motor1.uol.com.br\/design\/dist\/critical\/icons\/sprite-common-0-0766fee36a4c2b8d33c18708e1a62877.svg#semidir\"\/>\n            <\/svg><br \/>\n        <\/span>\n    <picture><source type=\"image\/webp\" srcset=\"&#10;            https:\/\/cdn.motor1.com\/images\/mgl\/vx0V2v\/s5\/stop-motion-de-natal-da-audi.webp 213w,&#10;            https:\/\/cdn.motor1.com\/images\/mgl\/vx0V2v\/s6\/stop-motion-de-natal-da-audi.webp 445w,&#10;            https:\/\/cdn.motor1.com\/images\/mgl\/vx0V2v\/s4\/stop-motion-de-natal-da-audi.webp 889w,&#10;            https:\/\/cdn.motor1.com\/images\/mgl\/vx0V2v\/s3\/stop-motion-de-natal-da-audi.webp 1280w,&#10;            https:\/\/cdn.motor1.com\/images\/mgl\/vx0V2v\/s2\/stop-motion-de-natal-da-audi.webp 1440w,&#10;            https:\/\/cdn.motor1.com\/images\/mgl\/vx0V2v\/s1\/stop-motion-de-natal-da-audi.webp 1920w&#10;        \" sizes=\"(max-width: 767px) calc(100vw - 24px), (max-width: 1023px) calc(100vw - 48px), 644px\"><source type=\"image\/jpeg\" srcset=\"&#10;            https:\/\/cdn.motor1.com\/images\/mgl\/vx0V2v\/s5\/stop-motion-de-natal-da-audi.jpg 213w,&#10;            https:\/\/cdn.motor1.com\/images\/mgl\/vx0V2v\/s6\/stop-motion-de-natal-da-audi.jpg 445w,&#10;            https:\/\/cdn.motor1.com\/images\/mgl\/vx0V2v\/s4\/stop-motion-de-natal-da-audi.jpg 889w,&#10;            https:\/\/cdn.motor1.com\/images\/mgl\/vx0V2v\/s3\/stop-motion-de-natal-da-audi.jpg 1280w,&#10;            https:\/\/cdn.motor1.com\/images\/mgl\/vx0V2v\/s2\/stop-motion-de-natal-da-audi.jpg 1440w,&#10;            https:\/\/cdn.motor1.com\/images\/mgl\/vx0V2v\/s1\/stop-motion-de-natal-da-audi.jpg 1920w&#10;        \" sizes=\"(max-width: 767px) calc(100vw - 24px), (max-width: 1023px) calc(100vw - 48px), 644px\"><img decoding=\"async\" src=\"https:\/\/cdn.motor1.com\/images\/static\/16x9-tr.png\" alt=\"Stop-motion de Natal da Audi\" width=\"16\" height=\"9\" loading=\"lazy\"\/><br \/>\n    <\/source><\/source><\/picture>\n<div class=\"photo-title\">\nStop-motion de Natal da Audi\n<\/div>\n<p>    Foto de: Audi<br \/>\n<\/section>\n<p>O final re\u00fane tudo quando os carros em miniatura derrapam em dire\u00e7\u00e3o a uma enorme mans\u00e3o de biscoito de gengibre, onde orgulhosamente penduram o logotipo iluminado de quatro an\u00e9is da Audi. \u00c9 apenas um v\u00eddeo divertido para colocar os apaixonados por carros no clima de festas. Assista abaixo:<\/p>\n<section class=\"embed-item\" contenteditable=\"false\" draggable=\"true\" data-widget=\"embed\" data-embed-code=\"%3Cblockquote%20class%3D%22instagram-media%22%20data-instgrm-captioned%20data-instgrm-permalink%3D%22https%3A%2F%2Fwww.instagram.com%2Freel%2FDSlA37GEVjt%2F%3Futm_source%3Dig_embed%26amp%3Butm_campaign%3Dloading%22%20data-instgrm-version%3D%2214%22%20style%3D%22%20background%3A%23FFF%3B%20border%3A0%3B%20border-radius%3A3px%3B%20box-shadow%3A0%200%201px%200%20rgba(0%2C0%2C0%2C0.5)%2C0%201px%2010px%200%20rgba(0%2C0%2C0%2C0.15)%3B%20margin%3A%201px%3B%20max-width%3A540px%3B%20min-width%3A326px%3B%20padding%3A0%3B%20width%3A99.375%25%3B%20width%3A-webkit-calc(100%25%20-%202px)%3B%20width%3Acalc(100%25%20-%202px)%3B%22%3E%3Cdiv%20style%3D%22padding%3A16px%3B%22%3E%20%3Ca%20href%3D%22https%3A%2F%2Fwww.instagram.com%2Freel%2FDSlA37GEVjt%2F%3Futm_source%3Dig_embed%26amp%3Butm_campaign%3Dloading%22%20style%3D%22%20background%3A%23FFFFFF%3B%20line-height%3A0%3B%20padding%3A0%200%3B%20text-align%3Acenter%3B%20text-decoration%3Anone%3B%20width%3A100%25%3B%22%20target%3D%22_blank%22%3E%20%3Cdiv%20style%3D%22%20display%3A%20flex%3B%20flex-direction%3A%20row%3B%20align-items%3A%20center%3B%22%3E%20%3Cdiv%20style%3D%22background-color%3A%20%23F4F4F4%3B%20border-radius%3A%2050%25%3B%20flex-grow%3A%200%3B%20height%3A%2040px%3B%20margin-right%3A%2014px%3B%20width%3A%2040px%3B%22%3E%3C%2Fdiv%3E%20%3Cdiv%20style%3D%22display%3A%20flex%3B%20flex-direction%3A%20column%3B%20flex-grow%3A%201%3B%20justify-content%3A%20center%3B%22%3E%20%3Cdiv%20style%3D%22%20background-color%3A%20%23F4F4F4%3B%20border-radius%3A%204px%3B%20flex-grow%3A%200%3B%20height%3A%2014px%3B%20margin-bottom%3A%206px%3B%20width%3A%20100px%3B%22%3E%3C%2Fdiv%3E%20%3Cdiv%20style%3D%22%20background-color%3A%20%23F4F4F4%3B%20border-radius%3A%204px%3B%20flex-grow%3A%200%3B%20height%3A%2014px%3B%20width%3A%2060px%3B%22%3E%3C%2Fdiv%3E%3C%2Fdiv%3E%3C%2Fdiv%3E%3Cdiv%20style%3D%22padding%3A%2019%25%200%3B%22%3E%3C%2Fdiv%3E%20%3Cdiv%20style%3D%22display%3Ablock%3B%20height%3A50px%3B%20margin%3A0%20auto%2012px%3B%20width%3A50px%3B%22%3E%3C%2Fdiv%3E%3Cdiv%20style%3D%22padding-top%3A%208px%3B%22%3E%20%3Cdiv%20style%3D%22%20color%3A%233897f0%3B%20font-family%3AArial%2Csans-serif%3B%20font-size%3A14px%3B%20font-style%3Anormal%3B%20font-weight%3A550%3B%20line-height%3A18px%3B%22%3EView%20this%20post%20on%20Instagram%3C%2Fdiv%3E%3C%2Fdiv%3E%3Cdiv%20style%3D%22padding%3A%2012.5%25%200%3B%22%3E%3C%2Fdiv%3E%20%3Cdiv%20style%3D%22display%3A%20flex%3B%20flex-direction%3A%20row%3B%20margin-bottom%3A%2014px%3B%20align-items%3A%20center%3B%22%3E%3Cdiv%3E%20%3Cdiv%20style%3D%22background-color%3A%20%23F4F4F4%3B%20border-radius%3A%2050%25%3B%20height%3A%2012.5px%3B%20width%3A%2012.5px%3B%20transform%3A%20translateX(0px)%20translateY(7px)%3B%22%3E%3C%2Fdiv%3E%20%3Cdiv%20style%3D%22background-color%3A%20%23F4F4F4%3B%20height%3A%2012.5px%3B%20transform%3A%20rotate(-45deg)%20translateX(3px)%20translateY(1px)%3B%20width%3A%2012.5px%3B%20flex-grow%3A%200%3B%20margin-right%3A%2014px%3B%20margin-left%3A%202px%3B%22%3E%3C%2Fdiv%3E%20%3Cdiv%20style%3D%22background-color%3A%20%23F4F4F4%3B%20border-radius%3A%2050%25%3B%20height%3A%2012.5px%3B%20width%3A%2012.5px%3B%20transform%3A%20translateX(9px)%20translateY(-18px)%3B%22%3E%3C%2Fdiv%3E%3C%2Fdiv%3E%3Cdiv%20style%3D%22margin-left%3A%208px%3B%22%3E%20%3Cdiv%20style%3D%22%20background-color%3A%20%23F4F4F4%3B%20border-radius%3A%2050%25%3B%20flex-grow%3A%200%3B%20height%3A%2020px%3B%20width%3A%2020px%3B%22%3E%3C%2Fdiv%3E%20%3Cdiv%20style%3D%22%20width%3A%200%3B%20height%3A%200%3B%20border-top%3A%202px%20solid%20transparent%3B%20border-left%3A%206px%20solid%20%23f4f4f4%3B%20border-bottom%3A%202px%20solid%20transparent%3B%20transform%3A%20translateX(16px)%20translateY(-4px)%20rotate(30deg)%22%3E%3C%2Fdiv%3E%3C%2Fdiv%3E%3Cdiv%20style%3D%22margin-left%3A%20auto%3B%22%3E%20%3Cdiv%20style%3D%22%20width%3A%200px%3B%20border-top%3A%208px%20solid%20%23F4F4F4%3B%20border-right%3A%208px%20solid%20transparent%3B%20transform%3A%20translateY(16px)%3B%22%3E%3C%2Fdiv%3E%20%3Cdiv%20style%3D%22%20background-color%3A%20%23F4F4F4%3B%20flex-grow%3A%200%3B%20height%3A%2012px%3B%20width%3A%2016px%3B%20transform%3A%20translateY(-4px)%3B%22%3E%3C%2Fdiv%3E%20%3Cdiv%20style%3D%22%20width%3A%200%3B%20height%3A%200%3B%20border-top%3A%208px%20solid%20%23F4F4F4%3B%20border-left%3A%208px%20solid%20transparent%3B%20transform%3A%20translateY(-4px)%20translateX(8px)%3B%22%3E%3C%2Fdiv%3E%3C%2Fdiv%3E%3C%2Fdiv%3E%20%3Cdiv%20style%3D%22display%3A%20flex%3B%20flex-direction%3A%20column%3B%20flex-grow%3A%201%3B%20justify-content%3A%20center%3B%20margin-bottom%3A%2024px%3B%22%3E%20%3Cdiv%20style%3D%22%20background-color%3A%20%23F4F4F4%3B%20border-radius%3A%204px%3B%20flex-grow%3A%200%3B%20height%3A%2014px%3B%20margin-bottom%3A%206px%3B%20width%3A%20224px%3B%22%3E%3C%2Fdiv%3E%20%3Cdiv%20style%3D%22%20background-color%3A%20%23F4F4F4%3B%20border-radius%3A%204px%3B%20flex-grow%3A%200%3B%20height%3A%2014px%3B%20width%3A%20144px%3B%22%3E%3C%2Fdiv%3E%3C%2Fdiv%3E%3C%2Fa%3E%3Cp%20style%3D%22%20color%3A%23c9c8cd%3B%20font-family%3AArial%2Csans-serif%3B%20font-size%3A14px%3B%20line-height%3A17px%3B%20margin-bottom%3A0%3B%20margin-top%3A8px%3B%20overflow%3Ahidden%3B%20padding%3A8px%200%207px%3B%20text-align%3Acenter%3B%20text-overflow%3Aellipsis%3B%20white-space%3Anowrap%3B%22%3E%3Ca%20href%3D%22https%3A%2F%2Fwww.instagram.com%2Freel%2FDSlA37GEVjt%2F%3Futm_source%3Dig_embed%26amp%3Butm_campaign%3Dloading%22%20style%3D%22%20color%3A%23c9c8cd%3B%20font-family%3AArial%2Csans-serif%3B%20font-size%3A14px%3B%20font-style%3Anormal%3B%20font-weight%3Anormal%3B%20line-height%3A17px%3B%20text-decoration%3Anone%3B%22%20target%3D%22_blank%22%3EA%20post%20shared%20by%20Audi%20USA%20(%40audiusa)%3C%2Fa%3E%3C%2Fp%3E%3C%2Fdiv%3E%3C%2Fblockquote%3E%0A%3Cscript%20async%20src%3D%22%2F%2Fwww.instagram.com%2Fembed.js%22%3E%3C%2Fscript%3E\">\u00a0<\/section>\n<p>E se voc\u00ea est\u00e1 se perguntando&#8230; n\u00e3o, isso n\u00e3o foi gerado por IA. A <a href=\"https:\/\/motor1.uol.com.br\/audi\/\" data-inline-widget=\"internal-links\">Audi<\/a> confirmou que o v\u00eddeo foi criado usando carros em miniatura reais e uma equipe de produ\u00e7\u00e3o completa. A empresa at\u00e9 compartilhou algumas\u00a0<a href=\"https:\/\/www.instagram.com\/p\/DSlUP9wEbva\/?img_index=1\" target=\"_blank\" rel=\"noopener noreferrer\">fotos dos bastidores<\/a> mostrando como cada cena foi cuidadosamente encenada, destacando o tempo e o esfor\u00e7o que foram dedicados a criar essa maravilha em stop-motion.<\/p>\n<section data-is-mosaic=\"0\" contenteditable=\"false\" draggable=\"true\" data-widget=\"image\" data-border=\"\" data-id=\"8362137\">\n        <span class=\"svg-search\"><br \/>\n            <svg>\n                <use xlink:href=\"https:\/\/motor1.uol.com.br\/design\/dist\/critical\/icons\/sprite-common-0-0766fee36a4c2b8d33c18708e1a62877.svg#semidir\"\/>\n            <\/svg><br \/>\n        <\/span>\n    <picture><source type=\"image\/webp\" srcset=\"&#10;            https:\/\/cdn.motor1.com\/images\/mgl\/E6YmVo\/s5\/stop-motion-de-natal-da-audi.webp 213w,&#10;            https:\/\/cdn.motor1.com\/images\/mgl\/E6YmVo\/s6\/stop-motion-de-natal-da-audi.webp 445w,&#10;            https:\/\/cdn.motor1.com\/images\/mgl\/E6YmVo\/s4\/stop-motion-de-natal-da-audi.webp 889w,&#10;            https:\/\/cdn.motor1.com\/images\/mgl\/E6YmVo\/s3\/stop-motion-de-natal-da-audi.webp 1280w,&#10;            https:\/\/cdn.motor1.com\/images\/mgl\/E6YmVo\/s2\/stop-motion-de-natal-da-audi.webp 1440w,&#10;            https:\/\/cdn.motor1.com\/images\/mgl\/E6YmVo\/s1\/stop-motion-de-natal-da-audi.webp 1920w&#10;        \" sizes=\"(max-width: 767px) calc(100vw - 24px), (max-width: 1023px) calc(100vw - 48px), 644px\"><source type=\"image\/jpeg\" srcset=\"&#10;            https:\/\/cdn.motor1.com\/images\/mgl\/E6YmVo\/s5\/stop-motion-de-natal-da-audi.jpg 213w,&#10;            https:\/\/cdn.motor1.com\/images\/mgl\/E6YmVo\/s6\/stop-motion-de-natal-da-audi.jpg 445w,&#10;            https:\/\/cdn.motor1.com\/images\/mgl\/E6YmVo\/s4\/stop-motion-de-natal-da-audi.jpg 889w,&#10;            https:\/\/cdn.motor1.com\/images\/mgl\/E6YmVo\/s3\/stop-motion-de-natal-da-audi.jpg 1280w,&#10;            https:\/\/cdn.motor1.com\/images\/mgl\/E6YmVo\/s2\/stop-motion-de-natal-da-audi.jpg 1440w,&#10;            https:\/\/cdn.motor1.com\/images\/mgl\/E6YmVo\/s1\/stop-motion-de-natal-da-audi.jpg 1920w&#10;        \" sizes=\"(max-width: 767px) calc(100vw - 24px), (max-width: 1023px) calc(100vw - 48px), 644px\"><img decoding=\"async\" src=\"https:\/\/cdn.motor1.com\/images\/static\/16x9-tr.png\" alt=\"Stop-motion de Natal da Audi\" width=\"16\" height=\"9\" loading=\"lazy\"\/><br \/>\n    <\/source><\/source><\/picture>\n<div class=\"photo-title\">\nStop-motion de Natal da Audi\n<\/div>\n<p>    Foto de: Audi<br \/>\n<\/section>\n<p>Sabendo das dificuldades do stop-motion, \u00e9 dif\u00edcil imaginar quanto tempo esse projeto provavelmente levou para ser conclu\u00eddo. Mas o resultado fala por si. At\u00e9 o momento da escrita deste texto, o v\u00eddeo j\u00e1 acumulou 411.000 visualiza\u00e7\u00f5es.<\/p>\n<section data-is-mosaic=\"0\" contenteditable=\"false\" draggable=\"true\" data-widget=\"image\" data-border=\"\" data-id=\"8362139\">\n        <span class=\"svg-search\"><br \/>\n            <svg>\n                <use xlink:href=\"https:\/\/motor1.uol.com.br\/design\/dist\/critical\/icons\/sprite-common-0-0766fee36a4c2b8d33c18708e1a62877.svg#semidir\"\/>\n            <\/svg><br \/>\n        <\/span>\n    <picture><source type=\"image\/webp\" srcset=\"&#10;            https:\/\/cdn.motor1.com\/images\/mgl\/zxB78L\/s5\/stop-motion-de-natal-da-audi.webp 213w,&#10;            https:\/\/cdn.motor1.com\/images\/mgl\/zxB78L\/s6\/stop-motion-de-natal-da-audi.webp 445w,&#10;            https:\/\/cdn.motor1.com\/images\/mgl\/zxB78L\/s4\/stop-motion-de-natal-da-audi.webp 889w,&#10;            https:\/\/cdn.motor1.com\/images\/mgl\/zxB78L\/s3\/stop-motion-de-natal-da-audi.webp 1280w,&#10;            https:\/\/cdn.motor1.com\/images\/mgl\/zxB78L\/s2\/stop-motion-de-natal-da-audi.webp 1440w,&#10;            https:\/\/cdn.motor1.com\/images\/mgl\/zxB78L\/s1\/stop-motion-de-natal-da-audi.webp 1920w&#10;        \" sizes=\"(max-width: 767px) calc(100vw - 24px), (max-width: 1023px) calc(100vw - 48px), 644px\"><source type=\"image\/jpeg\" srcset=\"&#10;            https:\/\/cdn.motor1.com\/images\/mgl\/zxB78L\/s5\/stop-motion-de-natal-da-audi.jpg 213w,&#10;            https:\/\/cdn.motor1.com\/images\/mgl\/zxB78L\/s6\/stop-motion-de-natal-da-audi.jpg 445w,&#10;            https:\/\/cdn.motor1.com\/images\/mgl\/zxB78L\/s4\/stop-motion-de-natal-da-audi.jpg 889w,&#10;            https:\/\/cdn.motor1.com\/images\/mgl\/zxB78L\/s3\/stop-motion-de-natal-da-audi.jpg 1280w,&#10;            https:\/\/cdn.motor1.com\/images\/mgl\/zxB78L\/s2\/stop-motion-de-natal-da-audi.jpg 1440w,&#10;            https:\/\/cdn.motor1.com\/images\/mgl\/zxB78L\/s1\/stop-motion-de-natal-da-audi.jpg 1920w&#10;        \" sizes=\"(max-width: 767px) calc(100vw - 24px), (max-width: 1023px) calc(100vw - 48px), 644px\"><img decoding=\"async\" src=\"https:\/\/cdn.motor1.com\/images\/static\/16x9-tr.png\" alt=\"Stop-motion de Natal da Audi\" width=\"16\" height=\"9\" loading=\"lazy\"\/><br \/>\n    <\/source><\/source><\/picture>\n<div class=\"photo-title\">\nStop-motion de Natal da Audi\n<\/div>\n<p>    Foto de: Audi<br \/>\n<\/section>\n<section class=\"relatedContent-new\" contenteditable=\"false\" draggable=\"true\" data-widget=\"related-content\" data-widget-size=\"content\" data-params=\"%7B%22type_id%22%3A0%2C%22title_id%22%3A%22%22%2C%22items%22%3A%5B%7B%22article_edition_id%22%3A%22782466%22%2C%22title%22%3A%22Audi%20Quartz%20Concept%3A%20o%20esportivo%20italiano%20da%20Pininfarina%20com%205%20cilindros%22%2C%22alias%22%3A%22audi-quartz-concept-5cilindros-italiano%22%2C%22section%22%3A%221%22%2C%22is_video%22%3A%220%22%2C%22images%22%3A%7B%22s5%22%3A%22https%3A%2F%2Fcdn.motor1.com%2Fimages%2Fmgl%2FW874Eg%2Fs5%2Faudi-quartz-concept-1981.jpg%22%7D%7D%2C%7B%22article_edition_id%22%3A%22782257%22%2C%22title%22%3A%22Novo%20Audi%20A4%202028%3A%20tudo%20o%20que%20sabemos%20do%20sed%C3%A3%20que%20ter%C3%A1%20cara%20de%20Concept%20C%22%2C%22alias%22%3A%22audi-novo-a4-oque-sabemos%22%2C%22section%22%3A%221%22%2C%22is_video%22%3A%220%22%2C%22images%22%3A%7B%22s5%22%3A%22https%3A%2F%2Fcdn.motor1.com%2Fimages%2Fmgl%2FP3MxLG%2Fs5%2Fnew-audi-a4-rendering-by-motor1.jpg%22%7D%7D%2C%7B%22article_edition_id%22%3A%22781847%22%2C%22title%22%3A%22Audi%20Revolut%20F1%20Team%3A%20nome%20oficial%20marca%20estreia%20da%20Audi%20na%20F%C3%B3rmula%201%22%2C%22alias%22%3A%22audi-revolut-f1-team%22%2C%22section%22%3A%221%22%2C%22is_video%22%3A%220%22%2C%22images%22%3A%7B%22s5%22%3A%22https%3A%2F%2Fcdn.motor1.com%2Fimages%2Fmgl%2FzxBn66%2Fs5%2Faudi-revolut-f1-team.jpg%22%7D%7D%2C%7B%22article_edition_id%22%3A%22781694%22%2C%22title%22%3A%22Novo%20Audi%20TT%202027%20deve%20ser%20inspirado%20no%20Concept%20C%2C%20veja%20o%20que%20sabemos%22%2C%22alias%22%3A%22o-que-sabemos-audi-tt2027%22%2C%22section%22%3A%221%22%2C%22is_video%22%3A%220%22%2C%22images%22%3A%7B%22s5%22%3A%22https%3A%2F%2Fcdn.motor1.com%2Fimages%2Fmgl%2FRqMZXA%2Fs5%2Faudi-tt-2027-il-render-di-motor1.com.jpg%22%7D%7D%5D%7D\">   <\/section>\n<p>                                                                        <!-- new gallery place, attached gallery --><\/p>\n<div class=\"entityInfoBlock m-top\">\n<p class=\"source-link\">\n                                    Fonte:<\/p>\n<p>                                                                            <span class=\"item\"><span class=\"source\">Audi USA Instagram<\/span><\/span>                                                                    <\/p>\n<\/p><\/div>\n<section class=\"m1-survey-promo bg-fill-soft-200 hidden text-text-contrast-ink space-y-spacing-md-xs my-spacing-md-lg pt-spacing-md-xs pr-spacing-md-md pb-spacing-md-sm pl-spacing-md-sm rounded-r-radius-24 border border-l-[6px] border-stroke-contrast-300\">\n<p class=\"comfort-title-large flex gap-spacing-sm-base items-center\">\n        <svg xmlns=\"http:\/\/www.w3.org\/2000\/svg\" width=\"24\" height=\"25\" viewbox=\"0 0 24 25\" fill=\"none\" class=\"inline\">\n            <path d=\"M18 8.46875C18.7956 8.46875 19.5587 8.78482 20.1213 9.34743C20.6839 9.91004 21 10.6731 21 11.4688C21 12.2644 20.6839 13.0275 20.1213 13.5901C19.5587 14.1527 18.7956 14.4687 18 14.4688M10 8.46875V19.4688C10 19.734 9.89464 19.9883 9.70711 20.1759C9.51957 20.3634 9.26522 20.4688 9 20.4688H8C7.73478 20.4688 7.48043 20.3634 7.29289 20.1759C7.10536 19.9883 7 19.734 7 19.4688V14.4688M12 8.46876L16.524 4.69876C16.6555 4.58927 16.8154 4.51951 16.9851 4.49766C17.1548 4.47582 17.3271 4.50279 17.482 4.57541C17.6369 4.64803 17.7679 4.7633 17.8597 4.90771C17.9514 5.05212 18.0001 5.21968 18 5.39076V17.5468C18.0001 17.7178 17.9514 17.8854 17.8597 18.0298C17.7679 18.1742 17.6369 18.2895 17.482 18.3621C17.3271 18.4347 17.1548 18.4617 16.9851 18.4399C16.8154 18.418 16.6555 18.3483 16.524 18.2388L12 14.4688H4C3.73478 14.4688 3.48043 14.3634 3.29289 14.1759C3.10536 13.9883 3 13.734 3 13.4688V9.46876C3 9.20354 3.10536 8.94919 3.29289 8.76165C3.48043 8.57412 3.73478 8.46876 4 8.46876H12Z\" stroke=\"currentColor\" stroke-width=\"2\" stroke-linecap=\"round\" stroke-linejoin=\"round\"\/>\n        <\/svg><br \/>\n        <span>Queremos a sua opini\u00e3o!<\/span>\n    <\/p>\n<div class=\"compact-body-large\">\n        O que voc\u00ea gostaria de ver no Motor1.com?<br \/>\n        <a href=\"https:\/\/motor1.uol.com.br\/survey\/2025\/\"><br \/>\n            Responda \u00e0 nossa pesquisa de 3 minutos.     <\/a>\n    <\/div>\n<p class=\"compact-body-medium\">&#8211; Equipe do Motor1.com<\/p>\n<\/section><\/div>\n<p><script async src=\"\/\/www.instagram.com\/embed.js\"><\/script><br \/>\n<br \/><\/a><\/p>\n<p>Fonte: motor1.uol.com.br<\/p>\n","protected":false},"excerpt":{"rendered":"<p>A Audi entrou oficialmente no clima de festas de fim de ano. A montadora recentemente compartilhou um v\u00eddeo curto na p\u00e1gina da Audi USA no Instagram que reimagina Rudolph, a Rena do Nariz Vermelho com carros em miniatura derrapando na neve em vez de renas voadoras.\u00a0 O clipe de um minuto e quarenta segundos, intitulado [&hellip;]<\/p>\n","protected":false},"author":3,"featured_media":6677,"comment_status":"open","ping_status":"open","sticky":false,"template":"","format":"standard","meta":{"advanced_seo_description":"","jetpack_seo_html_title":"","jetpack_seo_noindex":false,"fifu_image_url":"https:\/\/cdn.motor1.com\/images\/mgl\/1Z2eW7\/s1\/audi-stop-motion-christmas-video.jpg","fifu_image_alt":"","_jetpack_memberships_contains_paid_content":false,"footnotes":"","jetpack_publicize_message":"","jetpack_publicize_feature_enabled":true,"jetpack_social_post_already_shared":true,"jetpack_social_options":{"image_generator_settings":{"template":"highway","default_image_id":0,"font":"","enabled":false},"version":2}},"categories":[105],"tags":[],"class_list":{"0":"post-6676","1":"post","2":"type-post","3":"status-publish","4":"format-standard","5":"has-post-thumbnail","7":"category-entretenimento"},"jetpack_publicize_connections":[],"jetpack_featured_media_url":"https:\/\/i0.wp.com\/cdn.motor1.com\/images\/mgl\/1Z2eW7\/s1\/audi-stop-motion-christmas-video.jpg?fit=%2C&ssl=1","jetpack_sharing_enabled":true,"jetpack-related-posts":[],"_links":{"self":[{"href":"https:\/\/friburgonoticias.com.br\/temp\/wp-json\/wp\/v2\/posts\/6676","targetHints":{"allow":["GET"]}}],"collection":[{"href":"https:\/\/friburgonoticias.com.br\/temp\/wp-json\/wp\/v2\/posts"}],"about":[{"href":"https:\/\/friburgonoticias.com.br\/temp\/wp-json\/wp\/v2\/types\/post"}],"author":[{"embeddable":true,"href":"https:\/\/friburgonoticias.com.br\/temp\/wp-json\/wp\/v2\/users\/3"}],"replies":[{"embeddable":true,"href":"https:\/\/friburgonoticias.com.br\/temp\/wp-json\/wp\/v2\/comments?post=6676"}],"version-history":[{"count":0,"href":"https:\/\/friburgonoticias.com.br\/temp\/wp-json\/wp\/v2\/posts\/6676\/revisions"}],"wp:featuredmedia":[{"embeddable":true,"href":"https:\/\/friburgonoticias.com.br\/temp\/wp-json\/wp\/v2\/media\/6677"}],"wp:attachment":[{"href":"https:\/\/friburgonoticias.com.br\/temp\/wp-json\/wp\/v2\/media?parent=6676"}],"wp:term":[{"taxonomy":"category","embeddable":true,"href":"https:\/\/friburgonoticias.com.br\/temp\/wp-json\/wp\/v2\/categories?post=6676"},{"taxonomy":"post_tag","embeddable":true,"href":"https:\/\/friburgonoticias.com.br\/temp\/wp-json\/wp\/v2\/tags?post=6676"}],"curies":[{"name":"wp","href":"https:\/\/api.w.org\/{rel}","templated":true}]}}