{"id":6682,"date":"2025-12-26T12:21:54","date_gmt":"2025-12-26T12:21:54","guid":{"rendered":"https:\/\/friburgonoticias.com.br\/temp\/2025\/12\/26\/castro-sanciona-lei-e-autoriza-adesao-do-estado-ao-programa-para-quitar-divida-de-r-193-bilhoes-com-a-uniao\/"},"modified":"2025-12-26T12:21:54","modified_gmt":"2025-12-26T12:21:54","slug":"castro-sanciona-lei-e-autoriza-adesao-do-estado-ao-programa-para-quitar-divida-de-r-193-bilhoes-com-a-uniao","status":"publish","type":"post","link":"https:\/\/friburgonoticias.com.br\/temp\/2025\/12\/26\/castro-sanciona-lei-e-autoriza-adesao-do-estado-ao-programa-para-quitar-divida-de-r-193-bilhoes-com-a-uniao\/","title":{"rendered":"Castro sanciona lei e autoriza ades\u00e3o do estado ao programa para quitar d\u00edvida de R$ 193 bilh\u00f5es com a Uni\u00e3o"},"content":{"rendered":"<p><\/p>\n<div itemprop=\"articleBody\">\nO <a href=\"https:\/\/www.instagram.com\/claudiocastrorj\/?hl=pt-br\" target=\"_blank\" rel=\"noopener\">governador Cl\u00e1udio Castro (PL)<\/a> sancionou, nesta sexta-feira (26), a <a href=\"https:\/\/temporealrj.com\/deputados-aprovam-adesao-do-rio-ao-propag\/\">lei que autoriza o Estado do Rio a aderir ao Programa de Pleno Pagamento de D\u00edvidas dos Estados (Propag)<\/a>. A iniciativa permite que o estado firme novos contratos de refinanciamento da d\u00edvida com a Uni\u00e3o, atualmente estimada em R$ 193 bilh\u00f5es.<\/p>\n<p>O programa prev\u00ea a possibilidade de zerar juros e reduzir o d\u00e9ficit do governo para 2026, estimado em R$ 18,93 bilh\u00f5es, em at\u00e9 R$ 8 bilh\u00f5es.<a href=\"https:\/\/temporealrj.com\/rumo-ao-recesso-alerj-planeja-votar-450-projetos-em-dois-dias\/\"> A medida foi aprovada em discuss\u00e3o \u00fanica na Assembleia Legislativa do Rio (Alerj), em 18 de dezembro<\/a>.<\/p>\n<h2 class=\"wp-block-heading\"><strong>D\u00edvida do estado tamb\u00e9m poder\u00e1 ser amortizada com uso de im\u00f3veis e royalties do petr\u00f3leo<\/strong><\/h2>\n<p>O texto prev\u00ea que, em at\u00e9 12 meses ap\u00f3s o contrato, poderes e \u00f3rg\u00e3os limitem o crescimento das despesas prim\u00e1rias \u00e0 varia\u00e7\u00e3o do IPCA, com ajustes conforme a receita. Gastos com sa\u00fade, educa\u00e7\u00e3o e repasses a munic\u00edpios ficam fora do limite.<\/p>\n<p>A proposta tamb\u00e9m autoriza o uso de im\u00f3veis do estado, royalties do petr\u00f3leo e outros ativos para amortiza\u00e7\u00e3o da d\u00edvida e permite que o governo solicite o encerramento do Regime de Recupera\u00e7\u00e3o Fiscal (RRF), em vigor desde 2017, desde que cumpridas as exig\u00eancias da legisla\u00e7\u00e3o federal.<\/p>\n<div class=\"wp-block-image\">\n<figure class=\"aligncenter size-full is-resized\"><img loading=\"lazy\" decoding=\"async\" width=\"1020\" height=\"701\" src=\"https:\/\/temporealrj.com\/wp-content\/uploads\/2025\/12\/WhatsApp-Image-2025-12-26-at-08.11.18.jpeg\" alt=\"WhatsApp Image 2025 12 26 at 08.11.18\" class=\"wp-image-112556\" style=\"width:482px;height:auto\" title=\"Castro sanciona lei e autoriza ades\u00e3o do estado ao programa para quitar d\u00edvida de R$ 193 bilh\u00f5es com a Uni\u00e3o 62\" srcset=\"https:\/\/temporealrj.com\/wp-content\/uploads\/2025\/12\/WhatsApp-Image-2025-12-26-at-08.11.18.jpeg 1020w, https:\/\/temporealrj.com\/wp-content\/uploads\/2025\/12\/WhatsApp-Image-2025-12-26-at-08.11.18-300x206.jpeg 300w, https:\/\/temporealrj.com\/wp-content\/uploads\/2025\/12\/WhatsApp-Image-2025-12-26-at-08.11.18-768x528.jpeg 768w, https:\/\/temporealrj.com\/wp-content\/uploads\/2025\/12\/WhatsApp-Image-2025-12-26-at-08.11.18-860x591.jpeg 860w\" sizes=\"auto, (max-width: 1020px) 100vw, 1020px\"\/><\/figure>\n<\/div>\n<div class=\"wp-block-image\">\n<figure class=\"aligncenter size-full is-resized\"><img loading=\"lazy\" decoding=\"async\" width=\"317\" height=\"235\" src=\"https:\/\/temporealrj.com\/wp-content\/uploads\/2025\/12\/WhatsApp-Image-2025-12-26-at-08.11.18-1.jpeg\" alt=\"WhatsApp Image 2025 12 26 at 08.11.18 1\" class=\"wp-image-112557\" style=\"width:239px;height:auto\" title=\"Castro sanciona lei e autoriza ades\u00e3o do estado ao programa para quitar d\u00edvida de R$ 193 bilh\u00f5es com a Uni\u00e3o 63\" srcset=\"https:\/\/temporealrj.com\/wp-content\/uploads\/2025\/12\/WhatsApp-Image-2025-12-26-at-08.11.18-1.jpeg 317w, https:\/\/temporealrj.com\/wp-content\/uploads\/2025\/12\/WhatsApp-Image-2025-12-26-at-08.11.18-1-300x222.jpeg 300w\" sizes=\"auto, (max-width: 317px) 100vw, 317px\"\/><\/figure>\n<\/div>\n<\/div>\n<p><script async src=\"\/\/www.instagram.com\/embed.js\"><\/script><br \/>\n<br \/><\/a><\/p>\n<p>Fonte: temporealrj.com<\/p>\n","protected":false},"excerpt":{"rendered":"<p>O governador Cl\u00e1udio Castro (PL) sancionou, nesta sexta-feira (26), a lei que autoriza o Estado do Rio a aderir ao Programa de Pleno Pagamento de D\u00edvidas dos Estados (Propag). A iniciativa permite que o estado firme novos contratos de refinanciamento da d\u00edvida com a Uni\u00e3o, atualmente estimada em R$ 193 bilh\u00f5es. O programa prev\u00ea a [&hellip;]<\/p>\n","protected":false},"author":3,"featured_media":6683,"comment_status":"open","ping_status":"open","sticky":false,"template":"","format":"standard","meta":{"advanced_seo_description":"","jetpack_seo_html_title":"","jetpack_seo_noindex":false,"fifu_image_url":"https:\/\/temporealrj.com\/wp-content\/uploads\/2024\/07\/image-97.png","fifu_image_alt":"","_jetpack_memberships_contains_paid_content":false,"footnotes":"","jetpack_publicize_message":"","jetpack_publicize_feature_enabled":true,"jetpack_social_post_already_shared":true,"jetpack_social_options":{"image_generator_settings":{"template":"highway","default_image_id":0,"font":"","enabled":false},"version":2}},"categories":[107],"tags":[],"class_list":{"0":"post-6682","1":"post","2":"type-post","3":"status-publish","4":"format-standard","5":"has-post-thumbnail","7":"category-economia"},"jetpack_publicize_connections":[],"jetpack_featured_media_url":"https:\/\/i0.wp.com\/temporealrj.com\/wp-content\/uploads\/2024\/07\/image-97.png?fit=%2C&ssl=1","jetpack_sharing_enabled":true,"jetpack-related-posts":[],"_links":{"self":[{"href":"https:\/\/friburgonoticias.com.br\/temp\/wp-json\/wp\/v2\/posts\/6682","targetHints":{"allow":["GET"]}}],"collection":[{"href":"https:\/\/friburgonoticias.com.br\/temp\/wp-json\/wp\/v2\/posts"}],"about":[{"href":"https:\/\/friburgonoticias.com.br\/temp\/wp-json\/wp\/v2\/types\/post"}],"author":[{"embeddable":true,"href":"https:\/\/friburgonoticias.com.br\/temp\/wp-json\/wp\/v2\/users\/3"}],"replies":[{"embeddable":true,"href":"https:\/\/friburgonoticias.com.br\/temp\/wp-json\/wp\/v2\/comments?post=6682"}],"version-history":[{"count":0,"href":"https:\/\/friburgonoticias.com.br\/temp\/wp-json\/wp\/v2\/posts\/6682\/revisions"}],"wp:featuredmedia":[{"embeddable":true,"href":"https:\/\/friburgonoticias.com.br\/temp\/wp-json\/wp\/v2\/media\/6683"}],"wp:attachment":[{"href":"https:\/\/friburgonoticias.com.br\/temp\/wp-json\/wp\/v2\/media?parent=6682"}],"wp:term":[{"taxonomy":"category","embeddable":true,"href":"https:\/\/friburgonoticias.com.br\/temp\/wp-json\/wp\/v2\/categories?post=6682"},{"taxonomy":"post_tag","embeddable":true,"href":"https:\/\/friburgonoticias.com.br\/temp\/wp-json\/wp\/v2\/tags?post=6682"}],"curies":[{"name":"wp","href":"https:\/\/api.w.org\/{rel}","templated":true}]}}