{"id":6684,"date":"2025-12-26T13:17:58","date_gmt":"2025-12-26T13:17:58","guid":{"rendered":"https:\/\/friburgonoticias.com.br\/temp\/2025\/12\/26\/deu-no-diario-oficial-salario-dos-deputados-estaduais-e-fixado-em-r-347-mil\/"},"modified":"2025-12-26T13:17:58","modified_gmt":"2025-12-26T13:17:58","slug":"deu-no-diario-oficial-salario-dos-deputados-estaduais-e-fixado-em-r-347-mil","status":"publish","type":"post","link":"https:\/\/friburgonoticias.com.br\/temp\/2025\/12\/26\/deu-no-diario-oficial-salario-dos-deputados-estaduais-e-fixado-em-r-347-mil\/","title":{"rendered":"Deu no Di\u00e1rio Oficial: sal\u00e1rio dos deputados estaduais \u00e9 fixado em R$ 34,7 mil"},"content":{"rendered":"<p><\/p>\n<div itemprop=\"articleBody\">\nVale o <a href=\"https:\/\/www.ioerj.com.br\/portal\/modules\/content\/index.php?id=21\" target=\"_blank\" rel=\"noopener\">Di\u00e1rio Oficial<\/a>. O governador Cl\u00e1udio Castro (PL) sancionou, nesta sexta-feira (26), a <a href=\"https:\/\/temporealrj.com\/ministro-gilmar-mendes-trava-aumento-de-salarios-de-deputados-do-rio\/\">lei que fixa o sal\u00e1rio dos deputados estaduais em R$ 34.774,64<\/a>. A medida n\u00e3o gera nova despesa e apenas oficializa a decis\u00e3o do Supremo Tribunal Federal (STF), que impede a vincula\u00e7\u00e3o autom\u00e1tica das remunera\u00e7\u00f5es dos parlamentares estaduais aos federais.<\/p>\n<p>Agora, com o ac\u00f3rd\u00e3o do STF, as assembleias dever\u00e3o votar a cada quatro anos uma lei espec\u00edfica para definir o sal\u00e1rio dos representantes do legislativo de cada estado. <\/p>\n<p>A legisla\u00e7\u00e3o, no entanto, precisa respeitar a Constitui\u00e7\u00e3o Federal, que determina que a remunera\u00e7\u00e3o de um parlamentar estadual n\u00e3o pode ultrapassar 75% do valor recebido por um deputado federal.<\/p>\n<h2 class=\"wp-block-heading\">Decano da Alerj destacou que o sal\u00e1rio dos deputados estaduais n\u00e3o ter\u00e1 nenhum aumento<\/h2>\n<p>A medida foi aprovada pela <a href=\"https:\/\/www.alerj.rj.gov.br\/\" target=\"_blank\" rel=\"noopener\">Assembleia Legislativa do Rio (Alerj) <\/a>no dia 2 de dezembro. Na ocasi\u00e3o, o decano da casa, Carlos Minc (PSB), destacou que a proposta n\u00e3o resultar\u00e1 em aumento nos sal\u00e1rios.<\/p>\n<p>\u201cOs deputados estaduais sempre receberam o equivalente a 75% dos federais. Durante algum tempo isso era aprovado por lei, depois passou a ser definido por resolu\u00e7\u00e3o da Mesa Diretora e, agora, o STF exigiu que seja novamente por lei. N\u00e3o h\u00e1 nenhum aumento no subs\u00eddio\u201d, enfatizou.<\/p>\n<div class=\"wp-block-image\">\n<figure class=\"aligncenter size-full is-resized\"><img loading=\"lazy\" decoding=\"async\" width=\"551\" height=\"431\" src=\"https:\/\/temporealrj.com\/wp-content\/uploads\/2025\/12\/WhatsApp-Image-2025-12-26-at-08.14.49.jpeg\" alt=\"WhatsApp Image 2025 12 26 at 08.14.49\" class=\"wp-image-112568\" style=\"width:363px;height:auto\" title=\"Deu no Di\u00e1rio Oficial: sal\u00e1rio dos deputados estaduais \u00e9 fixado em R$ 34,7 mil 62\" srcset=\"https:\/\/temporealrj.com\/wp-content\/uploads\/2025\/12\/WhatsApp-Image-2025-12-26-at-08.14.49.jpeg 551w, https:\/\/temporealrj.com\/wp-content\/uploads\/2025\/12\/WhatsApp-Image-2025-12-26-at-08.14.49-300x235.jpeg 300w\" sizes=\"auto, (max-width: 551px) 100vw, 551px\"\/><\/figure>\n<\/div>\n<\/div>\n<p><\/a><\/p>\n<p>Fonte: temporealrj.com<\/p>\n","protected":false},"excerpt":{"rendered":"<p>Vale o Di\u00e1rio Oficial. O governador Cl\u00e1udio Castro (PL) sancionou, nesta sexta-feira (26), a lei que fixa o sal\u00e1rio dos deputados estaduais em R$ 34.774,64. A medida n\u00e3o gera nova despesa e apenas oficializa a decis\u00e3o do Supremo Tribunal Federal (STF), que impede a vincula\u00e7\u00e3o autom\u00e1tica das remunera\u00e7\u00f5es dos parlamentares estaduais aos federais. Agora, com [&hellip;]<\/p>\n","protected":false},"author":3,"featured_media":6685,"comment_status":"open","ping_status":"open","sticky":false,"template":"","format":"standard","meta":{"advanced_seo_description":"","jetpack_seo_html_title":"","jetpack_seo_noindex":false,"fifu_image_url":"https:\/\/temporealrj.com\/wp-content\/uploads\/2025\/12\/OrdemdoDia_18_12_2025_ThiagoLontra-10-1-scaled-e1766752454398.jpg","fifu_image_alt":"","_jetpack_memberships_contains_paid_content":false,"footnotes":"","jetpack_publicize_message":"","jetpack_publicize_feature_enabled":true,"jetpack_social_post_already_shared":true,"jetpack_social_options":{"image_generator_settings":{"template":"highway","default_image_id":0,"font":"","enabled":false},"version":2}},"categories":[107],"tags":[],"class_list":{"0":"post-6684","1":"post","2":"type-post","3":"status-publish","4":"format-standard","5":"has-post-thumbnail","7":"category-economia"},"jetpack_publicize_connections":[],"jetpack_featured_media_url":"https:\/\/i0.wp.com\/temporealrj.com\/wp-content\/uploads\/2025\/12\/OrdemdoDia_18_12_2025_ThiagoLontra-10-1-scaled-e1766752454398.jpg?fit=%2C&ssl=1","jetpack_sharing_enabled":true,"jetpack-related-posts":[],"_links":{"self":[{"href":"https:\/\/friburgonoticias.com.br\/temp\/wp-json\/wp\/v2\/posts\/6684","targetHints":{"allow":["GET"]}}],"collection":[{"href":"https:\/\/friburgonoticias.com.br\/temp\/wp-json\/wp\/v2\/posts"}],"about":[{"href":"https:\/\/friburgonoticias.com.br\/temp\/wp-json\/wp\/v2\/types\/post"}],"author":[{"embeddable":true,"href":"https:\/\/friburgonoticias.com.br\/temp\/wp-json\/wp\/v2\/users\/3"}],"replies":[{"embeddable":true,"href":"https:\/\/friburgonoticias.com.br\/temp\/wp-json\/wp\/v2\/comments?post=6684"}],"version-history":[{"count":0,"href":"https:\/\/friburgonoticias.com.br\/temp\/wp-json\/wp\/v2\/posts\/6684\/revisions"}],"wp:featuredmedia":[{"embeddable":true,"href":"https:\/\/friburgonoticias.com.br\/temp\/wp-json\/wp\/v2\/media\/6685"}],"wp:attachment":[{"href":"https:\/\/friburgonoticias.com.br\/temp\/wp-json\/wp\/v2\/media?parent=6684"}],"wp:term":[{"taxonomy":"category","embeddable":true,"href":"https:\/\/friburgonoticias.com.br\/temp\/wp-json\/wp\/v2\/categories?post=6684"},{"taxonomy":"post_tag","embeddable":true,"href":"https:\/\/friburgonoticias.com.br\/temp\/wp-json\/wp\/v2\/tags?post=6684"}],"curies":[{"name":"wp","href":"https:\/\/api.w.org\/{rel}","templated":true}]}}