{"id":6696,"date":"2025-12-29T10:58:29","date_gmt":"2025-12-29T10:58:29","guid":{"rendered":"https:\/\/friburgonoticias.com.br\/temp\/2025\/12\/29\/e-treta-paes-bate-boca-com-garotinho-nas-redes-sociais-e-chama-o-ex-governador-de-vagabundo-presidiario\/"},"modified":"2025-12-29T10:58:29","modified_gmt":"2025-12-29T10:58:29","slug":"e-treta-paes-bate-boca-com-garotinho-nas-redes-sociais-e-chama-o-ex-governador-de-vagabundo-presidiario","status":"publish","type":"post","link":"https:\/\/friburgonoticias.com.br\/temp\/2025\/12\/29\/e-treta-paes-bate-boca-com-garotinho-nas-redes-sociais-e-chama-o-ex-governador-de-vagabundo-presidiario\/","title":{"rendered":"\u00c9 treta! Paes bate-boca com Garotinho nas redes sociais e chama o ex-governador de &#8216;vagabundo presidi\u00e1rio&#8217;"},"content":{"rendered":"<p><\/p>\n<div itemprop=\"articleBody\">\nO prefeito Eduardo Paes (PSD) n\u00e3o resistiu e respondeu a uma postagem na qual o ex-governador Anthony Garotinho anuncia que vai come\u00e7ar a publicar uma s\u00e9rie de den\u00fancias contra o alcaide e seu irm\u00e3o, Guilherme Paes, s\u00f3cio do banco BTG Pactual. Garotinho insinua que houve irregularidades, com a participa\u00e7\u00e3o de Guilherme, na concess\u00e3o de cemit\u00e9rios da cidade \u00e0 empresa Rio Pax, integrante de um grupo econ\u00f4mico que, mais recentemente, tamb\u00e9m venceu uma licita\u00e7\u00e3o na Comlurb. <\/p>\n<p>O prefeito respondeu na postagem, e disse que <a href=\"https:\/\/temporealrj.com\/castro-e-analine-processam-garotinho-por-calunia-e-difamacao\/\">Garotinho ser\u00e1, mais uma vez, processado<\/a>: \u201cVagabundo presidi\u00e1rio (5x). Minha fam\u00edlia n\u00e3o depende da pol\u00edtica igual a voc\u00ea e sua corja\u201d.<\/p>\n<p>Garotinho disse que em \u201clongo e minucioso trabalho investigativo\u201d apurou detalhes do que chamou de negociata na concess\u00e3o dos cemit\u00e9rios \u00e0 Rio Pax. \u201cManobras licitat\u00f3rias, amea\u00e7as a concorrentes\u201d, dispara o ex-governador, sem, no entanto, apresentar provas. Segundo ele, a partir de mar\u00e7o publicar\u00e1 a s\u00e9rie \u201cNem os mortos escapam\u201d. A postagem \u00e9 ilustrada com fotos de prefeito, seu irm\u00e3o Guilherme e um carro funer\u00e1rio da Rio Pax.<\/p>\n<h2 class=\"wp-block-heading\">Coment\u00e1rio de Paes sobre o prefeito Wladimir Garotinho teria sido apagado<\/h2>\n<p>Garotinho postou as \u201cden\u00fancias\u201d na rede X, ex-Twitter, neste domingo (28). Horas depois, veio a resposta. Nas redes do ex-governador h\u00e1 a c\u00f3pia de um segundo coment\u00e1rio, no qual o prefeito do Rio fala do prefeito de Campos, Wladimir Garotinho, filho do ex-governador \u201cque pela gra\u00e7a de Deus se afastou de voc\u00ea\u201d. \u201cNem seu filho te aguenta!\u201d, est\u00e1 no print. O segundo coment\u00e1rio teria sido apagado.<\/p>\n<p>Garotinho, claro, copiou as postagens e est\u00e1 divulgando a rea\u00e7\u00e3o. \u201cO nervosismo volta atacar (sic). Calma Dudu\u201d, surfa o ex-governador.<\/p>\n<figure class=\"wp-block-image size-large\"><img loading=\"lazy\" decoding=\"async\" width=\"595\" height=\"1024\" src=\"https:\/\/temporealrj.com\/wp-content\/uploads\/2025\/12\/WhatsApp-Image-2025-12-29-at-07.12.47-595x1024.jpeg\" alt=\"WhatsApp Image 2025 12 29 at 07.12.47\" class=\"wp-image-112826\" title=\"\u00c9 treta! Paes bate-boca com Garotinho nas redes sociais e chama o ex-governador de 'vagabundo presidi\u00e1rio' 62\" srcset=\"https:\/\/temporealrj.com\/wp-content\/uploads\/2025\/12\/WhatsApp-Image-2025-12-29-at-07.12.47-595x1024.jpeg 595w, https:\/\/temporealrj.com\/wp-content\/uploads\/2025\/12\/WhatsApp-Image-2025-12-29-at-07.12.47-174x300.jpeg 174w, https:\/\/temporealrj.com\/wp-content\/uploads\/2025\/12\/WhatsApp-Image-2025-12-29-at-07.12.47.jpeg 744w\" sizes=\"auto, (max-width: 595px) 100vw, 595px\"\/><\/figure>\n<\/div>\n<p><\/a><\/p>\n<p>Fonte: temporealrj.com<\/p>\n","protected":false},"excerpt":{"rendered":"<p>O prefeito Eduardo Paes (PSD) n\u00e3o resistiu e respondeu a uma postagem na qual o ex-governador Anthony Garotinho anuncia que vai come\u00e7ar a publicar uma s\u00e9rie de den\u00fancias contra o alcaide e seu irm\u00e3o, Guilherme Paes, s\u00f3cio do banco BTG Pactual. Garotinho insinua que houve irregularidades, com a participa\u00e7\u00e3o de Guilherme, na concess\u00e3o de cemit\u00e9rios [&hellip;]<\/p>\n","protected":false},"author":3,"featured_media":6697,"comment_status":"open","ping_status":"open","sticky":false,"template":"","format":"standard","meta":{"advanced_seo_description":"","jetpack_seo_html_title":"","jetpack_seo_noindex":false,"fifu_image_url":"https:\/\/temporealrj.com\/wp-content\/uploads\/2025\/12\/WhatsApp-Image-2025-12-29-at-07.43.44.jpeg","fifu_image_alt":"","_jetpack_memberships_contains_paid_content":false,"footnotes":"","jetpack_publicize_message":"","jetpack_publicize_feature_enabled":true,"jetpack_social_post_already_shared":true,"jetpack_social_options":{"image_generator_settings":{"template":"highway","default_image_id":0,"font":"","enabled":false},"version":2}},"categories":[107],"tags":[],"class_list":{"0":"post-6696","1":"post","2":"type-post","3":"status-publish","4":"format-standard","5":"has-post-thumbnail","7":"category-economia"},"jetpack_publicize_connections":[],"jetpack_featured_media_url":"https:\/\/i0.wp.com\/temporealrj.com\/wp-content\/uploads\/2025\/12\/WhatsApp-Image-2025-12-29-at-07.43.44.jpeg?fit=%2C&ssl=1","jetpack_sharing_enabled":true,"jetpack-related-posts":[],"_links":{"self":[{"href":"https:\/\/friburgonoticias.com.br\/temp\/wp-json\/wp\/v2\/posts\/6696","targetHints":{"allow":["GET"]}}],"collection":[{"href":"https:\/\/friburgonoticias.com.br\/temp\/wp-json\/wp\/v2\/posts"}],"about":[{"href":"https:\/\/friburgonoticias.com.br\/temp\/wp-json\/wp\/v2\/types\/post"}],"author":[{"embeddable":true,"href":"https:\/\/friburgonoticias.com.br\/temp\/wp-json\/wp\/v2\/users\/3"}],"replies":[{"embeddable":true,"href":"https:\/\/friburgonoticias.com.br\/temp\/wp-json\/wp\/v2\/comments?post=6696"}],"version-history":[{"count":0,"href":"https:\/\/friburgonoticias.com.br\/temp\/wp-json\/wp\/v2\/posts\/6696\/revisions"}],"wp:featuredmedia":[{"embeddable":true,"href":"https:\/\/friburgonoticias.com.br\/temp\/wp-json\/wp\/v2\/media\/6697"}],"wp:attachment":[{"href":"https:\/\/friburgonoticias.com.br\/temp\/wp-json\/wp\/v2\/media?parent=6696"}],"wp:term":[{"taxonomy":"category","embeddable":true,"href":"https:\/\/friburgonoticias.com.br\/temp\/wp-json\/wp\/v2\/categories?post=6696"},{"taxonomy":"post_tag","embeddable":true,"href":"https:\/\/friburgonoticias.com.br\/temp\/wp-json\/wp\/v2\/tags?post=6696"}],"curies":[{"name":"wp","href":"https:\/\/api.w.org\/{rel}","templated":true}]}}