{"id":6698,"date":"2025-12-29T12:38:20","date_gmt":"2025-12-29T12:38:20","guid":{"rendered":"https:\/\/friburgonoticias.com.br\/temp\/2025\/12\/29\/comissao-aprova-mudancas-em-regra-sobre-porte-de-arma-e-uso-de-alcool-ou-drogas-noticias\/"},"modified":"2025-12-29T12:38:20","modified_gmt":"2025-12-29T12:38:20","slug":"comissao-aprova-mudancas-em-regra-sobre-porte-de-arma-e-uso-de-alcool-ou-drogas-noticias","status":"publish","type":"post","link":"https:\/\/friburgonoticias.com.br\/temp\/2025\/12\/29\/comissao-aprova-mudancas-em-regra-sobre-porte-de-arma-e-uso-de-alcool-ou-drogas-noticias\/","title":{"rendered":"Comiss\u00e3o aprova mudan\u00e7as em regra sobre porte de arma e uso de \u00e1lcool ou drogas &#8211; Not\u00edcias"},"content":{"rendered":"<p><\/p>\n<div>\n<p class=\"g-artigo__data-hora\">\n                      29\/12\/2025 &#8211; 09:16 \u00a0\n                    <\/p>\n<div id=\"image-container-1236008\" class=\"image-container\" style=\"float: none; margin: 45px 0px; width: 100%;\" data-midia=\"1236008\">\n        <em>Zeca Ribeiro \/ C\u00e2mara dos Deputados<\/em><\/p>\n<p>        Marcos Pollon \u00e9 o relator do projeto\n        <\/p><\/div>\n<p>        A Comiss\u00e3o de Constitui\u00e7\u00e3o e Justi\u00e7a e de Cidadania da C\u00e2mara dos Deputados aprovou proposta que substitui a perda autom\u00e1tica do porte de arma da pessoa\u00a0flagrada sob efeito de \u00e1lcool ou de drogas por san\u00e7\u00f5es graduais, que variam conforme a conduta e a exist\u00eancia de crime.<\/p>\n<p data-start=\"816\" data-end=\"1178\">Atualmente, o <a class=\"linkLegislacao\" href=\"https:\/\/www2.camara.gov.br\/legin\/fed\/lei\/2003\/lei-10826-22-dezembro-2003-490580-norma-pl.html\">Estatuto do Desarmamento<\/a> determina que a autoriza\u00e7\u00e3o de porte de arma de fogo perder\u00e1 automaticamente a efic\u00e1cia caso o portador seja detido ou abordado em estado de embriaguez ou sob efeito de drogas. A lei tamb\u00e9m n\u00e3o prev\u00ea processo administrativo, multa ou prazo para novo pedido de porte.<\/p>\n<p data-start=\"816\" data-end=\"1178\">Com a mudan\u00e7a aprovada, a autoriza\u00e7\u00e3o para porte passa a ser suspensa quando houver consumo de \u00e1lcool ou drogas, e ser\u00e1 automaticamente cassada se houver cometimento de crime com condena\u00e7\u00e3o. Nessa hip\u00f3tese, o propriet\u00e1rio ficar\u00e1 impedido de solicitar nova autoriza\u00e7\u00e3o pelo prazo de cinco anos ap\u00f3s o cumprimento da pena.<\/p>\n<p data-start=\"1180\" data-end=\"1565\">Como veio do Senado, a proposta segue para san\u00e7\u00e3o presidencial, caso n\u00e3o haja recurso para an\u00e1lise pelo Plen\u00e1rio.<\/p>\n<p data-start=\"1180\" data-end=\"1565\"><strong>Parecer favor\u00e1vel<\/strong><br \/>Para o relator, deputado Marcos Pollon (PL-MS), o texto observa o princ\u00edpio da proporcionalidade ao diferenciar a conduta de portar arma sob efeito de \u00e1lcool ou drogas do cometimento de crime nessa circunst\u00e2ncia.<\/p>\n<p data-start=\"1180\" data-end=\"1565\">Conforme o texto aprovado, o simples consumo de bebida alco\u00f3lica ou de droga, sem a pr\u00e1tica de crime, deixa de resultar na perda autom\u00e1tica do porte. Nesses casos, a arma ser\u00e1 apreendida temporariamente e a autoriza\u00e7\u00e3o ficar\u00e1 suspensa at\u00e9 que cesse o efeito da subst\u00e2ncia.<\/p>\n<p data-start=\"1180\" data-end=\"1565\">A Pol\u00edcia Federal dever\u00e1 instaurar processo administrativo para apurar a ocorr\u00eancia e garantir o direito de defesa.<\/p>\n<p data-start=\"1567\" data-end=\"1854\">Se for comprovado o consumo, ser\u00e1 aplicada multa correspondente a 50% do valor da arma, apurado por per\u00edcia oficial. Ap\u00f3s o pagamento, a autoriza\u00e7\u00e3o para porte de arma de fogo ser\u00e1 automaticamente restaurada. Em caso de reincid\u00eancia, a multa ser\u00e1 duplicada, ainda que envolva outra arma.<\/p>\n<p data-start=\"1567\" data-end=\"1854\">O texto aprovado \u00e9 o <span id=\"4098\" class=\"termoGlossario\" title=\"Nome que se d\u00e1 ao texto que altera substancialmente o conte\u00fado original da proposta. O substitutivo \u00e9 apresentado pelo relator e tem prefer\u00eancia na vota\u00e7\u00e3o sobre o projeto original.\" contenteditable=\"false\" data-toggle=\"tooltip\" data-placement=\"top\">substitutivo<\/span> da Comiss\u00e3o de Seguran\u00e7a P\u00fablica da C\u00e2mara ao <a class=\"linkProposicao\" href=\"https:\/\/www.camara.leg.br\/noticias\/657978-uso-de-alcool-e-drogas-pode-levar-a-perda-do-porte-de-arma-de-fogo-por-10-anos\">Projeto de Lei 1898\/19<\/a>, do Senado Federal.<\/p>\n<p style=\"font-size: 0.8rem; font-weight: 700;\">Reportagem \u2013 Tiago Miranda<br \/>Edi\u00e7\u00e3o \u2013 Rachel Librelon<\/p>\n<\/p><\/div>\n<p><\/a><\/p>\n<p>Fonte: www.camara.leg.br<\/p>\n","protected":false},"excerpt":{"rendered":"<p>29\/12\/2025 &#8211; 09:16 \u00a0 Zeca Ribeiro \/ C\u00e2mara dos Deputados Marcos Pollon \u00e9 o relator do projeto A Comiss\u00e3o de Constitui\u00e7\u00e3o e Justi\u00e7a e de Cidadania da C\u00e2mara dos Deputados aprovou proposta que substitui a perda autom\u00e1tica do porte de arma da pessoa\u00a0flagrada sob efeito de \u00e1lcool ou de drogas por san\u00e7\u00f5es graduais, que variam [&hellip;]<\/p>\n","protected":false},"author":3,"featured_media":6699,"comment_status":"open","ping_status":"open","sticky":false,"template":"","format":"standard","meta":{"advanced_seo_description":"","jetpack_seo_html_title":"","jetpack_seo_noindex":false,"fifu_image_url":"https:\/\/www.camara.leg.br\/midias\/image\/2025\/12\/img20251210153505458-768x473.jpg","fifu_image_alt":"","_jetpack_memberships_contains_paid_content":false,"footnotes":"","jetpack_publicize_message":"","jetpack_publicize_feature_enabled":true,"jetpack_social_post_already_shared":true,"jetpack_social_options":{"image_generator_settings":{"template":"highway","default_image_id":0,"font":"","enabled":false},"version":2}},"categories":[106,1],"tags":[],"class_list":{"0":"post-6698","1":"post","2":"type-post","3":"status-publish","4":"format-standard","5":"has-post-thumbnail","7":"category-politica","8":"category-uncategorized"},"jetpack_publicize_connections":[],"jetpack_featured_media_url":"https:\/\/i0.wp.com\/www.camara.leg.br\/midias\/image\/2025\/12\/img20251210153505458-768x473.jpg?fit=%2C&ssl=1","jetpack_sharing_enabled":true,"jetpack-related-posts":[],"_links":{"self":[{"href":"https:\/\/friburgonoticias.com.br\/temp\/wp-json\/wp\/v2\/posts\/6698","targetHints":{"allow":["GET"]}}],"collection":[{"href":"https:\/\/friburgonoticias.com.br\/temp\/wp-json\/wp\/v2\/posts"}],"about":[{"href":"https:\/\/friburgonoticias.com.br\/temp\/wp-json\/wp\/v2\/types\/post"}],"author":[{"embeddable":true,"href":"https:\/\/friburgonoticias.com.br\/temp\/wp-json\/wp\/v2\/users\/3"}],"replies":[{"embeddable":true,"href":"https:\/\/friburgonoticias.com.br\/temp\/wp-json\/wp\/v2\/comments?post=6698"}],"version-history":[{"count":0,"href":"https:\/\/friburgonoticias.com.br\/temp\/wp-json\/wp\/v2\/posts\/6698\/revisions"}],"wp:featuredmedia":[{"embeddable":true,"href":"https:\/\/friburgonoticias.com.br\/temp\/wp-json\/wp\/v2\/media\/6699"}],"wp:attachment":[{"href":"https:\/\/friburgonoticias.com.br\/temp\/wp-json\/wp\/v2\/media?parent=6698"}],"wp:term":[{"taxonomy":"category","embeddable":true,"href":"https:\/\/friburgonoticias.com.br\/temp\/wp-json\/wp\/v2\/categories?post=6698"},{"taxonomy":"post_tag","embeddable":true,"href":"https:\/\/friburgonoticias.com.br\/temp\/wp-json\/wp\/v2\/tags?post=6698"}],"curies":[{"name":"wp","href":"https:\/\/api.w.org\/{rel}","templated":true}]}}