{"id":6702,"date":"2025-12-29T15:45:04","date_gmt":"2025-12-29T15:45:04","guid":{"rendered":"https:\/\/friburgonoticias.com.br\/temp\/2025\/12\/29\/comissao-aprova-projeto-que-isenta-de-ipi-o-material-usado-para-adaptar-veiculo-de-pessoa-com-deficiencia-noticias\/"},"modified":"2025-12-29T15:45:04","modified_gmt":"2025-12-29T15:45:04","slug":"comissao-aprova-projeto-que-isenta-de-ipi-o-material-usado-para-adaptar-veiculo-de-pessoa-com-deficiencia-noticias","status":"publish","type":"post","link":"https:\/\/friburgonoticias.com.br\/temp\/2025\/12\/29\/comissao-aprova-projeto-que-isenta-de-ipi-o-material-usado-para-adaptar-veiculo-de-pessoa-com-deficiencia-noticias\/","title":{"rendered":"Comiss\u00e3o aprova projeto que isenta de IPI o material usado para adaptar ve\u00edculo de pessoa com defici\u00eancia &#8211; Not\u00edcias"},"content":{"rendered":"<p><\/p>\n<div>\n<div>\n<p class=\"g-artigo__data-hora\">\n                      29\/12\/2025 &#8211; 10:04 \u00a0\n                    <\/p>\n<div id=\"image-container-1230498\" class=\"image-container\" style=\"float: none; margin: 45px 0px; width: 100%;\" data-midia=\"1230498\">\n        <em>Kayo Magalh\u00e3es \/ C\u00e2mara dos Deputados<\/em><\/p>\n<p>        Deputado Duarte Jr. recomendou a aprova\u00e7\u00e3o da proposta\n        <\/p><\/div>\n<p>        A Comiss\u00e3o de Defesa dos Direitos das Pessoas com Defici\u00eancia da C\u00e2mara dos Deputados aprovou o <a class=\"linkProposicao\" href=\"https:\/\/www.camara.leg.br\/noticias\/1234911-proposta-isenta-de-ipi-o-material-necessario-para-adaptacao-de-veiculos-a-pessoa-com-deficiencia\">Projeto de Lei 5000\/25<\/a>, que prev\u00ea isen\u00e7\u00e3o de Imposto sobre Produtos Industrializados (<span id=\"4186\" class=\"termoGlossario\" title=\"Imposto sobre Produtos Industrializados (IPI): Imposto cobrado pelo governo federal que incide sobre os produtos fabricados no Pa\u00eds ou importados. A al\u00edquota varia conforme o produto.\" contenteditable=\"false\" data-toggle=\"tooltip\" data-placement=\"top\">IPI<\/span>) para pe\u00e7as e equipamentos necess\u00e1rios para adaptar ve\u00edculo destinado a pessoa com defici\u00eancia.<br \/>\n        O relator, deputado Duarte Jr. (PSB-MA), recomendou a aprova\u00e7\u00e3o do texto. \u201cO Estado tem o dever de adotar medidas para garantir a participa\u00e7\u00e3o plena e efetiva das pessoas com defici\u00eancia em todos os aspectos\u201d, afirmou.<br \/>\n        A proposta aprovada altera a <a class=\"linkLegislacao\" href=\"https:\/\/www2.camara.gov.br\/legin\/fed\/lei\/1995\/lei-8989-24-fevereiro-1995-349817-norma-pl.html\">Lei de Isen\u00e7\u00e3o do IPI para Compra de Autom\u00f3veis<\/a>. Atualmente, essa norma j\u00e1 beneficia pessoas com defici\u00eancia na compra de ve\u00edculos novos de at\u00e9 R$ 200 mil.<br \/>\n        \u201cTrata-se de uma medida justa e necess\u00e1ria, uma vez que parte significativa das pessoas com defici\u00eancia n\u00e3o consegue utilizar os ve\u00edculos sem a adapta\u00e7\u00e3o\u201d, disse o autor da proposta, deputado Alfredinho (PT-SP).<br \/>\n        <strong>Pr\u00f3ximos passos<\/strong><br \/>O projeto tramita em <span id=\"4322\" class=\"termoGlossario\" title=\"Rito de tramita\u00e7\u00e3o pelo qual o projeto \u00e9 votado apenas pelas comiss\u00f5es designadas para analis\u00e1-lo, dispensada a delibera\u00e7\u00e3o do Plen\u00e1rio. O projeto perde o car\u00e1ter conclusivo se houver decis\u00e3o divergente entre as comiss\u00f5es ou se, independentemente de ser aprovado ou rejeitado, houver recurso assinado por 52 deputados para a aprecia\u00e7\u00e3o da mat\u00e9ria no Plen\u00e1rio.\" contenteditable=\"false\" data-toggle=\"tooltip\" data-placement=\"top\">car\u00e1ter conclusivo<\/span> e ainda ser\u00e1 analisado pelas comiss\u00f5es de Finan\u00e7as e Tributa\u00e7\u00e3o; e de Constitui\u00e7\u00e3o e Justi\u00e7a e de Cidadania.<br \/>\n        Para virar lei, ter\u00e1 de ser aprovado pela C\u00e2mara e pelo Senado.<\/p>\n<p style=\"font-size: 0.8rem; font-weight: 700;\">Da Reportagem\/RM<br \/>Edi\u00e7\u00e3o \u2013 Natalia Doederlein<\/p>\n<\/p><\/div>\n<\/p><\/div>\n<p><\/a><\/p>\n<p>Fonte: www.camara.leg.br<\/p>\n","protected":false},"excerpt":{"rendered":"<p>29\/12\/2025 &#8211; 10:04 \u00a0 Kayo Magalh\u00e3es \/ C\u00e2mara dos Deputados Deputado Duarte Jr. recomendou a aprova\u00e7\u00e3o da proposta A Comiss\u00e3o de Defesa dos Direitos das Pessoas com Defici\u00eancia da C\u00e2mara dos Deputados aprovou o Projeto de Lei 5000\/25, que prev\u00ea isen\u00e7\u00e3o de Imposto sobre Produtos Industrializados (IPI) para pe\u00e7as e equipamentos necess\u00e1rios para adaptar ve\u00edculo [&hellip;]<\/p>\n","protected":false},"author":3,"featured_media":6703,"comment_status":"open","ping_status":"open","sticky":false,"template":"","format":"standard","meta":{"advanced_seo_description":"","jetpack_seo_html_title":"","jetpack_seo_noindex":false,"fifu_image_url":"https:\/\/www.camara.leg.br\/midias\/image\/2025\/12\/img20251202201628801-768x473.jpg","fifu_image_alt":"","_jetpack_memberships_contains_paid_content":false,"footnotes":"","jetpack_publicize_message":"","jetpack_publicize_feature_enabled":true,"jetpack_social_post_already_shared":true,"jetpack_social_options":{"image_generator_settings":{"template":"highway","default_image_id":0,"font":"","enabled":false},"version":2}},"categories":[106,1],"tags":[],"class_list":{"0":"post-6702","1":"post","2":"type-post","3":"status-publish","4":"format-standard","5":"has-post-thumbnail","7":"category-politica","8":"category-uncategorized"},"jetpack_publicize_connections":[],"jetpack_featured_media_url":"https:\/\/i0.wp.com\/www.camara.leg.br\/midias\/image\/2025\/12\/img20251202201628801-768x473.jpg?fit=%2C&ssl=1","jetpack_sharing_enabled":true,"jetpack-related-posts":[],"_links":{"self":[{"href":"https:\/\/friburgonoticias.com.br\/temp\/wp-json\/wp\/v2\/posts\/6702","targetHints":{"allow":["GET"]}}],"collection":[{"href":"https:\/\/friburgonoticias.com.br\/temp\/wp-json\/wp\/v2\/posts"}],"about":[{"href":"https:\/\/friburgonoticias.com.br\/temp\/wp-json\/wp\/v2\/types\/post"}],"author":[{"embeddable":true,"href":"https:\/\/friburgonoticias.com.br\/temp\/wp-json\/wp\/v2\/users\/3"}],"replies":[{"embeddable":true,"href":"https:\/\/friburgonoticias.com.br\/temp\/wp-json\/wp\/v2\/comments?post=6702"}],"version-history":[{"count":0,"href":"https:\/\/friburgonoticias.com.br\/temp\/wp-json\/wp\/v2\/posts\/6702\/revisions"}],"wp:featuredmedia":[{"embeddable":true,"href":"https:\/\/friburgonoticias.com.br\/temp\/wp-json\/wp\/v2\/media\/6703"}],"wp:attachment":[{"href":"https:\/\/friburgonoticias.com.br\/temp\/wp-json\/wp\/v2\/media?parent=6702"}],"wp:term":[{"taxonomy":"category","embeddable":true,"href":"https:\/\/friburgonoticias.com.br\/temp\/wp-json\/wp\/v2\/categories?post=6702"},{"taxonomy":"post_tag","embeddable":true,"href":"https:\/\/friburgonoticias.com.br\/temp\/wp-json\/wp\/v2\/tags?post=6702"}],"curies":[{"name":"wp","href":"https:\/\/api.w.org\/{rel}","templated":true}]}}