{"id":6706,"date":"2025-12-29T18:03:09","date_gmt":"2025-12-29T18:03:09","guid":{"rendered":"https:\/\/friburgonoticias.com.br\/temp\/2025\/12\/29\/apos-reuniao-com-parlamentares-riosaneamento-promete-ampliar-atendimento-e-reparo-de-vazamentos-em-guaratiba\/"},"modified":"2025-12-29T18:03:09","modified_gmt":"2025-12-29T18:03:09","slug":"apos-reuniao-com-parlamentares-riosaneamento-promete-ampliar-atendimento-e-reparo-de-vazamentos-em-guaratiba","status":"publish","type":"post","link":"https:\/\/friburgonoticias.com.br\/temp\/2025\/12\/29\/apos-reuniao-com-parlamentares-riosaneamento-promete-ampliar-atendimento-e-reparo-de-vazamentos-em-guaratiba\/","title":{"rendered":"Ap\u00f3s reuni\u00e3o com parlamentares, Rio+Saneamento promete ampliar atendimento e reparo de vazamentos em Guaratiba"},"content":{"rendered":"<p><\/p>\n<div itemprop=\"articleBody\">\nA falta d\u2019\u00e1gua em <a href=\"https:\/\/temporealrj.com\/rio-aguas-marca-para-janeiro-a-licitacao-das-obras-contra-enchentes-no-jardim-maravilha-previsao-de-investimento-e-de-r-288-milhoes\/\">Guaratiba, na Zona Oeste<\/a>, foi tema de uma reuni\u00e3o entre representantes da concession\u00e1ria Rio+Saneamento e os irm\u00e3os Carlo Caiado (PSD), presidente da C\u00e2mara dos Vereadores do Rio, e Claudio Caiado (PSD), deputado estadual. a reuni\u00e3o aconteceu nesta segunda-feira (29) e tamb\u00e9m contou com a presen\u00e7a de lideran\u00e7as comunit\u00e1rias da regi\u00e3o.<\/p>\n<p>Diferentes \u00e1reas do bairro enfrentam problemas de abastecimento h\u00e1 pelo menos tr\u00eas meses. Ap\u00f3s a conversa, a concession\u00e1ria prometeu implementar medidas emergenciais para resolver a falta d\u2019\u00e1gua e amenizar o problema na regi\u00e3o.<\/p>\n<p>Entre as a\u00e7\u00f5es, est\u00e1 a amplia\u00e7\u00e3o da frota de caminh\u00f5es-pipa e do quadro de equipes de atendimento ao cliente na regi\u00e3o para registrar reclama\u00e7\u00f5es de moradores. A Rio+Saneamento tamb\u00e9m disse que vai aumentar o n\u00famero de agentes atuando no reparo de vazamentos. A empresa refor\u00e7ou, ainda, que pretende investir cerca de 126 milh\u00f5es em obras na Zona Oeste em 2026.<\/p>\n<h2 class=\"wp-block-heading\">Problemas em Guaratiba j\u00e1 foram tema de reuni\u00e3o com a Rio+Saneamento<\/h2>\n<p>Essa \u00e9 a segunda reuni\u00e3o entre lideran\u00e7as pol\u00edticas da capital e representantes da Rio+Saneamento para tratar do assunto neste semestre. H\u00e1 cerca de tr\u00eas meses, os parlamentares j\u00e1 haviam se reunido com a empresa para estabelecer um plano de a\u00e7\u00f5es para combater o problema.\u00a0<\/p>\n<p>As \u00e1reas do Piraqu\u00ea, Capoeira Grande, Ilha de Guaratiba, Barra de Guaratiba, Cabu\u00eds, Jardim Maravilha, Jardim Guaratiba e Pingo d\u2019\u00c1gua s\u00e3o as mais afetadas.\n<\/p><\/div>\n<p><\/a><\/p>\n<p>Fonte: temporealrj.com<\/p>\n","protected":false},"excerpt":{"rendered":"<p>A falta d\u2019\u00e1gua em Guaratiba, na Zona Oeste, foi tema de uma reuni\u00e3o entre representantes da concession\u00e1ria Rio+Saneamento e os irm\u00e3os Carlo Caiado (PSD), presidente da C\u00e2mara dos Vereadores do Rio, e Claudio Caiado (PSD), deputado estadual. a reuni\u00e3o aconteceu nesta segunda-feira (29) e tamb\u00e9m contou com a presen\u00e7a de lideran\u00e7as comunit\u00e1rias da regi\u00e3o. Diferentes [&hellip;]<\/p>\n","protected":false},"author":3,"featured_media":6707,"comment_status":"open","ping_status":"open","sticky":false,"template":"","format":"standard","meta":{"advanced_seo_description":"","jetpack_seo_html_title":"","jetpack_seo_noindex":false,"fifu_image_url":"https:\/\/temporealrj.com\/wp-content\/uploads\/2025\/12\/WhatsApp-Image-2025-12-29-at-13.49.06-e1767030560175.jpeg","fifu_image_alt":"","_jetpack_memberships_contains_paid_content":false,"footnotes":"","jetpack_publicize_message":"","jetpack_publicize_feature_enabled":true,"jetpack_social_post_already_shared":true,"jetpack_social_options":{"image_generator_settings":{"template":"highway","default_image_id":0,"font":"","enabled":false},"version":2}},"categories":[106,1],"tags":[],"class_list":{"0":"post-6706","1":"post","2":"type-post","3":"status-publish","4":"format-standard","5":"has-post-thumbnail","7":"category-politica","8":"category-uncategorized"},"jetpack_publicize_connections":[],"jetpack_featured_media_url":"https:\/\/i0.wp.com\/temporealrj.com\/wp-content\/uploads\/2025\/12\/WhatsApp-Image-2025-12-29-at-13.49.06-e1767030560175.jpeg?fit=%2C&ssl=1","jetpack_sharing_enabled":true,"jetpack-related-posts":[],"_links":{"self":[{"href":"https:\/\/friburgonoticias.com.br\/temp\/wp-json\/wp\/v2\/posts\/6706","targetHints":{"allow":["GET"]}}],"collection":[{"href":"https:\/\/friburgonoticias.com.br\/temp\/wp-json\/wp\/v2\/posts"}],"about":[{"href":"https:\/\/friburgonoticias.com.br\/temp\/wp-json\/wp\/v2\/types\/post"}],"author":[{"embeddable":true,"href":"https:\/\/friburgonoticias.com.br\/temp\/wp-json\/wp\/v2\/users\/3"}],"replies":[{"embeddable":true,"href":"https:\/\/friburgonoticias.com.br\/temp\/wp-json\/wp\/v2\/comments?post=6706"}],"version-history":[{"count":0,"href":"https:\/\/friburgonoticias.com.br\/temp\/wp-json\/wp\/v2\/posts\/6706\/revisions"}],"wp:featuredmedia":[{"embeddable":true,"href":"https:\/\/friburgonoticias.com.br\/temp\/wp-json\/wp\/v2\/media\/6707"}],"wp:attachment":[{"href":"https:\/\/friburgonoticias.com.br\/temp\/wp-json\/wp\/v2\/media?parent=6706"}],"wp:term":[{"taxonomy":"category","embeddable":true,"href":"https:\/\/friburgonoticias.com.br\/temp\/wp-json\/wp\/v2\/categories?post=6706"},{"taxonomy":"post_tag","embeddable":true,"href":"https:\/\/friburgonoticias.com.br\/temp\/wp-json\/wp\/v2\/tags?post=6706"}],"curies":[{"name":"wp","href":"https:\/\/api.w.org\/{rel}","templated":true}]}}