{"id":6714,"date":"2025-12-29T23:13:16","date_gmt":"2025-12-29T23:13:16","guid":{"rendered":"https:\/\/friburgonoticias.com.br\/temp\/2025\/12\/29\/comissao-aprova-demissao-por-justa-causa-em-caso-de-violencia-contra-mulher-noticias\/"},"modified":"2025-12-29T23:13:16","modified_gmt":"2025-12-29T23:13:16","slug":"comissao-aprova-demissao-por-justa-causa-em-caso-de-violencia-contra-mulher-noticias","status":"publish","type":"post","link":"https:\/\/friburgonoticias.com.br\/temp\/2025\/12\/29\/comissao-aprova-demissao-por-justa-causa-em-caso-de-violencia-contra-mulher-noticias\/","title":{"rendered":"Comiss\u00e3o aprova demiss\u00e3o por justa causa em caso de viol\u00eancia contra mulher &#8211; Not\u00edcias"},"content":{"rendered":"<p><\/p>\n<div>\n<p class=\"g-artigo__data-hora\">\n                      29\/12\/2025 &#8211; 19:49 \u00a0\n                    <\/p>\n<div id=\"image-container-1236257\" class=\"image-container\" style=\"float: none; margin: 45px 0px; width: 100%;\" data-midia=\"1236257\">\n        <em>Renato Ara\u00fajo\/C\u00e2mara dos Deputados<\/em><\/p>\n<p>        Leonardo Monteiro: &#8220;Medida fortalece a prote\u00e7\u00e3o da trabalhadora&#8221;\n        <\/p><\/div>\n<p>        A Comiss\u00e3o de Trabalho da C\u00e2mara dos Deputados aprovou, em dezembro, proposta que inclui a pr\u00e1tica de atos de viol\u00eancia f\u00edsica, psicol\u00f3gica, sexual, patrimonial ou moral contra a mulher entre os motivos que podem levar \u00e0 demiss\u00e3o por justa causa do trabalhador.<br \/>\n        O relator, deputado Leonardo Monteiro (PT-MG), recomendou a aprova\u00e7\u00e3o de uma nova reda\u00e7\u00e3o (<span id=\"4098\" class=\"termoGlossario\" title=\"Nome que se d\u00e1 ao texto que altera substancialmente o conte\u00fado original da proposta. O substitutivo \u00e9 apresentado pelo relator e tem prefer\u00eancia na vota\u00e7\u00e3o sobre o projeto original.\" contenteditable=\"false\" data-toggle=\"tooltip\" data-placement=\"top\">substitutivo<\/span>), acatado anteriormente na Comiss\u00e3o de Defesa dos Direitos da Mulher para o <a class=\"linkProposicao\" href=\"https:\/\/www.camara.leg.br\/noticias\/737909-projeto-inclui-violencia-contra-a-mulher-entre-motivos-para-demissao-por-justa-causa\">Projeto de Lei 770\/21<\/a>, da ex-deputada Professora Rosa Neide (MT).<br \/>\n        O substitutivo limita a puni\u00e7\u00e3o aos casos em que o agressor preste servi\u00e7os no mesmo local de trabalho da mulher ou tenha contato com ela em raz\u00e3o do trabalho, ainda que o ato tenha sido praticado fora do servi\u00e7o.<br \/>\n        Hoje a <a href=\"https:\/\/www2.camara.leg.br\/legin\/fed\/declei\/1940-1949\/decreto-lei-5452-1-maio-1943-415500-publicacaooriginal-1-pe.html\">Consolida\u00e7\u00e3o das Leis do Trabalho<\/a> j\u00e1 permite a demiss\u00e3o do trabalhador no caso de condena\u00e7\u00e3o criminal, com <span id=\"4142\" class=\"termoGlossario\" title=\"Express\u00e3o usada para uma decis\u00e3o (senten\u00e7a ou ac\u00f3rd\u00e3o) da qual n\u00e3o se pode mais recorrer, seja porque j\u00e1 passou por todos os recursos poss\u00edveis, seja porque o prazo para recorrer terminou. \" contenteditable=\"false\" data-toggle=\"tooltip\" data-placement=\"top\">tr\u00e2nsito em julgado<\/span>, ou quando houver mau procedimento ou ato lesivo contra qualquer pessoa no ambiente de trabalho ou que prejudique obriga\u00e7\u00f5es contratuais.<br \/>\n        Nesse contexto, Leonardo Monteiro acredita que a previs\u00e3o expressa proposta pelo substitutivo confere maior seguran\u00e7a jur\u00eddica \u00e0 decis\u00e3o empresarial, ao reconhecer que a viol\u00eancia baseada em g\u00eanero, sempre que repercutir no contrato ou no ambiente de trabalho, permitir\u00e1 a rescis\u00e3o por justa causa.<br \/>\n        \u201cA medida fortalece a prote\u00e7\u00e3o da trabalhadora, previne a revitimiza\u00e7\u00e3o e refor\u00e7a o dever constitucional de promo\u00e7\u00e3o de um ambiente laboral seguro, saud\u00e1vel e livre de viol\u00eancia\u201d, afirmou o relator.<br \/>\n        <strong>Pr\u00f3ximos passos<\/strong><br \/>O projeto, que tramita em <span id=\"4322\" class=\"termoGlossario\" title=\"Rito de tramita\u00e7\u00e3o pelo qual o projeto \u00e9 votado apenas pelas comiss\u00f5es designadas para analis\u00e1-lo, dispensada a delibera\u00e7\u00e3o do Plen\u00e1rio. O projeto perde o car\u00e1ter conclusivo se houver decis\u00e3o divergente entre as comiss\u00f5es ou se, independentemente de ser aprovado ou rejeitado, houver recurso assinado por 52 deputados para a aprecia\u00e7\u00e3o da mat\u00e9ria no Plen\u00e1rio.\" contenteditable=\"false\" data-toggle=\"tooltip\" data-placement=\"top\">car\u00e1ter conclusivo<\/span>, ainda ser\u00e1 analisado pela Comiss\u00e3o de Constitui\u00e7\u00e3o e Justi\u00e7a e de Cidadania. Para virar lei, precisa ser aprovado pelos deputados e pelos senadores.<\/p>\n<p style=\"font-size: 0.8rem; font-weight: 700;\">Reportagem \u2013 No\u00e9li Nobre<br \/>Edi\u00e7\u00e3o \u2013 Roberto Seabra<\/p>\n<\/p><\/div>\n<p><\/a><\/p>\n<p>Fonte: www.camara.leg.br<\/p>\n","protected":false},"excerpt":{"rendered":"<p>29\/12\/2025 &#8211; 19:49 \u00a0 Renato Ara\u00fajo\/C\u00e2mara dos Deputados Leonardo Monteiro: &#8220;Medida fortalece a prote\u00e7\u00e3o da trabalhadora&#8221; A Comiss\u00e3o de Trabalho da C\u00e2mara dos Deputados aprovou, em dezembro, proposta que inclui a pr\u00e1tica de atos de viol\u00eancia f\u00edsica, psicol\u00f3gica, sexual, patrimonial ou moral contra a mulher entre os motivos que podem levar \u00e0 demiss\u00e3o por justa [&hellip;]<\/p>\n","protected":false},"author":3,"featured_media":6715,"comment_status":"open","ping_status":"open","sticky":false,"template":"","format":"standard","meta":{"advanced_seo_description":"","jetpack_seo_html_title":"","jetpack_seo_noindex":false,"fifu_image_url":"https:\/\/www.camara.leg.br\/midias\/image\/2025\/12\/img20251125192819976-768x474.jpg","fifu_image_alt":"","_jetpack_memberships_contains_paid_content":false,"footnotes":"","jetpack_publicize_message":"","jetpack_publicize_feature_enabled":true,"jetpack_social_post_already_shared":true,"jetpack_social_options":{"image_generator_settings":{"template":"highway","default_image_id":0,"font":"","enabled":false},"version":2}},"categories":[106,1],"tags":[],"class_list":{"0":"post-6714","1":"post","2":"type-post","3":"status-publish","4":"format-standard","5":"has-post-thumbnail","7":"category-politica","8":"category-uncategorized"},"jetpack_publicize_connections":[],"jetpack_featured_media_url":"https:\/\/i0.wp.com\/www.camara.leg.br\/midias\/image\/2025\/12\/img20251125192819976-768x474.jpg?fit=%2C&ssl=1","jetpack_sharing_enabled":true,"jetpack-related-posts":[],"_links":{"self":[{"href":"https:\/\/friburgonoticias.com.br\/temp\/wp-json\/wp\/v2\/posts\/6714","targetHints":{"allow":["GET"]}}],"collection":[{"href":"https:\/\/friburgonoticias.com.br\/temp\/wp-json\/wp\/v2\/posts"}],"about":[{"href":"https:\/\/friburgonoticias.com.br\/temp\/wp-json\/wp\/v2\/types\/post"}],"author":[{"embeddable":true,"href":"https:\/\/friburgonoticias.com.br\/temp\/wp-json\/wp\/v2\/users\/3"}],"replies":[{"embeddable":true,"href":"https:\/\/friburgonoticias.com.br\/temp\/wp-json\/wp\/v2\/comments?post=6714"}],"version-history":[{"count":0,"href":"https:\/\/friburgonoticias.com.br\/temp\/wp-json\/wp\/v2\/posts\/6714\/revisions"}],"wp:featuredmedia":[{"embeddable":true,"href":"https:\/\/friburgonoticias.com.br\/temp\/wp-json\/wp\/v2\/media\/6715"}],"wp:attachment":[{"href":"https:\/\/friburgonoticias.com.br\/temp\/wp-json\/wp\/v2\/media?parent=6714"}],"wp:term":[{"taxonomy":"category","embeddable":true,"href":"https:\/\/friburgonoticias.com.br\/temp\/wp-json\/wp\/v2\/categories?post=6714"},{"taxonomy":"post_tag","embeddable":true,"href":"https:\/\/friburgonoticias.com.br\/temp\/wp-json\/wp\/v2\/tags?post=6714"}],"curies":[{"name":"wp","href":"https:\/\/api.w.org\/{rel}","templated":true}]}}