{"id":6718,"date":"2025-12-30T13:20:42","date_gmt":"2025-12-30T13:20:42","guid":{"rendered":"https:\/\/friburgonoticias.com.br\/temp\/2025\/12\/30\/castro-oficializa-gratificacao-de-20-para-todos-os-policiais-penais-do-estado-do-rio\/"},"modified":"2025-12-30T13:20:42","modified_gmt":"2025-12-30T13:20:42","slug":"castro-oficializa-gratificacao-de-20-para-todos-os-policiais-penais-do-estado-do-rio","status":"publish","type":"post","link":"https:\/\/friburgonoticias.com.br\/temp\/2025\/12\/30\/castro-oficializa-gratificacao-de-20-para-todos-os-policiais-penais-do-estado-do-rio\/","title":{"rendered":"Castro oficializa gratifica\u00e7\u00e3o de 20% para todos os policiais penais do estado do Rio"},"content":{"rendered":"<p><\/p>\n<div itemprop=\"articleBody\">\nO governador Cl\u00e1udio Castro (PL) sancionou a lei que garante o pagamento da Gratifica\u00e7\u00e3o de Valoriza\u00e7\u00e3o Profissional (GVP) a todos os inspetores da Pol\u00edcia Penal do Rio. Publicada no Di\u00e1rio Oficial desta ter\u00e7a-feira (30), a norma aumenta em 20% o valor do vencimento-base para a categoria. <a href=\"https:\/\/temporealrj.com\/alerj-aprova-gratificacao-de-20-a-policiais-penais-incluindo-os-inativos\/\">A lei foi aprovada pela Assembleia Legislativa do Rio no \u00faltimo dia 18<\/a>.<\/p>\n<p>O aumento tamb\u00e9m vale para os policiais penais inativos do Rio. O texto tamb\u00e9m veda a concess\u00e3o de outras gratifica\u00e7\u00f5es de encargos especiais aos benefici\u00e1rios, com exce\u00e7\u00e3o das que forem decorrentes do exerc\u00edcio de cargos em comiss\u00e3o, fun\u00e7\u00f5es gratificadas ou das previstas em legisla\u00e7\u00e3o espec\u00edfica.<\/p>\n<h2 class=\"wp-block-heading\">Emenda de deputado aumentou percentual de reajuste para policiais penais<\/h2>\n<p>Inicialmente, <a href=\"https:\/\/temporealrj.com\/gratificacao-de-18-para-policiais-penais-incluindo-inativos-e-retirada-de-pauta-pela-terceira-vez-seguida\/\">o aumento seria apenas de 18%<\/a>. No entanto, durante a discuss\u00e3o da medida na Alerj, o deputado Luiz Paulo (PSD) prop\u00f4s uma emenda que aumentava a gratifica\u00e7\u00e3o para 30%. No fim das contas, ap\u00f3s a vota\u00e7\u00e3o, o texto final fixou o reajuste em 20%.<\/p>\n<p>O texto foi enviado por Castro para a Alerj em novembro, mas teve sua vota\u00e7\u00e3o adiada sucessivamente em meio a cr\u00edticas de deputados \u00e0 falta de articula\u00e7\u00e3o das secretarias da Casa Civil e de Administra\u00e7\u00e3o Penitenci\u00e1ria (Seap).<\/p>\n<div class=\"wp-block-image\">\n<figure class=\"aligncenter size-full is-resized\"><img loading=\"lazy\" decoding=\"async\" width=\"482\" height=\"595\" src=\"https:\/\/temporealrj.com\/wp-content\/uploads\/2025\/12\/WhatsApp-Image-2025-12-30-at-08.19.37.jpeg\" alt=\"WhatsApp Image 2025 12 30 at 08.19.37\" class=\"wp-image-112982\" style=\"width:565px;height:auto\" title=\"Castro oficializa gratifica\u00e7\u00e3o de 20% para todos os policiais penais do estado do Rio 62\" srcset=\"https:\/\/temporealrj.com\/wp-content\/uploads\/2025\/12\/WhatsApp-Image-2025-12-30-at-08.19.37.jpeg 482w, https:\/\/temporealrj.com\/wp-content\/uploads\/2025\/12\/WhatsApp-Image-2025-12-30-at-08.19.37-243x300.jpeg 243w\" sizes=\"auto, (max-width: 482px) 100vw, 482px\"\/><\/figure>\n<\/div>\n<\/div>\n<p><\/a><\/p>\n<p>Fonte: temporealrj.com<\/p>\n","protected":false},"excerpt":{"rendered":"<p>O governador Cl\u00e1udio Castro (PL) sancionou a lei que garante o pagamento da Gratifica\u00e7\u00e3o de Valoriza\u00e7\u00e3o Profissional (GVP) a todos os inspetores da Pol\u00edcia Penal do Rio. Publicada no Di\u00e1rio Oficial desta ter\u00e7a-feira (30), a norma aumenta em 20% o valor do vencimento-base para a categoria. A lei foi aprovada pela Assembleia Legislativa do Rio [&hellip;]<\/p>\n","protected":false},"author":3,"featured_media":6719,"comment_status":"open","ping_status":"open","sticky":false,"template":"","format":"standard","meta":{"advanced_seo_description":"","jetpack_seo_html_title":"","jetpack_seo_noindex":false,"fifu_image_url":"https:\/\/temporealrj.com\/wp-content\/uploads\/2025\/12\/imagem-2024-11-05-174558737-1.jpg","fifu_image_alt":"","_jetpack_memberships_contains_paid_content":false,"footnotes":"","jetpack_publicize_message":"","jetpack_publicize_feature_enabled":true,"jetpack_social_post_already_shared":true,"jetpack_social_options":{"image_generator_settings":{"template":"highway","default_image_id":0,"font":"","enabled":false},"version":2}},"categories":[107],"tags":[],"class_list":{"0":"post-6718","1":"post","2":"type-post","3":"status-publish","4":"format-standard","5":"has-post-thumbnail","7":"category-economia"},"jetpack_publicize_connections":[],"jetpack_featured_media_url":"https:\/\/i0.wp.com\/temporealrj.com\/wp-content\/uploads\/2025\/12\/imagem-2024-11-05-174558737-1.jpg?fit=%2C&ssl=1","jetpack_sharing_enabled":true,"jetpack-related-posts":[],"_links":{"self":[{"href":"https:\/\/friburgonoticias.com.br\/temp\/wp-json\/wp\/v2\/posts\/6718","targetHints":{"allow":["GET"]}}],"collection":[{"href":"https:\/\/friburgonoticias.com.br\/temp\/wp-json\/wp\/v2\/posts"}],"about":[{"href":"https:\/\/friburgonoticias.com.br\/temp\/wp-json\/wp\/v2\/types\/post"}],"author":[{"embeddable":true,"href":"https:\/\/friburgonoticias.com.br\/temp\/wp-json\/wp\/v2\/users\/3"}],"replies":[{"embeddable":true,"href":"https:\/\/friburgonoticias.com.br\/temp\/wp-json\/wp\/v2\/comments?post=6718"}],"version-history":[{"count":0,"href":"https:\/\/friburgonoticias.com.br\/temp\/wp-json\/wp\/v2\/posts\/6718\/revisions"}],"wp:featuredmedia":[{"embeddable":true,"href":"https:\/\/friburgonoticias.com.br\/temp\/wp-json\/wp\/v2\/media\/6719"}],"wp:attachment":[{"href":"https:\/\/friburgonoticias.com.br\/temp\/wp-json\/wp\/v2\/media?parent=6718"}],"wp:term":[{"taxonomy":"category","embeddable":true,"href":"https:\/\/friburgonoticias.com.br\/temp\/wp-json\/wp\/v2\/categories?post=6718"},{"taxonomy":"post_tag","embeddable":true,"href":"https:\/\/friburgonoticias.com.br\/temp\/wp-json\/wp\/v2\/tags?post=6718"}],"curies":[{"name":"wp","href":"https:\/\/api.w.org\/{rel}","templated":true}]}}