{"id":6720,"date":"2025-12-30T13:48:08","date_gmt":"2025-12-30T13:48:08","guid":{"rendered":"https:\/\/friburgonoticias.com.br\/temp\/2025\/12\/30\/comissao-aprova-prazo-para-redirecionamento-de-execucao-trabalhista-a-ex-socio-noticias\/"},"modified":"2025-12-30T13:48:08","modified_gmt":"2025-12-30T13:48:08","slug":"comissao-aprova-prazo-para-redirecionamento-de-execucao-trabalhista-a-ex-socio-noticias","status":"publish","type":"post","link":"https:\/\/friburgonoticias.com.br\/temp\/2025\/12\/30\/comissao-aprova-prazo-para-redirecionamento-de-execucao-trabalhista-a-ex-socio-noticias\/","title":{"rendered":"Comiss\u00e3o aprova prazo para redirecionamento de execu\u00e7\u00e3o trabalhista a ex-s\u00f3cio &#8211; Not\u00edcias"},"content":{"rendered":"<p><\/p>\n<div>\n<p class=\"g-artigo__data-hora\">\n                      30\/12\/2025 &#8211; 10:02 \u00a0\n                    <\/p>\n<div id=\"image-container-1236286\" class=\"image-container\" style=\"float: none; margin: 45px 0px; width: 100%;\" data-midia=\"1236286\">\n        <em>Pablo Valadares\/C\u00e2mara dos Deputados<\/em><\/p>\n<p>        Ricardo Ayres \u00e9 o relator do projeto\n        <\/p><\/div>\n<p>        A Comiss\u00e3o de Constitui\u00e7\u00e3o e Justi\u00e7a (CCJ) da C\u00e2mara dos Deputados aprovou, em dezembro, projeto que fixa prazos para cobran\u00e7a de ex-s\u00f3cios por d\u00edvidas trabalhistas. O objetivo \u00e9 dar mais seguran\u00e7a jur\u00eddica ao processo e garantir tempo razo\u00e1vel para que o trabalhador cobre seus direitos.<\/p>\n<p data-start=\"166\" data-end=\"235\">O ex-s\u00f3cio poder\u00e1 ser cobrado se:<\/p>\n<p>        A proposta altera a <a class=\"linkLegislacao\" href=\"https:\/\/www2.camara.gov.br\/legin\/fed\/declei\/1940-1949\/decreto-lei-5452-1-maio-1943-415500-norma-pe.html\">Consolida\u00e7\u00e3o das Leis do Trabalho (CLT)<\/a>. A proposta tramita em <span id=\"4322\" class=\"termoGlossario\" title=\"Rito de tramita\u00e7\u00e3o pelo qual o projeto \u00e9 votado apenas pelas comiss\u00f5es designadas para analis\u00e1-lo, dispensada a delibera\u00e7\u00e3o do Plen\u00e1rio. O projeto perde o car\u00e1ter conclusivo se houver decis\u00e3o divergente entre as comiss\u00f5es ou se, independentemente de ser aprovado ou rejeitado, houver recurso assinado por 52 deputados para a aprecia\u00e7\u00e3o da mat\u00e9ria no Plen\u00e1rio.\" contenteditable=\"false\" data-toggle=\"tooltip\" data-placement=\"top\">car\u00e1ter conclusivo<\/span> e seguir\u00e1 para an\u00e1lise do Senado, a menos que haja pedido para que seja votada pelo Plen\u00e1rio da C\u00e2mara.<br \/>\n        Para virar lei, o texto precisa ser aprovado pelos deputados e pelos senadores.<\/p>\n<p>        <strong>Nova vers\u00e3o<br \/><\/strong>O texto aprovado foi a nova vers\u00e3o (<span id=\"4098\" class=\"termoGlossario\" title=\"Nome que se d\u00e1 ao texto que altera substancialmente o conte\u00fado original da proposta. O substitutivo \u00e9 apresentado pelo relator e tem prefer\u00eancia na vota\u00e7\u00e3o sobre o projeto original.\" contenteditable=\"false\" data-toggle=\"tooltip\" data-placement=\"top\">substitutivo<\/span>) elaborada pelo relator, deputado Ricardo Ayres (Republicanos-TO), para o <a href=\"https:\/\/www.camara.leg.br\/noticias\/1099473-proposta-estabelece-prazo-para-redirecionamento-de-execucao-trabalhista-a-ex-socio\/?preview=true\">PL 2884\/24<\/a>, da deputada Laura Carneiro (PSD-RJ).\u00a0O relator alterou os prazos propostos para garantir mais seguran\u00e7a jur\u00eddica e proteger os trabalhadores.<\/p>\n<p data-start=\"4082\" data-end=\"4310\">A vers\u00e3o inicial previa que o ex-s\u00f3cio s\u00f3 poderia ser cobrado at\u00e9 dois anos ap\u00f3s sua sa\u00edda da empresa. Esse redirecionamento\u00a0ocorre quando a empresa n\u00e3o paga a d\u00edvida e o autor da a\u00e7\u00e3o pede que a cobran\u00e7a seja feita a ex-s\u00f3cios. A cobran\u00e7a \u00e9 feita primeiro aos s\u00f3cios atuais.<\/p>\n<p data-start=\"4312\" data-end=\"4502\">Ricardo Ayres argumentou que esse prazo seria insuficiente. Segundo dados do Conselho Nacional de Justi\u00e7a (CNJ) citados no seu relat\u00f3rio, um processo trabalhista leva, em m\u00e9dia, quatro anos para chegar \u00e0 fase de execu\u00e7\u00e3o, o que tornaria quase imposs\u00edvel cobrar o ex-s\u00f3cio dentro de apenas dois anos.<\/p>\n<p data-start=\"4504\" data-end=\"4714\">Por isso, o novo texto manteve o prazo de dois anos para processar a empresa, mas estendeu para cinco anos o limite de cobran\u00e7a do ex-s\u00f3cio. Se houver fraude na mudan\u00e7a societ\u00e1ria, os prazos n\u00e3o se aplicam.<\/p>\n<p>        Al\u00e9m disso, a nova reda\u00e7\u00e3o deixa claro que os limites de tempo n\u00e3o se aplicam se for comprovada fraude na altera\u00e7\u00e3o societ\u00e1ria.<br \/>\n        <strong>Equil\u00edbrio<\/strong><br \/>Em seu parecer, Ricardo Ayres destacou que o objetivo da mudan\u00e7a foi equilibrar os direitos de quem trabalha e de quem investe. \u201cBuscamos ser precisos e expressos em rela\u00e7\u00e3o aos requisitos para a responsabiliza\u00e7\u00e3o do s\u00f3cio retirante, estabelecendo prazos que avan\u00e7am significativamente na busca de seguran\u00e7a jur\u00eddica para o s\u00f3cio retirante de boa-f\u00e9\u201d, afirmou.<br \/>\n        O parlamentar acrescentou que a medida tamb\u00e9m garante ao trabalhador \u201cum tempo razo\u00e1vel para buscar a constitui\u00e7\u00e3o de seu cr\u00e9dito\u201d.<br \/>\n        Hoje, a CLT estipula simplesmente que a responsabilidade subsidi\u00e1ria de ex-s\u00f3cio em d\u00e9bitos trabalhistas se estende por dois anos.<\/p>\n<p style=\"font-size: 0.8rem; font-weight: 700;\">Reportagem \u2013 No\u00e9li Nobre<br \/>Edi\u00e7\u00e3o \u2013 Rachel Librelon<\/p>\n<\/p><\/div>\n<p><\/a><\/p>\n<p>Fonte: www.camara.leg.br<\/p>\n","protected":false},"excerpt":{"rendered":"<p>30\/12\/2025 &#8211; 10:02 \u00a0 Pablo Valadares\/C\u00e2mara dos Deputados Ricardo Ayres \u00e9 o relator do projeto A Comiss\u00e3o de Constitui\u00e7\u00e3o e Justi\u00e7a (CCJ) da C\u00e2mara dos Deputados aprovou, em dezembro, projeto que fixa prazos para cobran\u00e7a de ex-s\u00f3cios por d\u00edvidas trabalhistas. O objetivo \u00e9 dar mais seguran\u00e7a jur\u00eddica ao processo e garantir tempo razo\u00e1vel para que [&hellip;]<\/p>\n","protected":false},"author":3,"featured_media":6721,"comment_status":"open","ping_status":"open","sticky":false,"template":"","format":"standard","meta":{"advanced_seo_description":"","jetpack_seo_html_title":"","jetpack_seo_noindex":false,"fifu_image_url":"https:\/\/www.camara.leg.br\/midias\/image\/2025\/12\/img20250826190114639-768x473.jpg","fifu_image_alt":"","_jetpack_memberships_contains_paid_content":false,"footnotes":"","jetpack_publicize_message":"","jetpack_publicize_feature_enabled":true,"jetpack_social_post_already_shared":true,"jetpack_social_options":{"image_generator_settings":{"template":"highway","default_image_id":0,"font":"","enabled":false},"version":2}},"categories":[106,1],"tags":[],"class_list":{"0":"post-6720","1":"post","2":"type-post","3":"status-publish","4":"format-standard","5":"has-post-thumbnail","7":"category-politica","8":"category-uncategorized"},"jetpack_publicize_connections":[],"jetpack_featured_media_url":"https:\/\/i0.wp.com\/www.camara.leg.br\/midias\/image\/2025\/12\/img20250826190114639-768x473.jpg?fit=%2C&ssl=1","jetpack_sharing_enabled":true,"jetpack-related-posts":[],"_links":{"self":[{"href":"https:\/\/friburgonoticias.com.br\/temp\/wp-json\/wp\/v2\/posts\/6720","targetHints":{"allow":["GET"]}}],"collection":[{"href":"https:\/\/friburgonoticias.com.br\/temp\/wp-json\/wp\/v2\/posts"}],"about":[{"href":"https:\/\/friburgonoticias.com.br\/temp\/wp-json\/wp\/v2\/types\/post"}],"author":[{"embeddable":true,"href":"https:\/\/friburgonoticias.com.br\/temp\/wp-json\/wp\/v2\/users\/3"}],"replies":[{"embeddable":true,"href":"https:\/\/friburgonoticias.com.br\/temp\/wp-json\/wp\/v2\/comments?post=6720"}],"version-history":[{"count":0,"href":"https:\/\/friburgonoticias.com.br\/temp\/wp-json\/wp\/v2\/posts\/6720\/revisions"}],"wp:featuredmedia":[{"embeddable":true,"href":"https:\/\/friburgonoticias.com.br\/temp\/wp-json\/wp\/v2\/media\/6721"}],"wp:attachment":[{"href":"https:\/\/friburgonoticias.com.br\/temp\/wp-json\/wp\/v2\/media?parent=6720"}],"wp:term":[{"taxonomy":"category","embeddable":true,"href":"https:\/\/friburgonoticias.com.br\/temp\/wp-json\/wp\/v2\/categories?post=6720"},{"taxonomy":"post_tag","embeddable":true,"href":"https:\/\/friburgonoticias.com.br\/temp\/wp-json\/wp\/v2\/tags?post=6720"}],"curies":[{"name":"wp","href":"https:\/\/api.w.org\/{rel}","templated":true}]}}