{"id":6724,"date":"2025-12-30T17:28:09","date_gmt":"2025-12-30T17:28:09","guid":{"rendered":"https:\/\/friburgonoticias.com.br\/temp\/2025\/12\/30\/comissao-aprova-inclusao-de-nocoes-basicas-de-libras-em-cursos-superiores-e-tecnicos-noticias\/"},"modified":"2025-12-30T17:28:09","modified_gmt":"2025-12-30T17:28:09","slug":"comissao-aprova-inclusao-de-nocoes-basicas-de-libras-em-cursos-superiores-e-tecnicos-noticias","status":"publish","type":"post","link":"https:\/\/friburgonoticias.com.br\/temp\/2025\/12\/30\/comissao-aprova-inclusao-de-nocoes-basicas-de-libras-em-cursos-superiores-e-tecnicos-noticias\/","title":{"rendered":"Comiss\u00e3o aprova inclus\u00e3o de no\u00e7\u00f5es b\u00e1sicas de Libras em cursos superiores e t\u00e9cnicos &#8211; Not\u00edcias"},"content":{"rendered":"<p><\/p>\n<div>\n<p class=\"g-artigo__data-hora\">\n                      30\/12\/2025 &#8211; 13:51 \u00a0\n                    <\/p>\n<div id=\"image-container-1235157\" class=\"image-container\" style=\"float: none; margin: 45px 0px; width: 100%;\" data-midia=\"1235157\">\n        <em>Kayo Magalh\u00e3es\/C\u00e2mara dos Deputados<\/em><\/p>\n<p>        Dayany Bittencourt recomendou a aprova\u00e7\u00e3o da proposta\n        <\/p><\/div>\n<p>        A Comiss\u00e3o de Defesa dos Direitos das Pessoas com Defici\u00eancia da C\u00e2mara dos Deputados aprovou, em dezembro, o Projeto de Lei 2748\/25, que prev\u00ea a inclus\u00e3o de no\u00e7\u00f5es b\u00e1sicas da L\u00edngua Brasileira de Sinais (Libras) nos curr\u00edculos de cursos de n\u00edvel superior e de educa\u00e7\u00e3o profissional t\u00e9cnica e tecnol\u00f3gica.<br \/>\n        A proposta altera o <a class=\"linkLegislacao\" href=\"https:\/\/www2.camara.gov.br\/legin\/fed\/lei\/2015\/lei-13146-6-julho-2015-781174-norma-pl.html\">Estatuto da Pessoa com Defici\u00eancia<\/a> para especificar que esses conhecimentos devem integrar os temas relacionados \u00e0 pessoa com defici\u00eancia na forma\u00e7\u00e3o de novos profissionais.<br \/>\n        O objetivo da proposta, do deputado Pedro Westphalen (PP-RS), \u00e9 garantir que profissionais de diferentes \u00e1reas tenham compet\u00eancias m\u00ednimas para interagir com cidad\u00e3os surdos, eliminando barreiras de comunica\u00e7\u00e3o.<br \/>\n        <strong>Efetiva\u00e7\u00e3o de direitos<\/strong><br \/>Em seu parecer favor\u00e1vel ao projeto, a relatora, deputada Dayany Bittencourt (Uni\u00e3o-CE), disse que a medida \u00e9 fundamental para efetivar direitos e promover uma transforma\u00e7\u00e3o social inclusiva.<br \/>\n        \u201cAo garantir que futuros profissionais de diversas \u00e1reas adquiram compet\u00eancias m\u00ednimas para interagir com pessoas surdas, o projeto ataca uma barreira hist\u00f3rica \u00e0 participa\u00e7\u00e3o plena e efetiva na vida econ\u00f4mica, social e cultural\u201d, afirmou a relatora.<br \/>\n        \u201cA abordagem \u00e9 essencial para a constru\u00e7\u00e3o de um ambiente que acolha n\u00e3o apenas as crian\u00e7as surdas em idade escolar, mas tamb\u00e9m adultos que perderam a audi\u00e7\u00e3o ao longo da vida.\u201d<br \/>\n        A deputada afirmou ainda que a proposta \u00e9 vi\u00e1vel por exigir apenas no\u00e7\u00f5es b\u00e1sicas, o que oferece flexibilidade \u00e0s institui\u00e7\u00f5es de ensino para adaptarem seus projetos pedag\u00f3gicos sem gerar custos elevados ou mudan\u00e7as dr\u00e1sticas nos curr\u00edculos.<br \/>\n        <strong>Pr\u00f3ximos passos<br \/><\/strong>O projeto, j\u00e1 aprovado tamb\u00e9m pela Comiss\u00e3o de Educa\u00e7\u00e3o, segue agora para an\u00e1lise da Comiss\u00e3o de Constitui\u00e7\u00e3o e Justi\u00e7a e de Cidadania, em <span id=\"4322\" class=\"termoGlossario\" title=\"Rito de tramita\u00e7\u00e3o pelo qual o projeto \u00e9 votado apenas pelas comiss\u00f5es designadas para analis\u00e1-lo, dispensada a delibera\u00e7\u00e3o do Plen\u00e1rio. O projeto perde o car\u00e1ter conclusivo se houver decis\u00e3o divergente entre as comiss\u00f5es ou se, independentemente de ser aprovado ou rejeitado, houver recurso assinado por 52 deputados para a aprecia\u00e7\u00e3o da mat\u00e9ria no Plen\u00e1rio.\" contenteditable=\"false\" data-toggle=\"tooltip\" data-placement=\"top\">car\u00e1ter conclusivo<\/span>.<br \/>\n        Para virar lei, precisa ser aprovado pelos deputados e pelos senadores.<\/p>\n<p>        \u00a0<br \/>\n        <iframe class=\"infografico-container\" style=\"width: 100%; height: 100%;\" src=\"https:\/\/www.camara.leg.br\/internet\/agencia\/infograficos-html5\/lingua-brasileira-de-sinais\/index.html\" frameborder=\"0\" data-mce-fragment=\"1\"><\/iframe><br \/>\n        \u00a0<\/p>\n<p style=\"font-size: 0.8rem; font-weight: 700;\">Reportagem \u2013 No\u00e9li Nobre<br \/>Edi\u00e7\u00e3o \u2013 Natalia Doederlein<\/p>\n<\/p><\/div>\n<p><\/a><\/p>\n<p>Fonte: www.camara.leg.br<\/p>\n","protected":false},"excerpt":{"rendered":"<p>30\/12\/2025 &#8211; 13:51 \u00a0 Kayo Magalh\u00e3es\/C\u00e2mara dos Deputados Dayany Bittencourt recomendou a aprova\u00e7\u00e3o da proposta A Comiss\u00e3o de Defesa dos Direitos das Pessoas com Defici\u00eancia da C\u00e2mara dos Deputados aprovou, em dezembro, o Projeto de Lei 2748\/25, que prev\u00ea a inclus\u00e3o de no\u00e7\u00f5es b\u00e1sicas da L\u00edngua Brasileira de Sinais (Libras) nos curr\u00edculos de cursos de [&hellip;]<\/p>\n","protected":false},"author":3,"featured_media":6725,"comment_status":"open","ping_status":"open","sticky":false,"template":"","format":"standard","meta":{"advanced_seo_description":"","jetpack_seo_html_title":"","jetpack_seo_noindex":false,"fifu_image_url":"https:\/\/www.camara.leg.br\/midias\/image\/2025\/12\/img20250402110209705-768x473.jpg","fifu_image_alt":"","_jetpack_memberships_contains_paid_content":false,"footnotes":"","jetpack_publicize_message":"","jetpack_publicize_feature_enabled":true,"jetpack_social_post_already_shared":true,"jetpack_social_options":{"image_generator_settings":{"template":"highway","default_image_id":0,"font":"","enabled":false},"version":2}},"categories":[106,1],"tags":[],"class_list":{"0":"post-6724","1":"post","2":"type-post","3":"status-publish","4":"format-standard","5":"has-post-thumbnail","7":"category-politica","8":"category-uncategorized"},"jetpack_publicize_connections":[],"jetpack_featured_media_url":"https:\/\/i0.wp.com\/www.camara.leg.br\/midias\/image\/2025\/12\/img20250402110209705-768x473.jpg?fit=%2C&ssl=1","jetpack_sharing_enabled":true,"jetpack-related-posts":[],"_links":{"self":[{"href":"https:\/\/friburgonoticias.com.br\/temp\/wp-json\/wp\/v2\/posts\/6724","targetHints":{"allow":["GET"]}}],"collection":[{"href":"https:\/\/friburgonoticias.com.br\/temp\/wp-json\/wp\/v2\/posts"}],"about":[{"href":"https:\/\/friburgonoticias.com.br\/temp\/wp-json\/wp\/v2\/types\/post"}],"author":[{"embeddable":true,"href":"https:\/\/friburgonoticias.com.br\/temp\/wp-json\/wp\/v2\/users\/3"}],"replies":[{"embeddable":true,"href":"https:\/\/friburgonoticias.com.br\/temp\/wp-json\/wp\/v2\/comments?post=6724"}],"version-history":[{"count":0,"href":"https:\/\/friburgonoticias.com.br\/temp\/wp-json\/wp\/v2\/posts\/6724\/revisions"}],"wp:featuredmedia":[{"embeddable":true,"href":"https:\/\/friburgonoticias.com.br\/temp\/wp-json\/wp\/v2\/media\/6725"}],"wp:attachment":[{"href":"https:\/\/friburgonoticias.com.br\/temp\/wp-json\/wp\/v2\/media?parent=6724"}],"wp:term":[{"taxonomy":"category","embeddable":true,"href":"https:\/\/friburgonoticias.com.br\/temp\/wp-json\/wp\/v2\/categories?post=6724"},{"taxonomy":"post_tag","embeddable":true,"href":"https:\/\/friburgonoticias.com.br\/temp\/wp-json\/wp\/v2\/tags?post=6724"}],"curies":[{"name":"wp","href":"https:\/\/api.w.org\/{rel}","templated":true}]}}