{"id":6730,"date":"2025-12-30T18:23:12","date_gmt":"2025-12-30T18:23:12","guid":{"rendered":"https:\/\/friburgonoticias.com.br\/temp\/2025\/12\/30\/pedro-duarte-envia-oficio-ao-tcm-e-ao-mprj-questionando-caso-de-imovel-em-botafogo-desapropriado-pela-prefeitura\/"},"modified":"2025-12-30T18:23:12","modified_gmt":"2025-12-30T18:23:12","slug":"pedro-duarte-envia-oficio-ao-tcm-e-ao-mprj-questionando-caso-de-imovel-em-botafogo-desapropriado-pela-prefeitura","status":"publish","type":"post","link":"https:\/\/friburgonoticias.com.br\/temp\/2025\/12\/30\/pedro-duarte-envia-oficio-ao-tcm-e-ao-mprj-questionando-caso-de-imovel-em-botafogo-desapropriado-pela-prefeitura\/","title":{"rendered":"Pedro Duarte envia of\u00edcio ao TCM e ao MPRJ questionando caso de im\u00f3vel em Botafogo desapropriado pela prefeitura"},"content":{"rendered":"<p><\/p>\n<div itemprop=\"articleBody\">\nA pol\u00eamica envolvendo a <a href=\"https:\/\/temporealrj.com\/desapropriacao-de-imovel-onde-funcionava-supermercado-em-botafogo-provoca-reacao\/\">desapropria\u00e7\u00e3o do im\u00f3vel onde funcionava um supermercado em Botafogo<\/a> foi parar no Tribunal de Contas do Munic\u00edpio (TCM) e ao Minist\u00e9rio P\u00fablico do Rio (MPRJ). O vereador Pedro Duarte (sem partido) enviou uma representa\u00e7\u00e3o aos \u00f3rg\u00e3os questionando a a\u00e7\u00e3o da Prefeitura do Rio, que <a href=\"https:\/\/temporealrj.com\/paes-desapropria-predio-em-botafogo-para-fins-de-renovacao-urbana\/\">desapropriou o pr\u00e9dio na Rua Bar\u00e3o de Itambi \u201cpara fins de renova\u00e7\u00e3o urbana\u201d<\/a>.<\/p>\n<p>O documento pede que sejam investigados poss\u00edveis \u201cv\u00edcios de legalidade, legitimidade e viola\u00e7\u00e3o ao princ\u00edpio da impessoalidade\u201d na a\u00e7\u00e3o da prefeitura. No final de novembro, o <a href=\"https:\/\/temporealrj.com\/paes-ameaca-desapropriar-o-fashion-mall-e-os-hoteis-praia-ipanema-e-intercontinental-especulacao-sem-producao-nao-da\/\">prefeito Eduardo Paes (PSD)<\/a> determinou a desapropria\u00e7\u00e3o por hasta p\u00fablica \u2014 o que permite ao poder municipal tornar espa\u00e7os degradados ou subutilizados \u201cde interesse p\u00fablico\u201d e lev\u00e1-los diretamente a leil\u00e3o.<\/p>\n<p>Duarte, que \u00e9 presidente da Comiss\u00e3o de Assuntos Urbanos da C\u00e2mara, classificou como \u201ccompletamente equivocado\u201d a posi\u00e7\u00e3o da prefeitura envolvendo o pr\u00e9dio em Botafogo. \u201cDesapropria\u00e7\u00e3o por hasta p\u00fablica pressup\u00f5e requisitos e crit\u00e9rios que n\u00e3o est\u00e3o presentes nesse caso, Ou seja, a prefeitura comete um ato ilegal\u201d, disse o <a href=\"https:\/\/temporealrj.com\/vereador-acusa-paes-de-desapropriar-irregularmente-terreno-em-botafogo\/\">vereador<\/a>.<\/p>\n<p>A representa\u00e7\u00e3o ainda vai passar por an\u00e1lise do TCM e do MPRJ.<\/p>\n<h2 class=\"wp-block-heading\">Im\u00f3vel em Botafogo iria sediar nova unidade de rede de supermercados<\/h2>\n<p>O pr\u00e9dio no centro da pol\u00eamica pertence ao Grupo Sendas, sediou supermercados por mais de 50 anos e estava alugado \u00e0 rede de supermercados P\u00e3o de A\u00e7\u00facar at\u00e9 recentemente. Segundo os propriet\u00e1rios, a loja iria mudar de bandeira em breve. O grupo Mundial firmou um contrato para inaugurar uma nova loja de sua rede em Botafogo no local. At\u00e9 a data da desapropria\u00e7\u00e3o, a previs\u00e3o era de que a nova loja fosse inaugurada em janeiro.<\/p>\n<p>Al\u00e9m da representa\u00e7\u00e3o do vereador, o caso tamb\u00e9m est\u00e1 no centro de uma a\u00e7\u00e3o judicial <a href=\"https:\/\/temporealrj.com\/desapropriacao-de-imovel-com-supermercado-em-botafogo-vai-parar-na-justica\/\">movida pelo pr\u00f3prio Grupo Sendas<\/a>. O presidente do grupo, Arthur Sendas Filho, questiona a legalidade da desapropria\u00e7\u00e3o. Paes, por sua vez, disse que a iniciativa de desapropriar o espa\u00e7o foi tomada para atender a um pedido da Funda\u00e7\u00e3o Get\u00falio Vargas (FGV). O objetivo da institui\u00e7\u00e3o seria instalar, no im\u00f3vel, um centro de pesquisas com intelig\u00eancia artificial.\n<\/div>\n<p><\/a><\/p>\n<p>Fonte: temporealrj.com<\/p>\n","protected":false},"excerpt":{"rendered":"<p>A pol\u00eamica envolvendo a desapropria\u00e7\u00e3o do im\u00f3vel onde funcionava um supermercado em Botafogo foi parar no Tribunal de Contas do Munic\u00edpio (TCM) e ao Minist\u00e9rio P\u00fablico do Rio (MPRJ). O vereador Pedro Duarte (sem partido) enviou uma representa\u00e7\u00e3o aos \u00f3rg\u00e3os questionando a a\u00e7\u00e3o da Prefeitura do Rio, que desapropriou o pr\u00e9dio na Rua Bar\u00e3o de [&hellip;]<\/p>\n","protected":false},"author":3,"featured_media":6731,"comment_status":"open","ping_status":"open","sticky":false,"template":"","format":"standard","meta":{"advanced_seo_description":"","jetpack_seo_html_title":"","jetpack_seo_noindex":false,"fifu_image_url":"https:\/\/temporealrj.com\/wp-content\/uploads\/2025\/12\/pao-d-eacucar-supermercado-botafogo-e1767116392288.png","fifu_image_alt":"","_jetpack_memberships_contains_paid_content":false,"footnotes":"","jetpack_publicize_message":"","jetpack_publicize_feature_enabled":true,"jetpack_social_post_already_shared":true,"jetpack_social_options":{"image_generator_settings":{"template":"highway","default_image_id":0,"font":"","enabled":false},"version":2}},"categories":[106,1],"tags":[],"class_list":{"0":"post-6730","1":"post","2":"type-post","3":"status-publish","4":"format-standard","5":"has-post-thumbnail","7":"category-politica","8":"category-uncategorized"},"jetpack_publicize_connections":[],"jetpack_featured_media_url":"https:\/\/i0.wp.com\/temporealrj.com\/wp-content\/uploads\/2025\/12\/pao-d-eacucar-supermercado-botafogo-e1767116392288.png?fit=%2C&ssl=1","jetpack_sharing_enabled":true,"jetpack-related-posts":[],"_links":{"self":[{"href":"https:\/\/friburgonoticias.com.br\/temp\/wp-json\/wp\/v2\/posts\/6730","targetHints":{"allow":["GET"]}}],"collection":[{"href":"https:\/\/friburgonoticias.com.br\/temp\/wp-json\/wp\/v2\/posts"}],"about":[{"href":"https:\/\/friburgonoticias.com.br\/temp\/wp-json\/wp\/v2\/types\/post"}],"author":[{"embeddable":true,"href":"https:\/\/friburgonoticias.com.br\/temp\/wp-json\/wp\/v2\/users\/3"}],"replies":[{"embeddable":true,"href":"https:\/\/friburgonoticias.com.br\/temp\/wp-json\/wp\/v2\/comments?post=6730"}],"version-history":[{"count":0,"href":"https:\/\/friburgonoticias.com.br\/temp\/wp-json\/wp\/v2\/posts\/6730\/revisions"}],"wp:featuredmedia":[{"embeddable":true,"href":"https:\/\/friburgonoticias.com.br\/temp\/wp-json\/wp\/v2\/media\/6731"}],"wp:attachment":[{"href":"https:\/\/friburgonoticias.com.br\/temp\/wp-json\/wp\/v2\/media?parent=6730"}],"wp:term":[{"taxonomy":"category","embeddable":true,"href":"https:\/\/friburgonoticias.com.br\/temp\/wp-json\/wp\/v2\/categories?post=6730"},{"taxonomy":"post_tag","embeddable":true,"href":"https:\/\/friburgonoticias.com.br\/temp\/wp-json\/wp\/v2\/tags?post=6730"}],"curies":[{"name":"wp","href":"https:\/\/api.w.org\/{rel}","templated":true}]}}