{"id":6752,"date":"2026-01-02T14:26:40","date_gmt":"2026-01-02T14:26:40","guid":{"rendered":"https:\/\/friburgonoticias.com.br\/temp\/2026\/01\/02\/comissao-aprova-fim-de-isencao-penal-patrimonial-em-violencia-domestica-noticias-2\/"},"modified":"2026-01-02T14:26:40","modified_gmt":"2026-01-02T14:26:40","slug":"comissao-aprova-fim-de-isencao-penal-patrimonial-em-violencia-domestica-noticias-2","status":"publish","type":"post","link":"https:\/\/friburgonoticias.com.br\/temp\/2026\/01\/02\/comissao-aprova-fim-de-isencao-penal-patrimonial-em-violencia-domestica-noticias-2\/","title":{"rendered":"Comiss\u00e3o aprova fim de isen\u00e7\u00e3o penal patrimonial em viol\u00eancia dom\u00e9stica &#8211; Not\u00edcias"},"content":{"rendered":"<p><\/p>\n<div>\n<div>\n<p class=\"g-artigo__data-hora\">\n                      02\/01\/2026 &#8211; 09:21 \u00a0\n                    <\/p>\n<div id=\"image-container-1236509\" class=\"image-container\" style=\"float: none; margin: 45px 0px; width: 100%;\" data-midia=\"1236509\">\n        <em>Renato Ara\u00fajo \/ C\u00e2mara dos Deputados<\/em><\/p>\n<p>        Delegada Adriana Accorsi \u00e9 a relatora do projeto\n        <\/p><\/div>\n<p>        A Comiss\u00e3o de Defesa dos Direitos da Mulher da C\u00e2mara dos Deputados aprovou projeto de lei para punir crimes patrimoniais cometidos em casos de viol\u00eancia dom\u00e9stica e familiar contra a mulher.<br \/>\n        Hoje, o <a class=\"linkLegislacao\" href=\"https:\/\/www2.camara.gov.br\/legin\/fed\/declei\/1940-1949\/decreto-lei-2848-7-dezembro-1940-412868-norma-pe.html\">C\u00f3digo Penal<\/a> prev\u00ea situa\u00e7\u00f5es em que o autor do crime patrimonial n\u00e3o \u00e9 punido quando h\u00e1 rela\u00e7\u00e3o familiar com a v\u00edtima (as chamadas escusas absolut\u00f3rias). Tamb\u00e9m exige representa\u00e7\u00e3o da v\u00edtima para que o [[g Minist\u00e9rio P\u00fablico]] possa agir.<br \/>\n        <strong>Mudan\u00e7as no texto original<\/strong><br \/>Foi aprovada a vers\u00e3o (<span id=\"4098\" class=\"termoGlossario\" title=\"Nome que se d\u00e1 ao texto que altera substancialmente o conte\u00fado original da proposta. O substitutivo \u00e9 apresentado pelo relator e tem prefer\u00eancia na vota\u00e7\u00e3o sobre o projeto original.\" contenteditable=\"false\" data-toggle=\"tooltip\" data-placement=\"top\">substitutivo<\/span>) da relatora, deputada Delegada Adriana Accorsi (PT-GO), para o Projeto de Lei 4248\/25, do deputado Jorge Goetten (Republicanos-SC).<br \/>\n        Para a relatora, a proposta corrige uma distor\u00e7\u00e3o hist\u00f3rica. &#8220;A medida contribui para romper ciclos de impunidade que frequentemente sustentam a coa\u00e7\u00e3o econ\u00f4mica e psicol\u00f3gica do agressor e refor\u00e7am a sua capacidade de controle sobre a v\u00edtima&#8221;, disse.<br \/>\n        Em 2024, os tribunais julgaram quase 11 mil processos de feminic\u00eddio \u2013 um aumento de 225% em rela\u00e7\u00e3o a 2020 \u2013 e cerca de 582 mil medidas protetivas foram concedidas. Os dados s\u00e3o do Painel Viol\u00eancia contra a Mulher, do Conselho Nacional de Justi\u00e7a (CNJ).<br \/>\n        <strong>Pr\u00f3ximos passos<\/strong><br \/>A proposta ainda ser\u00e1 analisada pela Comiss\u00e3o de Constitui\u00e7\u00e3o e Justi\u00e7a e de Cidadania. Depois, seguir\u00e1 para o Plen\u00e1rio.<br \/>\n        Para virar lei, precisa ser aprovada pela C\u00e2mara e pelo Senado.<\/p>\n<p>        \u00a0<br \/>\n        <iframe class=\"infografico-container\" style=\"width: 100%; height: 100%;\" src=\"https:\/\/www.camara.leg.br\/internet\/agencia\/infograficos-html5\/violencia-contra-a-mulher-no-brasil-em-2024\/index.html\" frameborder=\"0\" data-mce-fragment=\"1\"><\/iframe><br \/>\n        \u00a0<\/p>\n<p style=\"font-size: 0.8rem; font-weight: 700;\">Reportagem \u2013 Tiago Miranda<br \/>Edi\u00e7\u00e3o \u2013 Rachel Librelon<\/p>\n<\/p><\/div>\n<\/p><\/div>\n<p><\/a><\/p>\n<p>Fonte: www.camara.leg.br<\/p>\n","protected":false},"excerpt":{"rendered":"<p>02\/01\/2026 &#8211; 09:21 \u00a0 Renato Ara\u00fajo \/ C\u00e2mara dos Deputados Delegada Adriana Accorsi \u00e9 a relatora do projeto A Comiss\u00e3o de Defesa dos Direitos da Mulher da C\u00e2mara dos Deputados aprovou projeto de lei para punir crimes patrimoniais cometidos em casos de viol\u00eancia dom\u00e9stica e familiar contra a mulher. Hoje, o C\u00f3digo Penal prev\u00ea situa\u00e7\u00f5es [&hellip;]<\/p>\n","protected":false},"author":3,"featured_media":6753,"comment_status":"open","ping_status":"open","sticky":false,"template":"","format":"standard","meta":{"advanced_seo_description":"","jetpack_seo_html_title":"","jetpack_seo_noindex":false,"fifu_image_url":"https:\/\/www.camara.leg.br\/midias\/image\/2026\/01\/img20251015152257093-768x473.jpg","fifu_image_alt":"","_jetpack_memberships_contains_paid_content":false,"footnotes":"","jetpack_publicize_message":"","jetpack_publicize_feature_enabled":true,"jetpack_social_post_already_shared":true,"jetpack_social_options":{"image_generator_settings":{"template":"highway","default_image_id":0,"font":"","enabled":false},"version":2}},"categories":[106,1],"tags":[],"class_list":{"0":"post-6752","1":"post","2":"type-post","3":"status-publish","4":"format-standard","5":"has-post-thumbnail","7":"category-politica","8":"category-uncategorized"},"jetpack_publicize_connections":[],"jetpack_featured_media_url":"https:\/\/i0.wp.com\/www.camara.leg.br\/midias\/image\/2026\/01\/img20251015152257093-768x473.jpg?fit=%2C&ssl=1","jetpack_sharing_enabled":true,"jetpack-related-posts":[],"_links":{"self":[{"href":"https:\/\/friburgonoticias.com.br\/temp\/wp-json\/wp\/v2\/posts\/6752","targetHints":{"allow":["GET"]}}],"collection":[{"href":"https:\/\/friburgonoticias.com.br\/temp\/wp-json\/wp\/v2\/posts"}],"about":[{"href":"https:\/\/friburgonoticias.com.br\/temp\/wp-json\/wp\/v2\/types\/post"}],"author":[{"embeddable":true,"href":"https:\/\/friburgonoticias.com.br\/temp\/wp-json\/wp\/v2\/users\/3"}],"replies":[{"embeddable":true,"href":"https:\/\/friburgonoticias.com.br\/temp\/wp-json\/wp\/v2\/comments?post=6752"}],"version-history":[{"count":0,"href":"https:\/\/friburgonoticias.com.br\/temp\/wp-json\/wp\/v2\/posts\/6752\/revisions"}],"wp:featuredmedia":[{"embeddable":true,"href":"https:\/\/friburgonoticias.com.br\/temp\/wp-json\/wp\/v2\/media\/6753"}],"wp:attachment":[{"href":"https:\/\/friburgonoticias.com.br\/temp\/wp-json\/wp\/v2\/media?parent=6752"}],"wp:term":[{"taxonomy":"category","embeddable":true,"href":"https:\/\/friburgonoticias.com.br\/temp\/wp-json\/wp\/v2\/categories?post=6752"},{"taxonomy":"post_tag","embeddable":true,"href":"https:\/\/friburgonoticias.com.br\/temp\/wp-json\/wp\/v2\/tags?post=6752"}],"curies":[{"name":"wp","href":"https:\/\/api.w.org\/{rel}","templated":true}]}}