{"id":6756,"date":"2026-01-02T17:27:17","date_gmt":"2026-01-02T17:27:17","guid":{"rendered":"https:\/\/friburgonoticias.com.br\/temp\/2026\/01\/02\/apos-polemica-do-palco-gospel-paes-promete-estatua-de-tata-tancredo-e-pede-desculpas-se-ofendeu-religioes-de-matriz-africana\/"},"modified":"2026-01-02T17:27:17","modified_gmt":"2026-01-02T17:27:17","slug":"apos-polemica-do-palco-gospel-paes-promete-estatua-de-tata-tancredo-e-pede-desculpas-se-ofendeu-religioes-de-matriz-africana","status":"publish","type":"post","link":"https:\/\/friburgonoticias.com.br\/temp\/2026\/01\/02\/apos-polemica-do-palco-gospel-paes-promete-estatua-de-tata-tancredo-e-pede-desculpas-se-ofendeu-religioes-de-matriz-africana\/","title":{"rendered":"Ap\u00f3s pol\u00eamica do palco gospel, Paes promete est\u00e1tua de Tata Tancredo e pede desculpas &#8216;se ofendeu&#8217; religi\u00f5es de matriz africana"},"content":{"rendered":"<p><\/p>\n<div itemprop=\"articleBody\">\nDepois da pol\u00eamica envolvendo o palco gospel no r\u00e9veillon do Rio, Eduardo Paes (PSD) mudou o tom e foi \u00e0s redes para se retratar com os cariocas que seguem religi\u00f5es de matriz africana. Nesta sexta (02), o prefeito anunciou que vai fazer uma est\u00e1tua do l\u00edder umbandista <a href=\"https:\/\/temporealrj.com\/maior-reveillon-do-mundo-e-criacao-de-lider-da-umbanda-mobilizacao-nas-redes-pede-estatua-de-tata-tancredo-em-copacabana\/\">Tata Tancredo, considerado o inventor da festa de virada de ano na praia de Copacabana<\/a>.<\/p>\n<p>A homenagem foi sugerida no in\u00edcio da semana por internautas, que se mobilizaram nas redes sociais para cobrar um reconhecimento da import\u00e2ncia do l\u00edder religioso na cria\u00e7\u00e3o do r\u00e9veillon de Copacabana, <a href=\"https:\/\/temporealrj.com\/rio-tem-o-maior-reveillon-do-mundo-guinness-reconhece-recorde-de-cerimonia-carioca\/\">hoje considerado o maior do mundo<\/a>. Paes foi acusado de \u201capagar\u201d a rela\u00e7\u00e3o da tradicional festa com as religi\u00f5es de matriz africana.<\/p>\n<p>\u201cA sugest\u00e3o para a cria\u00e7\u00e3o de uma est\u00e1tua em homenagem a Tata Tancredo ser\u00e1 atendida. Vou dialogar com lideran\u00e7as religiosas para construir, juntos, a melhor forma de fazer essa homenagem t\u00e3o importante para a cidade!, escreveu Paes, em postagem no X.<\/p>\n<h2 class=\"wp-block-heading\">Paes diz que n\u00e3o teve inten\u00e7\u00e3o de ofender em postagem sobre suposta intoler\u00e2ncia religiosa<\/h2>\n<p>Na postagem, Paes diz que quer reafirmar seu compromisso \u201ccom o povo de ax\u00e9\u201d e garante que \u201csempre\u201d vai sair em defesa das tradi\u00e7\u00f5es religiosas de matriz africana.<\/p>\n<p>\u201cPe\u00e7o novamente desculpas sinceras se algum post meu ofendeu praticantes dessas religi\u00f5es. Essa nunca foi \u2014 e nunca ser\u00e1 \u2014 minha inten\u00e7\u00e3o\u201d, escreveu Paes.<\/p>\n<div class=\"wp-block-image\">\n<figure class=\"aligncenter size-full is-resized\"><img loading=\"lazy\" decoding=\"async\" width=\"469\" height=\"506\" src=\"https:\/\/temporealrj.com\/wp-content\/uploads\/2026\/01\/Screenshot_58.png\" alt=\"Screenshot 58\" class=\"wp-image-113351\" style=\"width:484px;height:auto\" title=\"Ap\u00f3s pol\u00eamica do palco gospel, Paes promete est\u00e1tua de Tata Tancredo e pede desculpas 'se ofendeu' religi\u00f5es de matriz africana 62\" srcset=\"https:\/\/temporealrj.com\/wp-content\/uploads\/2026\/01\/Screenshot_58.png 469w, https:\/\/temporealrj.com\/wp-content\/uploads\/2026\/01\/Screenshot_58-278x300.png 278w\" sizes=\"auto, (max-width: 469px) 100vw, 469px\"\/><\/figure>\n<\/div>\n<p>Na semana passada, ap\u00f3s receber cr\u00edticas por programar um show de artistas evang\u00e9licos durante a festa de ano novo no Rio, <a href=\"https:\/\/temporealrj.com\/depois-de-criticas-ao-palco-gospel-no-reveillon-2026-paes-de-todos-os-santos-rebate-copacabana-e-de-todos\/\">ele foi \u00e0s redes rebater a acusa\u00e7\u00e3o<\/a>. Para Paes, a rea\u00e7\u00e3o ao show gospel foi preconceituosa. \u201c\u00c9 impressionante o n\u00edvel de preconceito dessa gente. O r\u00e9veillon da Praia de Copacabana \u00e9 de todos!\u201d, disse o pol\u00edtico.<\/p>\n<p>O uso da express\u00e3o \u201cessa gente\u201d teve repercuss\u00e3o negativa por parte dos seguidores. Fora das redes, o assunto tamb\u00e9m ganhou for\u00e7a entre \u00f3rg\u00e3os como o Minist\u00e9rio P\u00fablico Federal (MPF), que abriu um inqu\u00e9rito civil para apurar \u201cposs\u00edvel discrimina\u00e7\u00e3o religiosa\u201d no evento. O documento estabelece um prazo, at\u00e9 21 de janeiro, para a prefeitura explicar os crit\u00e9rios de uso de recursos p\u00fablicos no evento.\n<\/p><\/div>\n<p><\/a><\/p>\n<p>Fonte: temporealrj.com<\/p>\n","protected":false},"excerpt":{"rendered":"<p>Depois da pol\u00eamica envolvendo o palco gospel no r\u00e9veillon do Rio, Eduardo Paes (PSD) mudou o tom e foi \u00e0s redes para se retratar com os cariocas que seguem religi\u00f5es de matriz africana. Nesta sexta (02), o prefeito anunciou que vai fazer uma est\u00e1tua do l\u00edder umbandista Tata Tancredo, considerado o inventor da festa de [&hellip;]<\/p>\n","protected":false},"author":3,"featured_media":6757,"comment_status":"open","ping_status":"open","sticky":false,"template":"","format":"standard","meta":{"advanced_seo_description":"","jetpack_seo_html_title":"","jetpack_seo_noindex":false,"fifu_image_url":"https:\/\/temporealrj.com\/wp-content\/uploads\/2026\/01\/imgonline-com-ua-twotoone-h8vwIJ5oHJ-e1767374306603.jpg","fifu_image_alt":"","_jetpack_memberships_contains_paid_content":false,"footnotes":"","jetpack_publicize_message":"","jetpack_publicize_feature_enabled":true,"jetpack_social_post_already_shared":true,"jetpack_social_options":{"image_generator_settings":{"template":"highway","default_image_id":0,"font":"","enabled":false},"version":2}},"categories":[106,1],"tags":[],"class_list":{"0":"post-6756","1":"post","2":"type-post","3":"status-publish","4":"format-standard","5":"has-post-thumbnail","7":"category-politica","8":"category-uncategorized"},"jetpack_publicize_connections":[],"jetpack_featured_media_url":"https:\/\/i0.wp.com\/temporealrj.com\/wp-content\/uploads\/2026\/01\/imgonline-com-ua-twotoone-h8vwIJ5oHJ-e1767374306603.jpg?fit=%2C&ssl=1","jetpack_sharing_enabled":true,"jetpack-related-posts":[],"_links":{"self":[{"href":"https:\/\/friburgonoticias.com.br\/temp\/wp-json\/wp\/v2\/posts\/6756","targetHints":{"allow":["GET"]}}],"collection":[{"href":"https:\/\/friburgonoticias.com.br\/temp\/wp-json\/wp\/v2\/posts"}],"about":[{"href":"https:\/\/friburgonoticias.com.br\/temp\/wp-json\/wp\/v2\/types\/post"}],"author":[{"embeddable":true,"href":"https:\/\/friburgonoticias.com.br\/temp\/wp-json\/wp\/v2\/users\/3"}],"replies":[{"embeddable":true,"href":"https:\/\/friburgonoticias.com.br\/temp\/wp-json\/wp\/v2\/comments?post=6756"}],"version-history":[{"count":0,"href":"https:\/\/friburgonoticias.com.br\/temp\/wp-json\/wp\/v2\/posts\/6756\/revisions"}],"wp:featuredmedia":[{"embeddable":true,"href":"https:\/\/friburgonoticias.com.br\/temp\/wp-json\/wp\/v2\/media\/6757"}],"wp:attachment":[{"href":"https:\/\/friburgonoticias.com.br\/temp\/wp-json\/wp\/v2\/media?parent=6756"}],"wp:term":[{"taxonomy":"category","embeddable":true,"href":"https:\/\/friburgonoticias.com.br\/temp\/wp-json\/wp\/v2\/categories?post=6756"},{"taxonomy":"post_tag","embeddable":true,"href":"https:\/\/friburgonoticias.com.br\/temp\/wp-json\/wp\/v2\/tags?post=6756"}],"curies":[{"name":"wp","href":"https:\/\/api.w.org\/{rel}","templated":true}]}}