{"id":6764,"date":"2026-01-12T03:48:19","date_gmt":"2026-01-12T03:48:19","guid":{"rendered":"https:\/\/friburgonoticias.com.br\/temp\/2026\/01\/12\/comissao-aprova-projeto-que-destina-recursos-da-loteria-esportiva-para-fundo-nacional-para-a-crianca-e-o-adolescente-noticias\/"},"modified":"2026-01-12T03:48:19","modified_gmt":"2026-01-12T03:48:19","slug":"comissao-aprova-projeto-que-destina-recursos-da-loteria-esportiva-para-fundo-nacional-para-a-crianca-e-o-adolescente-noticias","status":"publish","type":"post","link":"https:\/\/friburgonoticias.com.br\/temp\/2026\/01\/12\/comissao-aprova-projeto-que-destina-recursos-da-loteria-esportiva-para-fundo-nacional-para-a-crianca-e-o-adolescente-noticias\/","title":{"rendered":"Comiss\u00e3o aprova projeto que destina recursos da loteria esportiva para Fundo Nacional para a Crian\u00e7a e o Adolescente &#8211; Not\u00edcias"},"content":{"rendered":"<p><\/p>\n<div>\n<p class=\"g-artigo__data-hora\">\n                      09\/01\/2026 &#8211; 18:41 \u00a0\n                    <\/p>\n<div id=\"image-container-1237686\" class=\"image-container\" style=\"float: none; margin: 45px 0px; width: 100%;\" data-midia=\"1237686\">\n        <em>Zeca Ribeiro \/ C\u00e2mara dos Deputados<\/em><\/p>\n<p>        Ruy Carneiro destacou a import\u00e2ncia do fundo para a\u00e7\u00f5es de prote\u00e7\u00e3o \u00e0 inf\u00e2ncia\n        <\/p><\/div>\n<p>        A Comiss\u00e3o de Previd\u00eancia, Assist\u00eancia Social, Inf\u00e2ncia, Adolesc\u00eancia e Fam\u00edlia aprovou, em dezembro, proposta que destina a renda l\u00edquida de nove concursos anuais da loteria de progn\u00f3sticos esportivos, como a Loteca, alternadamente, ao Fundo Nacional para a Crian\u00e7a e o Adolescente (FNCA) e a outras cinco entidades filantr\u00f3picas da Para\u00edba.<br \/>\n        Pela proposta, al\u00e9m do FNCA, seriam beneficiadas:<\/p>\n<ul>\n<li>a Funda\u00e7\u00e3o Napole\u00e3o Laureano (Hospital Napole\u00e3o Laureano);<\/li>\n<li>a Funda\u00e7\u00e3o Pedro Am\u00e9rico (Hospital HELP);<\/li>\n<li>a Funda\u00e7\u00e3o Governador Fl\u00e1vio Ribeiro Coutinho (Maternidade Fl\u00e1vio Ribeiro);<\/li>\n<li>a Funda\u00e7\u00e3o Assistencial da Para\u00edba (Hospital da FAP); e<\/li>\n<li>o Instituto Walfredo Guedes Pereira (Hospital S\u00e3o Vicente de Paulo).<\/li>\n<\/ul>\n<p>        O <a href=\"https:\/\/www.camara.leg.br\/proposicoesWeb\/prop_mostrarintegra?codteor=3028436&amp;filename=Parecer-CPASF-2025-10-22\">texto aprovado<\/a> altera a <a class=\"linkLegislacao\" href=\"https:\/\/www2.camara.gov.br\/legin\/fed\/lei\/2018\/lei-13756-12-dezembro-2018-787435-norma-pl.html\">Lei 13.756\/18<\/a>, que atualmente prev\u00ea a destina\u00e7\u00e3o da renda l\u00edquida de tr\u00eas concursos da mesma loteria, alternadamente, para a Federa\u00e7\u00e3o Nacional das Associa\u00e7\u00f5es de Pais e Amigos dos Excepcionais (Fenapaes); a Cruz Vermelha Brasileira; e a Federa\u00e7\u00e3o Nacional das Associa\u00e7\u00f5es Pestalozzi (Fenapestalozzi).<br \/>\n        A comiss\u00e3o aprovou a vers\u00e3o do relator, deputado Ruy Carneiro (Pode-PB), ao Projeto de Lei 1727\/23, do deputado Bacelar (PV-BA). O texto original destinava ao FNCA 1,5% dos recursos arrecadados com a loteria federal e as loterias de progn\u00f3sticos num\u00e9ricos, como a Mega-Sena.<br \/>\n        Carneiro elogiou a ideia de refor\u00e7ar o FNCA, destacando a import\u00e2ncia do fundo para a\u00e7\u00f5es de prote\u00e7\u00e3o \u00e0 inf\u00e2ncia, mas argumentou que a proposi\u00e7\u00e3o n\u00e3o considerou os &#8220;graves efeitos no neg\u00f3cio loterias ao impor a redu\u00e7\u00e3o do percentual da premia\u00e7\u00e3o\u201d. Para o relator, a medida resultaria no pagamento de pr\u00eamios menores e poderia desestimular os apostadores.<br \/>\n        &#8220;O pr\u00eamio \u00e9, comprovadamente, o maior motivador para a realiza\u00e7\u00e3o de apostas\u201d, disse o relator.<br \/>\n        O texto original tamb\u00e9m exigia o CPF para saque de qualquer pr\u00eamio, com dados compartilhados com Receita Federal e \u00f3rg\u00e3os de controle. O relator, no entanto, considerou a medida impratic\u00e1vel, pois, segundo ele, aumentaria filas nas lot\u00e9ricas.<br \/>\n        Ele disse ainda que j\u00e1 h\u00e1 controles para pr\u00eamios acima de R$ 2.259,20, com comunica\u00e7\u00e3o ao Conselho de Controle de Atividades Financeiras (Coaf) para valores acima de R$ 10 mil.<br \/>\n        <strong>Pr\u00f3ximas etapas<\/strong><br \/>O projeto ser\u00e1 ainda analisado, em <span id=\"4322\" class=\"termoGlossario\" title=\"Rito de tramita\u00e7\u00e3o pelo qual o projeto \u00e9 votado apenas pelas comiss\u00f5es designadas para analis\u00e1-lo, dispensada a delibera\u00e7\u00e3o do Plen\u00e1rio. O projeto perde o car\u00e1ter conclusivo se houver decis\u00e3o divergente entre as comiss\u00f5es ou se, independentemente de ser aprovado ou rejeitado, houver recurso assinado por 52 deputados para a aprecia\u00e7\u00e3o da mat\u00e9ria no Plen\u00e1rio.\" contenteditable=\"false\" data-toggle=\"tooltip\" data-placement=\"top\">car\u00e1ter conclusivo<\/span>, pelas comiss\u00f5es de Finan\u00e7as e Tributa\u00e7\u00e3o e de Constitui\u00e7\u00e3o e Justi\u00e7a e de Cidadania.<br \/>\n        Para virar lei, o texto deve ser aprovado pela C\u00e2mara e pelo Senado.<\/p>\n<p style=\"font-size: 0.8rem; font-weight: 700;\">Reportagem \u2013 Murilo Souza<br \/>Edi\u00e7\u00e3o \u2013 Ge\u00f3rgia Moraes<\/p>\n<\/p><\/div>\n<p><\/a><\/p>\n<p>Fonte: www.camara.leg.br<\/p>\n","protected":false},"excerpt":{"rendered":"<p>09\/01\/2026 &#8211; 18:41 \u00a0 Zeca Ribeiro \/ C\u00e2mara dos Deputados Ruy Carneiro destacou a import\u00e2ncia do fundo para a\u00e7\u00f5es de prote\u00e7\u00e3o \u00e0 inf\u00e2ncia A Comiss\u00e3o de Previd\u00eancia, Assist\u00eancia Social, Inf\u00e2ncia, Adolesc\u00eancia e Fam\u00edlia aprovou, em dezembro, proposta que destina a renda l\u00edquida de nove concursos anuais da loteria de progn\u00f3sticos esportivos, como a Loteca, alternadamente, [&hellip;]<\/p>\n","protected":false},"author":3,"featured_media":6765,"comment_status":"open","ping_status":"open","sticky":false,"template":"","format":"standard","meta":{"advanced_seo_description":"","jetpack_seo_html_title":"","jetpack_seo_noindex":false,"fifu_image_url":"https:\/\/www.camara.leg.br\/midias\/image\/2026\/01\/img20251126152031943-1-768x473.jpg","fifu_image_alt":"","_jetpack_memberships_contains_paid_content":false,"footnotes":"","jetpack_publicize_message":"","jetpack_publicize_feature_enabled":true,"jetpack_social_post_already_shared":true,"jetpack_social_options":{"image_generator_settings":{"template":"highway","default_image_id":0,"font":"","enabled":false},"version":2}},"categories":[106,1],"tags":[],"class_list":{"0":"post-6764","1":"post","2":"type-post","3":"status-publish","4":"format-standard","5":"has-post-thumbnail","7":"category-politica","8":"category-uncategorized"},"jetpack_publicize_connections":[],"jetpack_featured_media_url":"https:\/\/i0.wp.com\/www.camara.leg.br\/midias\/image\/2026\/01\/img20251126152031943-1-768x473.jpg?fit=%2C&ssl=1","jetpack_sharing_enabled":true,"jetpack-related-posts":[],"_links":{"self":[{"href":"https:\/\/friburgonoticias.com.br\/temp\/wp-json\/wp\/v2\/posts\/6764","targetHints":{"allow":["GET"]}}],"collection":[{"href":"https:\/\/friburgonoticias.com.br\/temp\/wp-json\/wp\/v2\/posts"}],"about":[{"href":"https:\/\/friburgonoticias.com.br\/temp\/wp-json\/wp\/v2\/types\/post"}],"author":[{"embeddable":true,"href":"https:\/\/friburgonoticias.com.br\/temp\/wp-json\/wp\/v2\/users\/3"}],"replies":[{"embeddable":true,"href":"https:\/\/friburgonoticias.com.br\/temp\/wp-json\/wp\/v2\/comments?post=6764"}],"version-history":[{"count":0,"href":"https:\/\/friburgonoticias.com.br\/temp\/wp-json\/wp\/v2\/posts\/6764\/revisions"}],"wp:featuredmedia":[{"embeddable":true,"href":"https:\/\/friburgonoticias.com.br\/temp\/wp-json\/wp\/v2\/media\/6765"}],"wp:attachment":[{"href":"https:\/\/friburgonoticias.com.br\/temp\/wp-json\/wp\/v2\/media?parent=6764"}],"wp:term":[{"taxonomy":"category","embeddable":true,"href":"https:\/\/friburgonoticias.com.br\/temp\/wp-json\/wp\/v2\/categories?post=6764"},{"taxonomy":"post_tag","embeddable":true,"href":"https:\/\/friburgonoticias.com.br\/temp\/wp-json\/wp\/v2\/tags?post=6764"}],"curies":[{"name":"wp","href":"https:\/\/api.w.org\/{rel}","templated":true}]}}