{"id":6768,"date":"2026-01-12T03:52:00","date_gmt":"2026-01-12T03:52:00","guid":{"rendered":"https:\/\/friburgonoticias.com.br\/temp\/2026\/01\/12\/prefeitura-de-mariana-abre-cadastro-de-blocos-para-carnaval-2026\/"},"modified":"2026-01-12T03:52:00","modified_gmt":"2026-01-12T03:52:00","slug":"prefeitura-de-mariana-abre-cadastro-de-blocos-para-carnaval-2026","status":"publish","type":"post","link":"https:\/\/friburgonoticias.com.br\/temp\/2026\/01\/12\/prefeitura-de-mariana-abre-cadastro-de-blocos-para-carnaval-2026\/","title":{"rendered":"Prefeitura de Mariana abre cadastro de blocos para Carnaval 2026"},"content":{"rendered":"<p><\/p>\n<div data-id=\"e4a9c54\" data-element_type=\"widget\" data-widget_type=\"theme-post-content.default\">\n<p><em>Inscri\u00e7\u00f5es para blocos do Carnaval de Mariana 2026 seguem abertas at\u00e9 16 de janeiro, com cadastro presencial na Prefeitura e exig\u00eancia de documenta\u00e7\u00e3o para garantir organiza\u00e7\u00e3o, seguran\u00e7a e apoio aos desfiles.<\/em><\/p>\n<p>A partir desta quinta-feira (08), est\u00e1 aberto o cadastro para blocos que desejam integrar a programa\u00e7\u00e3o oficial do Carnaval de Mariana em 2026. Os grupos carnavalescos devem se inscrever at\u00e9 o dia 16 de janeiro, no Departamento de Documenta\u00e7\u00e3o e Arquivo, no pr\u00e9dio da Prefeitura de Mariana, de segunda \u00e0 sexta, das 9h \u00e0s 12h e de 13h \u00e0s 16h30.<\/p>\n<p>A medida busca garantir uma boa organiza\u00e7\u00e3o do evento e facilitar o planejamento pr\u00e9vio da Secretaria de Patrim\u00f4nio Cultural no apoio aos blocos que desfilam durante os dias de carnaval.<\/p>\n<p><strong>No ato de inscri\u00e7\u00e3o, os blocos devem apresentar os seguintes documentos:<\/strong><\/p>\n<p>Nome e hist\u00f3rico do bloco (ano de funda\u00e7\u00e3o e trajet\u00f3ria);<\/p>\n<p>N\u00famero estimado de foli\u00f5es;<\/p>\n<p>Local de concentra\u00e7\u00e3o e itiner\u00e1rio do desfile;<\/p>\n<p>Imagens representativas do grupo;<\/p>\n<p>Participa\u00e7\u00e3o em edi\u00e7\u00f5es anteriores do Carnaval;<\/p>\n<p>Perfil do p\u00fablico;<\/p>\n<p>Declara\u00e7\u00e3o do Corpo de Bombeiros;<\/p>\n<p>Dados do respons\u00e1vel legal pelo bloco.<\/p>\n<p>O Carnaval \u00e9 um dos momentos mais esperados de Mariana, e a organiza\u00e7\u00e3o antecipada \u00e9 fundamental para que a folia aconte\u00e7a com responsabilidade e dentro das melhores condi\u00e7\u00f5es para todos os foli\u00f5es.<\/p>\n<p><em>Por Pedro Henrique Hudson<\/em>\n                <\/div>\n<p><\/a><\/p>\n<p>Fonte: territorionoticias.com.br<\/p>\n","protected":false},"excerpt":{"rendered":"<p>Inscri\u00e7\u00f5es para blocos do Carnaval de Mariana 2026 seguem abertas at\u00e9 16 de janeiro, com cadastro presencial na Prefeitura e exig\u00eancia de documenta\u00e7\u00e3o para garantir organiza\u00e7\u00e3o, seguran\u00e7a e apoio aos desfiles. A partir desta quinta-feira (08), est\u00e1 aberto o cadastro para blocos que desejam integrar a programa\u00e7\u00e3o oficial do Carnaval de Mariana em 2026. Os [&hellip;]<\/p>\n","protected":false},"author":3,"featured_media":6769,"comment_status":"open","ping_status":"open","sticky":false,"template":"","format":"standard","meta":{"advanced_seo_description":"","jetpack_seo_html_title":"","jetpack_seo_noindex":false,"fifu_image_url":"https:\/\/territorionoticias.com.br\/wp-content\/uploads\/2026\/01\/Cadastro-Carnaval-site.png","fifu_image_alt":"","_jetpack_memberships_contains_paid_content":false,"footnotes":"","jetpack_publicize_message":"","jetpack_publicize_feature_enabled":true,"jetpack_social_post_already_shared":true,"jetpack_social_options":{"image_generator_settings":{"template":"highway","default_image_id":0,"font":"","enabled":false},"version":2}},"categories":[105],"tags":[],"class_list":{"0":"post-6768","1":"post","2":"type-post","3":"status-publish","4":"format-standard","5":"has-post-thumbnail","7":"category-entretenimento"},"jetpack_publicize_connections":[],"jetpack_featured_media_url":"https:\/\/i0.wp.com\/territorionoticias.com.br\/wp-content\/uploads\/2026\/01\/Cadastro-Carnaval-site.png?fit=%2C&ssl=1","jetpack_sharing_enabled":true,"jetpack-related-posts":[],"_links":{"self":[{"href":"https:\/\/friburgonoticias.com.br\/temp\/wp-json\/wp\/v2\/posts\/6768","targetHints":{"allow":["GET"]}}],"collection":[{"href":"https:\/\/friburgonoticias.com.br\/temp\/wp-json\/wp\/v2\/posts"}],"about":[{"href":"https:\/\/friburgonoticias.com.br\/temp\/wp-json\/wp\/v2\/types\/post"}],"author":[{"embeddable":true,"href":"https:\/\/friburgonoticias.com.br\/temp\/wp-json\/wp\/v2\/users\/3"}],"replies":[{"embeddable":true,"href":"https:\/\/friburgonoticias.com.br\/temp\/wp-json\/wp\/v2\/comments?post=6768"}],"version-history":[{"count":0,"href":"https:\/\/friburgonoticias.com.br\/temp\/wp-json\/wp\/v2\/posts\/6768\/revisions"}],"wp:featuredmedia":[{"embeddable":true,"href":"https:\/\/friburgonoticias.com.br\/temp\/wp-json\/wp\/v2\/media\/6769"}],"wp:attachment":[{"href":"https:\/\/friburgonoticias.com.br\/temp\/wp-json\/wp\/v2\/media?parent=6768"}],"wp:term":[{"taxonomy":"category","embeddable":true,"href":"https:\/\/friburgonoticias.com.br\/temp\/wp-json\/wp\/v2\/categories?post=6768"},{"taxonomy":"post_tag","embeddable":true,"href":"https:\/\/friburgonoticias.com.br\/temp\/wp-json\/wp\/v2\/tags?post=6768"}],"curies":[{"name":"wp","href":"https:\/\/api.w.org\/{rel}","templated":true}]}}