{"id":6812,"date":"2026-01-12T19:28:51","date_gmt":"2026-01-12T19:28:51","guid":{"rendered":"https:\/\/friburgonoticias.com.br\/temp\/2026\/01\/12\/friburgo-relembra-tragedia-de-2011-e-lanca-barreira-contra-deslizamentos\/"},"modified":"2026-01-12T19:28:51","modified_gmt":"2026-01-12T19:28:51","slug":"friburgo-relembra-tragedia-de-2011-e-lanca-barreira-contra-deslizamentos","status":"publish","type":"post","link":"https:\/\/friburgonoticias.com.br\/temp\/2026\/01\/12\/friburgo-relembra-tragedia-de-2011-e-lanca-barreira-contra-deslizamentos\/","title":{"rendered":"Friburgo relembra trag\u00e9dia de 2011 e lan\u00e7a barreira contra deslizamentos"},"content":{"rendered":"<p><\/p>\n<div>\n<p style=\"text-align: justify;\">Na segunda-feira (12\/01), Nova Friburgo lembrou os 15 anos da trag\u00e9dia clim\u00e1tica de 2011 em uma solenidade simb\u00f3lica \u2014 uma data que permanece marcada na mem\u00f3ria de todos os friburguenses.<\/p>\n<div class=\"nklmaxwh nklmaxwh-post-inline nklmaxwh-float-center nklmaxwh-align-center nklmaxwh-column-1 nklmaxwh-clearfix no-bg-box-model\">\n<div id=\"nklmaxwh-37647-106515934\" class=\"nklmaxwh-container nklmaxwh-type-image\" itemscope=\"\" itemtype=\"https:\/\/schema.org\/WPAdBlock\" data-adid=\"37647\" data-type=\"image\"><a itemprop=\"url\" class=\"nklmaxwh-link\" href=\"https:\/\/linktr.ee\/clinsorria\" target=\"_blank\" rel=\"nofollow\"><img loading=\"lazy\" decoding=\"async\" data-lazyloaded=\"1\" width=\"1536\" height=\"512\" class=\"nklmaxwh-image\" src=\"https:\/\/www.serranewsrj.com.br\/wp-content\/uploads\/2026\/01\/ChatGPTImage7dejan.de202612_14_24-ezgif.com-png-to-webp-converter.webp\" alt=\"Banner Cl\u00ednica Sorria (Home) \u2013 1200 x 400 pixels\"\/><\/a><\/div>\n<\/div>\n<p style=\"text-align: justify;\">O evento acontece a partir das 15h, no Teatro Municipal, na Pra\u00e7a do Suspiro, e conta com a presen\u00e7a de autoridades federais, estaduais e municipais.<\/p>\n<p style=\"text-align: justify;\">A cerim\u00f4nia lan\u00e7a a pedra fundamental da recupera\u00e7\u00e3o da encosta atr\u00e1s do Hospital S\u00e3o Lucas, em Duas Pedras, e anuncia a constru\u00e7\u00e3o da Barreira SABO, tecnologia japonesa in\u00e9dita no Brasil para conter fluxos de detritos e reduzir riscos de deslizamentos.<\/p>\n<p style=\"text-align: justify;\">A obra faz parte do Programa de Aprimoramento da Capacidade T\u00e9cnica em Medidas Estruturais Frente aos Movimentos Gravitacionais de Massa, fruto da coopera\u00e7\u00e3o Brasil-Jap\u00e3o. Ser\u00e1 executada pelo Governo do Estado, com recursos do Novo PAC, no valor de R$ 15 milh\u00f5es.<\/p>\n<div class=\"nklmaxwh nklmaxwh-post-inline nklmaxwh-float-center nklmaxwh-align-center nklmaxwh-column-1 nklmaxwh-clearfix no-bg-box-model\">\n<div id=\"nklmaxwh-56737-379516971\" class=\"nklmaxwh-container nklmaxwh-type-image\" itemscope=\"\" itemtype=\"https:\/\/schema.org\/WPAdBlock\" data-adid=\"56737\" data-type=\"image\"><a itemprop=\"url\" class=\"nklmaxwh-link\" href=\"https:\/\/www.instagram.com\/euclidesemfoco?utm_source=ig_web_button_share_sheet&amp;igsh=ZDNlZDc0MzIxNw==\" target=\"_blank\" rel=\"nofollow\"><img loading=\"lazy\" decoding=\"async\" data-lazyloaded=\"1\" width=\"1200\" height=\"400\" class=\"nklmaxwh-image\" src=\"https:\/\/www.serranewsrj.com.br\/wp-content\/uploads\/2026\/01\/2026BannerGIFsite-EuclidesemFoco-ezgif.com-gif-to-webp-converter.webp\" alt=\"Euclides em Foco \u2013 Outubro (1200\u00d7400 pxl) WebP\"\/><\/a><\/div>\n<\/div>\n<p style=\"text-align: justify;\">A barreira ser\u00e1 instalada na Avenida Ant\u00f4nio Mario de Azevedo, n\u00ba 715, \u00e1rea estrat\u00e9gica para proteger o Hospital S\u00e3o Lucas e im\u00f3veis do entorno. O projeto come\u00e7ou em 2013, com estudos do projeto Gides, e foi formalizado em 2021.<\/p>\n<p style=\"text-align: justify;\">O Minist\u00e9rio do Desenvolvimento Regional e a COPPE\/UFRJ desenvolveram os projetos t\u00e9cnicos da barreira e de seus acessos, em parceria com Prefeitura, Defesa Civil e Meio Ambiente. A iniciativa refor\u00e7a a preven\u00e7\u00e3o de desastres e a seguran\u00e7a da popula\u00e7\u00e3o.<\/p>\n<div class=\"nklmaxwh nklmaxwh-post-inline nklmaxwh-float-center nklmaxwh-align-center nklmaxwh-column-1 nklmaxwh-clearfix no-bg-box-model\">\n<div id=\"nklmaxwh-52933-227250613\" class=\"nklmaxwh-container nklmaxwh-type-image\" itemscope=\"\" itemtype=\"https:\/\/schema.org\/WPAdBlock\" data-adid=\"52933\" data-type=\"image\"><a itemprop=\"url\" class=\"nklmaxwh-link\" href=\"https:\/\/jmfsaude.com.br\/\" target=\"_blank\" rel=\"nofollow\"><img loading=\"lazy\" decoding=\"async\" data-lazyloaded=\"1\" width=\"1200\" height=\"400\" class=\"nklmaxwh-image\" src=\"https:\/\/www.serranewsrj.com.br\/wp-content\/uploads\/2025\/03\/bannersiteJMF-ezgif.com-png-to-webp-converter.webp\" alt=\"JMF Solu\u00e7\u00f5es em Sa\u00fade \u2013 1200\u00d7400 pxl WebP\"\/><\/a><\/div>\n<\/div>\n<\/div>\n<p><script async src=\"\/\/www.instagram.com\/embed.js\"><\/script><br \/>\n<br \/><\/a><\/p>\n<p>Fonte: www.serranewsrj.com.br<\/p>\n","protected":false},"excerpt":{"rendered":"<p>Na segunda-feira (12\/01), Nova Friburgo lembrou os 15 anos da trag\u00e9dia clim\u00e1tica de 2011 em uma solenidade simb\u00f3lica \u2014 uma data que permanece marcada na mem\u00f3ria de todos os friburguenses. O evento acontece a partir das 15h, no Teatro Municipal, na Pra\u00e7a do Suspiro, e conta com a presen\u00e7a de autoridades federais, estaduais e municipais. [&hellip;]<\/p>\n","protected":false},"author":3,"featured_media":6813,"comment_status":"open","ping_status":"open","sticky":false,"template":"","format":"standard","meta":{"advanced_seo_description":"","jetpack_seo_html_title":"","jetpack_seo_noindex":false,"fifu_image_url":"https:\/\/www.serranewsrj.com.br\/wp-content\/uploads\/2026\/01\/barreira-sabo.jpg","fifu_image_alt":"","_jetpack_memberships_contains_paid_content":false,"footnotes":"","jetpack_publicize_message":"","jetpack_publicize_feature_enabled":true,"jetpack_social_post_already_shared":true,"jetpack_social_options":{"image_generator_settings":{"template":"highway","default_image_id":0,"font":"","enabled":false},"version":2}},"categories":[104,1],"tags":[],"class_list":{"0":"post-6812","1":"post","2":"type-post","3":"status-publish","4":"format-standard","5":"has-post-thumbnail","7":"category-cidade","8":"category-uncategorized"},"jetpack_publicize_connections":[],"jetpack_featured_media_url":"https:\/\/i0.wp.com\/www.serranewsrj.com.br\/wp-content\/uploads\/2026\/01\/barreira-sabo.jpg?fit=%2C&ssl=1","jetpack_sharing_enabled":true,"jetpack-related-posts":[],"_links":{"self":[{"href":"https:\/\/friburgonoticias.com.br\/temp\/wp-json\/wp\/v2\/posts\/6812","targetHints":{"allow":["GET"]}}],"collection":[{"href":"https:\/\/friburgonoticias.com.br\/temp\/wp-json\/wp\/v2\/posts"}],"about":[{"href":"https:\/\/friburgonoticias.com.br\/temp\/wp-json\/wp\/v2\/types\/post"}],"author":[{"embeddable":true,"href":"https:\/\/friburgonoticias.com.br\/temp\/wp-json\/wp\/v2\/users\/3"}],"replies":[{"embeddable":true,"href":"https:\/\/friburgonoticias.com.br\/temp\/wp-json\/wp\/v2\/comments?post=6812"}],"version-history":[{"count":0,"href":"https:\/\/friburgonoticias.com.br\/temp\/wp-json\/wp\/v2\/posts\/6812\/revisions"}],"wp:featuredmedia":[{"embeddable":true,"href":"https:\/\/friburgonoticias.com.br\/temp\/wp-json\/wp\/v2\/media\/6813"}],"wp:attachment":[{"href":"https:\/\/friburgonoticias.com.br\/temp\/wp-json\/wp\/v2\/media?parent=6812"}],"wp:term":[{"taxonomy":"category","embeddable":true,"href":"https:\/\/friburgonoticias.com.br\/temp\/wp-json\/wp\/v2\/categories?post=6812"},{"taxonomy":"post_tag","embeddable":true,"href":"https:\/\/friburgonoticias.com.br\/temp\/wp-json\/wp\/v2\/tags?post=6812"}],"curies":[{"name":"wp","href":"https:\/\/api.w.org\/{rel}","templated":true}]}}