{"id":6836,"date":"2026-01-14T00:42:51","date_gmt":"2026-01-14T00:42:51","guid":{"rendered":"https:\/\/friburgonoticias.com.br\/temp\/2026\/01\/14\/neguinho-da-beija-flor-desiste-da-disputa-ao-senado-benedita-segue-como-a-candidata-unica-do-pt-ao-cargo\/"},"modified":"2026-01-14T00:42:51","modified_gmt":"2026-01-14T00:42:51","slug":"neguinho-da-beija-flor-desiste-da-disputa-ao-senado-benedita-segue-como-a-candidata-unica-do-pt-ao-cargo","status":"publish","type":"post","link":"https:\/\/friburgonoticias.com.br\/temp\/2026\/01\/14\/neguinho-da-beija-flor-desiste-da-disputa-ao-senado-benedita-segue-como-a-candidata-unica-do-pt-ao-cargo\/","title":{"rendered":"Neguinho da Beija-Flor desiste da disputa ao Senado; Benedita segue como a candidata \u00fanica do PT ao cargo"},"content":{"rendered":"<p><\/p>\n<div itemprop=\"articleBody\">\nNeguinho da Beija-Flor, lan\u00e7ado pr\u00e9-candidato ao Senado pelo prefeito de Maric\u00e1, Washington Quaqu\u00e1 (PT), desistiu da empreitada. Em outubro, <a href=\"https:\/\/temporealrj.com\/neguinho-da-beija-flor-declara-apoio-a-benedita-da-silva-ao-senado\/\">o cantor e eterno int\u00e9rprete da azul-e-branca de Nil\u00f3polis j\u00e1 havia ligado<\/a> para a<a href=\"https:\/\/temporealrj.com\/de-olho-no-senado-benedita-da-silva-pt-poe-pre-campanha-na-rua-em-outubro\/\"> deputada federal Benedita da Silva (PT-RJ) e declarado apoio \u00e0 veterana<\/a>. Tr\u00eas meses depois, a informa\u00e7\u00e3o sobre a desist\u00eancia foi confirmada e divulgada pelo site Metr\u00f3poles, nesta ter\u00e7a-feira (13).<\/p>\n<p>A insist\u00eancia de Quaqu\u00e1 em lan\u00e7ar Neguinho na disputa de outubro estava provocando um inc\u00eandio em outras alas do PT, que queriam ver Benedita como a candidata \u00fanica do partido. As disputas internas entre os aspirantes a uma vaga na C\u00e2mara dos Deputados ainda jogavam gasolina nas labaredas.<\/p>\n<p>Se o fogo est\u00e1 controlado, s\u00f3 os bombeiros de ocasi\u00e3o ser\u00e3o capazes de avaliar.<\/p>\n<h2 class=\"wp-block-heading\">Com a desist\u00eancia de Neguinho da Beija-Flor, cresce a expectativa sobre Molon<\/h2>\n<p>Outros nomes do campo da esquerda ainda devem surgir nos pr\u00f3ximos meses. Alessandro Molon, do PSB, por exemplo, j\u00e1 se coloca no tabuleiro.<\/p>\n<p>O ex-deputado federal do PSB disputou a \u00fanica vaga aberta em 2022. Com 1.731.786 votos, ou 21,20% do total, chegou em segundo lugar. <\/p>\n<p>Rom\u00e1rio, do PL, venceu e se reelegeu.\n<\/p><\/div>\n<p><\/a><\/p>\n<p>Fonte: temporealrj.com<\/p>\n","protected":false},"excerpt":{"rendered":"<p>Neguinho da Beija-Flor, lan\u00e7ado pr\u00e9-candidato ao Senado pelo prefeito de Maric\u00e1, Washington Quaqu\u00e1 (PT), desistiu da empreitada. Em outubro, o cantor e eterno int\u00e9rprete da azul-e-branca de Nil\u00f3polis j\u00e1 havia ligado para a deputada federal Benedita da Silva (PT-RJ) e declarado apoio \u00e0 veterana. Tr\u00eas meses depois, a informa\u00e7\u00e3o sobre a desist\u00eancia foi confirmada e [&hellip;]<\/p>\n","protected":false},"author":3,"featured_media":6837,"comment_status":"open","ping_status":"open","sticky":false,"template":"","format":"standard","meta":{"advanced_seo_description":"","jetpack_seo_html_title":"","jetpack_seo_noindex":false,"fifu_image_url":"https:\/\/temporealrj.com\/wp-content\/uploads\/2026\/01\/WhatsApp-Image-2026-01-13-at-21.11.36.jpeg","fifu_image_alt":"","_jetpack_memberships_contains_paid_content":false,"footnotes":"","jetpack_publicize_message":"","jetpack_publicize_feature_enabled":true,"jetpack_social_post_already_shared":true,"jetpack_social_options":{"image_generator_settings":{"template":"highway","default_image_id":0,"font":"","enabled":false},"version":2}},"categories":[106,1],"tags":[],"class_list":{"0":"post-6836","1":"post","2":"type-post","3":"status-publish","4":"format-standard","5":"has-post-thumbnail","7":"category-politica","8":"category-uncategorized"},"jetpack_publicize_connections":[],"jetpack_featured_media_url":"https:\/\/i0.wp.com\/temporealrj.com\/wp-content\/uploads\/2026\/01\/WhatsApp-Image-2026-01-13-at-21.11.36.jpeg?fit=%2C&ssl=1","jetpack_sharing_enabled":true,"jetpack-related-posts":[],"_links":{"self":[{"href":"https:\/\/friburgonoticias.com.br\/temp\/wp-json\/wp\/v2\/posts\/6836","targetHints":{"allow":["GET"]}}],"collection":[{"href":"https:\/\/friburgonoticias.com.br\/temp\/wp-json\/wp\/v2\/posts"}],"about":[{"href":"https:\/\/friburgonoticias.com.br\/temp\/wp-json\/wp\/v2\/types\/post"}],"author":[{"embeddable":true,"href":"https:\/\/friburgonoticias.com.br\/temp\/wp-json\/wp\/v2\/users\/3"}],"replies":[{"embeddable":true,"href":"https:\/\/friburgonoticias.com.br\/temp\/wp-json\/wp\/v2\/comments?post=6836"}],"version-history":[{"count":0,"href":"https:\/\/friburgonoticias.com.br\/temp\/wp-json\/wp\/v2\/posts\/6836\/revisions"}],"wp:featuredmedia":[{"embeddable":true,"href":"https:\/\/friburgonoticias.com.br\/temp\/wp-json\/wp\/v2\/media\/6837"}],"wp:attachment":[{"href":"https:\/\/friburgonoticias.com.br\/temp\/wp-json\/wp\/v2\/media?parent=6836"}],"wp:term":[{"taxonomy":"category","embeddable":true,"href":"https:\/\/friburgonoticias.com.br\/temp\/wp-json\/wp\/v2\/categories?post=6836"},{"taxonomy":"post_tag","embeddable":true,"href":"https:\/\/friburgonoticias.com.br\/temp\/wp-json\/wp\/v2\/tags?post=6836"}],"curies":[{"name":"wp","href":"https:\/\/api.w.org\/{rel}","templated":true}]}}