{"id":6840,"date":"2026-01-14T15:50:19","date_gmt":"2026-01-14T15:50:19","guid":{"rendered":"https:\/\/friburgonoticias.com.br\/temp\/2026\/01\/14\/congresso-nacional-retoma-trabalhos-no-dia-2-de-fevereiro-noticias\/"},"modified":"2026-01-14T15:50:19","modified_gmt":"2026-01-14T15:50:19","slug":"congresso-nacional-retoma-trabalhos-no-dia-2-de-fevereiro-noticias","status":"publish","type":"post","link":"https:\/\/friburgonoticias.com.br\/temp\/2026\/01\/14\/congresso-nacional-retoma-trabalhos-no-dia-2-de-fevereiro-noticias\/","title":{"rendered":"Congresso Nacional retoma trabalhos no dia 2 de fevereiro &#8211; Not\u00edcias"},"content":{"rendered":"<p><\/p>\n<div>\n<div>\n<p class=\"g-artigo__data-hora\">\n                      14\/01\/2026 &#8211; 12:20 \u00a0\n                    <\/p>\n<div id=\"image-container-1238346\" class=\"image-container\" style=\"float: none; margin: 45px 0px; width: 100%;\" data-midia=\"1238346\">\n        <em>Marina Ramos\/C\u00e2mara dos Deputados<\/em><\/p>\n<p>        Hugo Motta (E) e Davi Alcolumbre (D) durante abertura da sess\u00e3o no ano passado\n        <\/p><\/div>\n<p>        Deputados e senadores v\u00e3o se reunir em sess\u00e3o conjunta no dia 2 de fevereiro para inaugurar a 4\u00aa sess\u00e3o legislativa da 57\u00aa <span id=\"4093\" class=\"termoGlossario\" title=\"Espa\u00e7o de tempo durante o qual os legisladores exercem seu poder. No Brasil, a dura\u00e7\u00e3o da legislatura \u00e9 de quatro anos. \" contenteditable=\"false\" data-toggle=\"tooltip\" data-placement=\"top\">legislatura<\/span> \u2014 o que corresponde ao terceiro dos quatro anos que comp\u00f5em a legislatura iniciada em 2023.<br \/>\n        A solenidade est\u00e1 marcada para as 15 horas no Plen\u00e1rio da C\u00e2mara e ser\u00e1 conduzida pelo presidente do Senado, Davi Alcolumbre (Uni\u00e3o-AP).<br \/>\n        <strong>Mensagens<\/strong><br \/>Durante a sess\u00e3o, ser\u00e1 lida a mensagem do presidente da Rep\u00fablica, Luiz In\u00e1cio Lula da Silva, com os projetos considerados priorit\u00e1rios para 2026. O Poder Judici\u00e1rio tamb\u00e9m deve enviar uma comunica\u00e7\u00e3o aos parlamentares.<br \/>\n        A presen\u00e7a do presidente da Rep\u00fablica na entrega da mensagem \u00e9 opcional. Normalmente, o Pal\u00e1cio do Planalto envia o texto por meio de um representante do Poder Executivo.<br \/>\n        Depois que a mensagem presidencial for lida, ser\u00e1 a vez de o representante do Supremo Tribunal Federal (STF) fazer sua apresenta\u00e7\u00e3o.<br \/>\n        Em seguida, falar\u00e1 o presidente da C\u00e2mara dos Deputados, Hugo Motta (Republicanos-PB). A sess\u00e3o ser\u00e1 encerrada com o discurso de Davi Alcolumbre.\u00a0Os demais parlamentares n\u00e3o fazem uso da palavra.<br \/>\n        <strong>Tradi\u00e7\u00e3o<br \/><\/strong>A abertura da sess\u00e3o legislativa \u00e9 geralmente precedida de um rito remanescente da inaugura\u00e7\u00e3o da Rep\u00fablica.<br \/>\n        O rito inclui passagem da tropa em revista, audi\u00e7\u00e3o do Hino Nacional, execu\u00e7\u00e3o de uma salva de tiros de canh\u00e3o e a presen\u00e7a, na rampa do Congresso, dos Drag\u00f5es da Independ\u00eancia, unidade militar criada por Dom Jo\u00e3o VI, em 1808.<\/p>\n<p style=\"font-size: 0.8rem; font-weight: 700;\">Da Ag\u00eancia Senado<br \/>Edi\u00e7\u00e3o &#8211; ND<\/p>\n<\/p><\/div>\n<\/p><\/div>\n<p><\/a><\/p>\n<p>Fonte: www.camara.leg.br<\/p>\n","protected":false},"excerpt":{"rendered":"<p>14\/01\/2026 &#8211; 12:20 \u00a0 Marina Ramos\/C\u00e2mara dos Deputados Hugo Motta (E) e Davi Alcolumbre (D) durante abertura da sess\u00e3o no ano passado Deputados e senadores v\u00e3o se reunir em sess\u00e3o conjunta no dia 2 de fevereiro para inaugurar a 4\u00aa sess\u00e3o legislativa da 57\u00aa legislatura \u2014 o que corresponde ao terceiro dos quatro anos que [&hellip;]<\/p>\n","protected":false},"author":3,"featured_media":6841,"comment_status":"open","ping_status":"open","sticky":false,"template":"","format":"standard","meta":{"advanced_seo_description":"","jetpack_seo_html_title":"","jetpack_seo_noindex":false,"fifu_image_url":"https:\/\/www.camara.leg.br\/midias\/image\/2026\/01\/img20250203171406019-768x473.jpg","fifu_image_alt":"","_jetpack_memberships_contains_paid_content":false,"footnotes":"","jetpack_publicize_message":"","jetpack_publicize_feature_enabled":true,"jetpack_social_post_already_shared":true,"jetpack_social_options":{"image_generator_settings":{"template":"highway","default_image_id":0,"font":"","enabled":false},"version":2}},"categories":[107],"tags":[],"class_list":{"0":"post-6840","1":"post","2":"type-post","3":"status-publish","4":"format-standard","5":"has-post-thumbnail","7":"category-economia"},"jetpack_publicize_connections":[],"jetpack_featured_media_url":"https:\/\/i0.wp.com\/www.camara.leg.br\/midias\/image\/2026\/01\/img20250203171406019-768x473.jpg?fit=%2C&ssl=1","jetpack_sharing_enabled":true,"jetpack-related-posts":[],"_links":{"self":[{"href":"https:\/\/friburgonoticias.com.br\/temp\/wp-json\/wp\/v2\/posts\/6840","targetHints":{"allow":["GET"]}}],"collection":[{"href":"https:\/\/friburgonoticias.com.br\/temp\/wp-json\/wp\/v2\/posts"}],"about":[{"href":"https:\/\/friburgonoticias.com.br\/temp\/wp-json\/wp\/v2\/types\/post"}],"author":[{"embeddable":true,"href":"https:\/\/friburgonoticias.com.br\/temp\/wp-json\/wp\/v2\/users\/3"}],"replies":[{"embeddable":true,"href":"https:\/\/friburgonoticias.com.br\/temp\/wp-json\/wp\/v2\/comments?post=6840"}],"version-history":[{"count":0,"href":"https:\/\/friburgonoticias.com.br\/temp\/wp-json\/wp\/v2\/posts\/6840\/revisions"}],"wp:featuredmedia":[{"embeddable":true,"href":"https:\/\/friburgonoticias.com.br\/temp\/wp-json\/wp\/v2\/media\/6841"}],"wp:attachment":[{"href":"https:\/\/friburgonoticias.com.br\/temp\/wp-json\/wp\/v2\/media?parent=6840"}],"wp:term":[{"taxonomy":"category","embeddable":true,"href":"https:\/\/friburgonoticias.com.br\/temp\/wp-json\/wp\/v2\/categories?post=6840"},{"taxonomy":"post_tag","embeddable":true,"href":"https:\/\/friburgonoticias.com.br\/temp\/wp-json\/wp\/v2\/tags?post=6840"}],"curies":[{"name":"wp","href":"https:\/\/api.w.org\/{rel}","templated":true}]}}