{"id":6846,"date":"2026-01-14T16:47:13","date_gmt":"2026-01-14T16:47:13","guid":{"rendered":"https:\/\/friburgonoticias.com.br\/temp\/2026\/01\/14\/remuneracao-do-trabalho-prisional-no-rio-tera-reajuste-em-fevereiro\/"},"modified":"2026-01-14T16:47:13","modified_gmt":"2026-01-14T16:47:13","slug":"remuneracao-do-trabalho-prisional-no-rio-tera-reajuste-em-fevereiro","status":"publish","type":"post","link":"https:\/\/friburgonoticias.com.br\/temp\/2026\/01\/14\/remuneracao-do-trabalho-prisional-no-rio-tera-reajuste-em-fevereiro\/","title":{"rendered":"Remunera\u00e7\u00e3o do trabalho prisional no Rio ter\u00e1 reajuste em fevereiro"},"content":{"rendered":"<p><\/p>\n<div itemprop=\"articleBody\">\nA remunera\u00e7\u00e3o paga a pessoas presas que realizam trabalho prisional no Rio ter\u00e1 um aumento a partir de fevereiro, seguindo o reajuste do sal\u00e1rio m\u00ednimo nacional em janeiro. Em portaria publicada no <a href=\"https:\/\/portal.ioerj.com.br\/\" target=\"_blank\" rel=\"noopener\">Di\u00e1rio Oficial<\/a> desta quarta-feira (14), a <a href=\"https:\/\/temporealrj.com\/castro-exonera-presidente-da-fundacao-santa-cabrini\/\">Funda\u00e7\u00e3o Santa Cabrini<\/a> \u2014 que \u00e9 vinculada \u00e0 Secretaria de Administra\u00e7\u00e3o Penitenci\u00e1ria do Rio (Seap) \u2014 atualizou os valores para todas as categorias.\u00a0<\/p>\n<p>A partir de fevereiro, os presidi\u00e1rios que realizam trabalho prisional dentro da unidade da <a href=\"https:\/\/temporealrj.com\/seap-devolve-o-predio-da-central-do-brasil-a-casa-civil-e-o-edificio-art-deco-tombado-e-historico-fica-praticamente-vazio\/\">Seap<\/a> v\u00e3o passar a receber R$ 1.215,75. O valor corresponde a 75% do novo sal\u00e1rio m\u00ednimo, porcentagem prevista na legisla\u00e7\u00e3o federal. Esse valor \u00e9 exclusivo para as atividades profissionais realizadas \u201cintramuros\u201d \u2014 ou seja, para pessoas privadas de liberdade que n\u00e3o t\u00eam direito de sair do pres\u00eddio.<\/p>\n<p>A portaria tamb\u00e9m atualizou os valores para presos que podem trabalhar fora da unidade e para egressos do sistema prisional que realizam trabalho atrav\u00e9s da Funda\u00e7\u00e3o. Para eles, as porcentagens variam de acordo com a fun\u00e7\u00e3o e o n\u00edvel de qualifica\u00e7\u00e3o. O n\u00edvel X, maior da tabela, passa a ter remunera\u00e7\u00e3o avaliada em R$ 5.025,10.<\/p>\n<div class=\"wp-block-image\">\n<figure class=\"aligncenter size-full\"><img loading=\"lazy\" decoding=\"async\" width=\"516\" height=\"300\" src=\"https:\/\/temporealrj.com\/wp-content\/uploads\/2026\/01\/WhatsApp-Image-2026-01-14-at-11.18.58-1-1.jpeg\" alt=\"WhatsApp Image 2026 01 14 at 11.18.58 1 1\" class=\"wp-image-114849\" title=\"Remunera\u00e7\u00e3o do trabalho prisional no Rio ter\u00e1 reajuste em fevereiro 62\" srcset=\"https:\/\/temporealrj.com\/wp-content\/uploads\/2026\/01\/WhatsApp-Image-2026-01-14-at-11.18.58-1-1.jpeg 516w, https:\/\/temporealrj.com\/wp-content\/uploads\/2026\/01\/WhatsApp-Image-2026-01-14-at-11.18.58-1-1-300x174.jpeg 300w\" sizes=\"auto, (max-width: 516px) 100vw, 516px\"\/><\/figure>\n<\/div>\n<h2 class=\"wp-block-heading\">Norma tamb\u00e9m estabelece regras para aux\u00edlio alimenta\u00e7\u00e3o e transporte do trabalho prisional<\/h2>\n<p>Na portaria, a Funda\u00e7\u00e3o tamb\u00e9m define que os contratantes dos servi\u00e7os de trabalho prisional devem garantir custeio de alimenta\u00e7\u00e3o e transporte. Caso n\u00e3o realizem o pagamento direto, as empresas devem pagar, no m\u00ednimo, R$ 18 por dia trabalhado para aux\u00edlio-alimenta\u00e7\u00e3o e R$ 10 por dia para aux\u00edlio-transporte.<\/p>\n<p>Al\u00e9m disso, a portaria tamb\u00e9m institui a cobran\u00e7a de uma taxa m\u00ednima de gerenciamento de 20% para a Funda\u00e7\u00e3o. A porcentagem incidir\u00e1 exclusivamente sobre o valor da folha de pagamento da remunera\u00e7\u00e3o dos trabalhadores.<\/p>\n<p>A Funda\u00e7\u00e3o foi criada em 1977 e \u00e9 respons\u00e1vel pelas a\u00e7\u00f5es de reintegra\u00e7\u00e3o social de pessoas privadas de liberdade por meio da capacita\u00e7\u00e3o profissional e da empregabilidade. At\u00e9 2024, cerca de 14,4 mil pessoas no sistema prisional trabalhavam em servi\u00e7os oferecidos por meio de parcerias com a institui\u00e7\u00e3o.<\/p>\n<div class=\"wp-block-image\">\n<figure class=\"aligncenter size-full\"><img loading=\"lazy\" decoding=\"async\" width=\"505\" height=\"620\" src=\"https:\/\/temporealrj.com\/wp-content\/uploads\/2026\/01\/WhatsApp-Image-2026-01-14-at-11.18.57.jpeg\" alt=\"WhatsApp Image 2026 01 14 at 11.18.57\" class=\"wp-image-114842\" title=\"Remunera\u00e7\u00e3o do trabalho prisional no Rio ter\u00e1 reajuste em fevereiro 63\" srcset=\"https:\/\/temporealrj.com\/wp-content\/uploads\/2026\/01\/WhatsApp-Image-2026-01-14-at-11.18.57.jpeg 505w, https:\/\/temporealrj.com\/wp-content\/uploads\/2026\/01\/WhatsApp-Image-2026-01-14-at-11.18.57-244x300.jpeg 244w\" sizes=\"auto, (max-width: 505px) 100vw, 505px\"\/><\/figure>\n<\/div>\n<div class=\"wp-block-image\">\n<figure class=\"aligncenter size-full\"><img loading=\"lazy\" decoding=\"async\" width=\"492\" height=\"617\" src=\"https:\/\/temporealrj.com\/wp-content\/uploads\/2026\/01\/WhatsApp-Image-2026-01-14-at-11.18.57-1.jpeg\" alt=\"WhatsApp Image 2026 01 14 at 11.18.57 1\" class=\"wp-image-114841\" title=\"Remunera\u00e7\u00e3o do trabalho prisional no Rio ter\u00e1 reajuste em fevereiro 64\" srcset=\"https:\/\/temporealrj.com\/wp-content\/uploads\/2026\/01\/WhatsApp-Image-2026-01-14-at-11.18.57-1.jpeg 492w, https:\/\/temporealrj.com\/wp-content\/uploads\/2026\/01\/WhatsApp-Image-2026-01-14-at-11.18.57-1-239x300.jpeg 239w\" sizes=\"auto, (max-width: 492px) 100vw, 492px\"\/><\/figure>\n<\/div>\n<div class=\"wp-block-image\">\n<figure class=\"aligncenter size-full\"><img loading=\"lazy\" decoding=\"async\" width=\"492\" height=\"250\" src=\"https:\/\/temporealrj.com\/wp-content\/uploads\/2026\/01\/WhatsApp-Image-2026-01-14-at-11.18.58.jpeg\" alt=\"WhatsApp Image 2026 01 14 at 11.18.58\" class=\"wp-image-114840\" title=\"Remunera\u00e7\u00e3o do trabalho prisional no Rio ter\u00e1 reajuste em fevereiro 65\" srcset=\"https:\/\/temporealrj.com\/wp-content\/uploads\/2026\/01\/WhatsApp-Image-2026-01-14-at-11.18.58.jpeg 492w, https:\/\/temporealrj.com\/wp-content\/uploads\/2026\/01\/WhatsApp-Image-2026-01-14-at-11.18.58-300x152.jpeg 300w\" sizes=\"auto, (max-width: 492px) 100vw, 492px\"\/><\/figure>\n<\/div>\n<\/div>\n<p><\/a><\/p>\n<p>Fonte: temporealrj.com<\/p>\n","protected":false},"excerpt":{"rendered":"<p>A remunera\u00e7\u00e3o paga a pessoas presas que realizam trabalho prisional no Rio ter\u00e1 um aumento a partir de fevereiro, seguindo o reajuste do sal\u00e1rio m\u00ednimo nacional em janeiro. Em portaria publicada no Di\u00e1rio Oficial desta quarta-feira (14), a Funda\u00e7\u00e3o Santa Cabrini \u2014 que \u00e9 vinculada \u00e0 Secretaria de Administra\u00e7\u00e3o Penitenci\u00e1ria do Rio (Seap) \u2014 atualizou [&hellip;]<\/p>\n","protected":false},"author":3,"featured_media":6847,"comment_status":"open","ping_status":"open","sticky":false,"template":"","format":"standard","meta":{"advanced_seo_description":"","jetpack_seo_html_title":"","jetpack_seo_noindex":false,"fifu_image_url":"https:\/\/temporealrj.com\/wp-content\/uploads\/2026\/01\/fundacao-santa-cabrini-trabalho-prisional-e1768404771448.jpeg","fifu_image_alt":"","_jetpack_memberships_contains_paid_content":false,"footnotes":"","jetpack_publicize_message":"","jetpack_publicize_feature_enabled":true,"jetpack_social_post_already_shared":true,"jetpack_social_options":{"image_generator_settings":{"template":"highway","default_image_id":0,"font":"","enabled":false},"version":2}},"categories":[107],"tags":[],"class_list":{"0":"post-6846","1":"post","2":"type-post","3":"status-publish","4":"format-standard","5":"has-post-thumbnail","7":"category-economia"},"jetpack_publicize_connections":[],"jetpack_featured_media_url":"https:\/\/i0.wp.com\/temporealrj.com\/wp-content\/uploads\/2026\/01\/fundacao-santa-cabrini-trabalho-prisional-e1768404771448.jpeg?fit=%2C&ssl=1","jetpack_sharing_enabled":true,"jetpack-related-posts":[],"_links":{"self":[{"href":"https:\/\/friburgonoticias.com.br\/temp\/wp-json\/wp\/v2\/posts\/6846","targetHints":{"allow":["GET"]}}],"collection":[{"href":"https:\/\/friburgonoticias.com.br\/temp\/wp-json\/wp\/v2\/posts"}],"about":[{"href":"https:\/\/friburgonoticias.com.br\/temp\/wp-json\/wp\/v2\/types\/post"}],"author":[{"embeddable":true,"href":"https:\/\/friburgonoticias.com.br\/temp\/wp-json\/wp\/v2\/users\/3"}],"replies":[{"embeddable":true,"href":"https:\/\/friburgonoticias.com.br\/temp\/wp-json\/wp\/v2\/comments?post=6846"}],"version-history":[{"count":0,"href":"https:\/\/friburgonoticias.com.br\/temp\/wp-json\/wp\/v2\/posts\/6846\/revisions"}],"wp:featuredmedia":[{"embeddable":true,"href":"https:\/\/friburgonoticias.com.br\/temp\/wp-json\/wp\/v2\/media\/6847"}],"wp:attachment":[{"href":"https:\/\/friburgonoticias.com.br\/temp\/wp-json\/wp\/v2\/media?parent=6846"}],"wp:term":[{"taxonomy":"category","embeddable":true,"href":"https:\/\/friburgonoticias.com.br\/temp\/wp-json\/wp\/v2\/categories?post=6846"},{"taxonomy":"post_tag","embeddable":true,"href":"https:\/\/friburgonoticias.com.br\/temp\/wp-json\/wp\/v2\/tags?post=6846"}],"curies":[{"name":"wp","href":"https:\/\/api.w.org\/{rel}","templated":true}]}}