{"id":6848,"date":"2026-01-14T17:19:38","date_gmt":"2026-01-14T17:19:38","guid":{"rendered":"https:\/\/friburgonoticias.com.br\/temp\/2026\/01\/14\/projeto-preve-uniformizacao-minima-para-matricula-de-imoveis-em-cartorios-noticias\/"},"modified":"2026-01-14T17:19:38","modified_gmt":"2026-01-14T17:19:38","slug":"projeto-preve-uniformizacao-minima-para-matricula-de-imoveis-em-cartorios-noticias","status":"publish","type":"post","link":"https:\/\/friburgonoticias.com.br\/temp\/2026\/01\/14\/projeto-preve-uniformizacao-minima-para-matricula-de-imoveis-em-cartorios-noticias\/","title":{"rendered":"Projeto prev\u00ea uniformiza\u00e7\u00e3o m\u00ednima para matr\u00edcula de im\u00f3veis em cart\u00f3rios &#8211; Not\u00edcias"},"content":{"rendered":"<p><\/p>\n<div>\n<div>\n<p class=\"g-artigo__data-hora\">\n                      14\/01\/2026 &#8211; 13:46 \u00a0\n                    <\/p>\n<div id=\"image-container-1238321\" class=\"image-container\" style=\"float: none; margin: 45px 0px; width: 100%;\" data-midia=\"1238321\">\n        <em>Pablo Valadares \/ C\u00e2mara dos Deputados<\/em><\/p>\n<p>        Daniela Reinehr: aus\u00eancia de padroniza\u00e7\u00e3o causa inseguran\u00e7a jur\u00eddica\n        <\/p><\/div>\n<p>        O Projeto de Lei 817\/25 determina \u00e0 Corregedoria do Conselho Nacional de Justi\u00e7a (CNJ) regulamentar a estrutura, a organiza\u00e7\u00e3o e a forma de apresenta\u00e7\u00e3o das matr\u00edculas de im\u00f3veis expedida pelos cart\u00f3rios. O texto est\u00e1 em an\u00e1lise na C\u00e2mara dos Deputados.<br \/>\n        O objetivo da proposta, segundo sua autora, deputada Daniela Reinehr (PL-SC), \u00e9 estabelecer uma padroniza\u00e7\u00e3o m\u00ednima das matr\u00edculas imobili\u00e1rias.<br \/>\n        Atualmente, afirma a parlamentar, a aus\u00eancia de uniformidade dificulta o entendimento das informa\u00e7\u00f5es por cidad\u00e3os e profissionais que trabalham no setor imobili\u00e1rio.<br \/>\n        \u201cA falta de uma organiza\u00e7\u00e3o m\u00ednima, a fim de apresentar as informa\u00e7\u00f5es de forma simples e intelig\u00edvel implica perda de tempo, maior inseguran\u00e7a jur\u00eddica e, consequentemente, aumento do custo Brasil\u201d, diz Daniela Reinehr.<br \/>\n        A proposta altera a <a href=\"https:\/\/www2.camara.leg.br\/legin\/fed\/lei\/1970-1979\/lei-6015-31-dezembro-1973-357511-norma-pl.html\">Lei dos Registros P\u00fablicos<\/a>, que j\u00e1 confere uma s\u00e9rie de prerrogativas no setor imobili\u00e1rio \u00e0 Corregedoria do CNJ.<br \/>\n        <strong>Pr\u00f3ximos passos<br \/><\/strong>O projeto ser\u00e1 analisado, em <span id=\"4322\" class=\"termoGlossario\" title=\"Rito de tramita\u00e7\u00e3o pelo qual o projeto \u00e9 votado apenas pelas comiss\u00f5es designadas para analis\u00e1-lo, dispensada a delibera\u00e7\u00e3o do Plen\u00e1rio. O projeto perde o car\u00e1ter conclusivo se houver decis\u00e3o divergente entre as comiss\u00f5es ou se, independentemente de ser aprovado ou rejeitado, houver recurso assinado por 52 deputados para a aprecia\u00e7\u00e3o da mat\u00e9ria no Plen\u00e1rio.\" contenteditable=\"false\" data-toggle=\"tooltip\" data-placement=\"top\">car\u00e1ter conclusivo<\/span>, pela Comiss\u00e3o de Constitui\u00e7\u00e3o e Justi\u00e7a e de Cidadania (CCJ).<br \/>\n        Para virar lei, precisa ser aprovado pela C\u00e2mara e pelo Senado.<\/p>\n<p style=\"font-size: 0.8rem; font-weight: 700;\">Reportagem \u2013 Janary J\u00fanior<br \/>Edi\u00e7\u00e3o \u2013 Marcelo Oliveira<\/p>\n<\/p><\/div>\n<\/p><\/div>\n<p><\/a><\/p>\n<p>Fonte: www.camara.leg.br<\/p>\n","protected":false},"excerpt":{"rendered":"<p>14\/01\/2026 &#8211; 13:46 \u00a0 Pablo Valadares \/ C\u00e2mara dos Deputados Daniela Reinehr: aus\u00eancia de padroniza\u00e7\u00e3o causa inseguran\u00e7a jur\u00eddica O Projeto de Lei 817\/25 determina \u00e0 Corregedoria do Conselho Nacional de Justi\u00e7a (CNJ) regulamentar a estrutura, a organiza\u00e7\u00e3o e a forma de apresenta\u00e7\u00e3o das matr\u00edculas de im\u00f3veis expedida pelos cart\u00f3rios. O texto est\u00e1 em an\u00e1lise na [&hellip;]<\/p>\n","protected":false},"author":3,"featured_media":6849,"comment_status":"open","ping_status":"open","sticky":false,"template":"","format":"standard","meta":{"advanced_seo_description":"","jetpack_seo_html_title":"","jetpack_seo_noindex":false,"fifu_image_url":"https:\/\/www.camara.leg.br\/midias\/image\/2026\/01\/img20251015161408298-768x473.jpg","fifu_image_alt":"","_jetpack_memberships_contains_paid_content":false,"footnotes":"","jetpack_publicize_message":"","jetpack_publicize_feature_enabled":true,"jetpack_social_post_already_shared":true,"jetpack_social_options":{"image_generator_settings":{"template":"highway","default_image_id":0,"font":"","enabled":false},"version":2}},"categories":[106,1],"tags":[],"class_list":{"0":"post-6848","1":"post","2":"type-post","3":"status-publish","4":"format-standard","5":"has-post-thumbnail","7":"category-politica","8":"category-uncategorized"},"jetpack_publicize_connections":[],"jetpack_featured_media_url":"https:\/\/i0.wp.com\/www.camara.leg.br\/midias\/image\/2026\/01\/img20251015161408298-768x473.jpg?fit=%2C&ssl=1","jetpack_sharing_enabled":true,"jetpack-related-posts":[],"_links":{"self":[{"href":"https:\/\/friburgonoticias.com.br\/temp\/wp-json\/wp\/v2\/posts\/6848","targetHints":{"allow":["GET"]}}],"collection":[{"href":"https:\/\/friburgonoticias.com.br\/temp\/wp-json\/wp\/v2\/posts"}],"about":[{"href":"https:\/\/friburgonoticias.com.br\/temp\/wp-json\/wp\/v2\/types\/post"}],"author":[{"embeddable":true,"href":"https:\/\/friburgonoticias.com.br\/temp\/wp-json\/wp\/v2\/users\/3"}],"replies":[{"embeddable":true,"href":"https:\/\/friburgonoticias.com.br\/temp\/wp-json\/wp\/v2\/comments?post=6848"}],"version-history":[{"count":0,"href":"https:\/\/friburgonoticias.com.br\/temp\/wp-json\/wp\/v2\/posts\/6848\/revisions"}],"wp:featuredmedia":[{"embeddable":true,"href":"https:\/\/friburgonoticias.com.br\/temp\/wp-json\/wp\/v2\/media\/6849"}],"wp:attachment":[{"href":"https:\/\/friburgonoticias.com.br\/temp\/wp-json\/wp\/v2\/media?parent=6848"}],"wp:term":[{"taxonomy":"category","embeddable":true,"href":"https:\/\/friburgonoticias.com.br\/temp\/wp-json\/wp\/v2\/categories?post=6848"},{"taxonomy":"post_tag","embeddable":true,"href":"https:\/\/friburgonoticias.com.br\/temp\/wp-json\/wp\/v2\/tags?post=6848"}],"curies":[{"name":"wp","href":"https:\/\/api.w.org\/{rel}","templated":true}]}}