{"id":6858,"date":"2026-01-14T20:17:51","date_gmt":"2026-01-14T20:17:51","guid":{"rendered":"https:\/\/friburgonoticias.com.br\/temp\/2026\/01\/14\/acao-popular-pede-anulacao-de-lei-que-autoriza-predios-de-ate-20-andares-em-teresopolis\/"},"modified":"2026-01-14T20:17:51","modified_gmt":"2026-01-14T20:17:51","slug":"acao-popular-pede-anulacao-de-lei-que-autoriza-predios-de-ate-20-andares-em-teresopolis","status":"publish","type":"post","link":"https:\/\/friburgonoticias.com.br\/temp\/2026\/01\/14\/acao-popular-pede-anulacao-de-lei-que-autoriza-predios-de-ate-20-andares-em-teresopolis\/","title":{"rendered":"A\u00e7\u00e3o popular pede anula\u00e7\u00e3o de lei que autoriza pr\u00e9dios de at\u00e9 20 andares em Teres\u00f3polis"},"content":{"rendered":"<p><\/p>\n<div itemprop=\"articleBody\">\n<a href=\"https:\/\/temporealrj.com\/mp-recomenda-revogacao-de-lei-que-autoriza-predios-de-ate-20-andares-em-teresopolis\/\">Ap\u00f3s o Minist\u00e9rio P\u00fablico do Rio (MPRJ) recomendar a revoga\u00e7\u00e3o<\/a>, uma a\u00e7\u00e3o popular protocolada na Justi\u00e7a estadual pede que a Prefeitura de Teres\u00f3polis anule a lei municipal que autoriza a constru\u00e7\u00e3o de pr\u00e9dios de at\u00e9 20 andares no bairro do Alto. Sancionada em dezembro, a norma despertou pol\u00eamica entre moradores e urbanistas por permitir edif\u00edcios que contrariem o Plano Diretor Municipal, que permite at\u00e9 oito pavimentos.<\/p>\n<p>A a\u00e7\u00e3o est\u00e1 tramitando na Justi\u00e7a e aponta ilegalidades na altera\u00e7\u00e3o urban\u00edstica. De acordo com a a\u00e7\u00e3o, n\u00e3o houve qualquer parecer t\u00e9cnico para justificar o aumento do gabarito, que foi aprovado por unanimidade pela C\u00e2mara de <a href=\"https:\/\/temporealrj.com\/inss-cede-terreno-da-quinta-do-lebrao-ao-municipio-de-teresopolis-e-encerra-disputa-judicial\/\">Teres\u00f3polis<\/a>. A norma permite constru\u00e7\u00f5es de at\u00e9 60 metros de altura.<\/p>\n<p>Um dos advogados da a\u00e7\u00e3o \u00e9 o vereador carioca Pedro Duarte (sem partido). Ele acredita que o texto pode privilegiar empreendimentos espec\u00edficos e alega falta de impessoalidade no processo de mudan\u00e7a na regra urban\u00edstica.<\/p>\n<p>\u201cJ\u00e1 venho trocando experi\u00eancias sobre quest\u00f5es urban\u00edsticas com a sociedade civil de diversos munic\u00edpios, inclusive a de Teres\u00f3polis. Esse caso espec\u00edfico foi trazido a mim por moradores da cidade, que pediram apoio e suporte t\u00e9cnico para resolv\u00ea-lo\u201d, afirma Duarte.<\/p>\n<h2 class=\"wp-block-heading\">Norma muda padr\u00e3o em dois trechos espec\u00edficos em Teres\u00f3polis<\/h2>\n<p>O aumento de gabarito aprovado pela Prefeitura de Teres\u00f3polis vale apenas para dois trechos espec\u00edficos: na \u00e1rea entre as ruas Alfredo Rebello Filho e Hidelgardo de Noronha; e no setor localizado entre a Rua Augusto do Amaral Peixoto e a Rua Sloper. S\u00f3 poder\u00e3o ultrapassar o limite municipal de altura constru\u00e7\u00f5es em terrenos com \u00e1rea superior a 10.000 m\u00b2.<\/p>\n<p>Para os advogados da a\u00e7\u00e3o, a permiss\u00e3o pode provocar impactos ambientais e paisag\u00edsticos com risco para a Serra dos \u00d3rg\u00e3os, um dos principais cart\u00f5es postais do munic\u00edpio. A a\u00e7\u00e3o popular pede a concess\u00e3o de medida liminar para suspender os efeitos da lei at\u00e9 o julgamento final, assim como multa di\u00e1ria em caso de descumprimento. A Justi\u00e7a do Rio ainda est\u00e1 analisando o pedido.\n<\/p><\/div>\n<p><\/a><\/p>\n<p>Fonte: temporealrj.com<\/p>\n","protected":false},"excerpt":{"rendered":"<p>Ap\u00f3s o Minist\u00e9rio P\u00fablico do Rio (MPRJ) recomendar a revoga\u00e7\u00e3o, uma a\u00e7\u00e3o popular protocolada na Justi\u00e7a estadual pede que a Prefeitura de Teres\u00f3polis anule a lei municipal que autoriza a constru\u00e7\u00e3o de pr\u00e9dios de at\u00e9 20 andares no bairro do Alto. Sancionada em dezembro, a norma despertou pol\u00eamica entre moradores e urbanistas por permitir edif\u00edcios [&hellip;]<\/p>\n","protected":false},"author":3,"featured_media":6859,"comment_status":"open","ping_status":"open","sticky":false,"template":"","format":"standard","meta":{"advanced_seo_description":"","jetpack_seo_html_title":"","jetpack_seo_noindex":false,"fifu_image_url":"https:\/\/temporealrj.com\/wp-content\/uploads\/2026\/01\/Captura-de-tela-2026-01-14-152244-e1768415071141.png","fifu_image_alt":"","_jetpack_memberships_contains_paid_content":false,"footnotes":"","jetpack_publicize_message":"","jetpack_publicize_feature_enabled":true,"jetpack_social_post_already_shared":true,"jetpack_social_options":{"image_generator_settings":{"template":"highway","default_image_id":0,"font":"","enabled":false},"version":2}},"categories":[107],"tags":[],"class_list":{"0":"post-6858","1":"post","2":"type-post","3":"status-publish","4":"format-standard","5":"has-post-thumbnail","7":"category-economia"},"jetpack_publicize_connections":[],"jetpack_featured_media_url":"https:\/\/i0.wp.com\/temporealrj.com\/wp-content\/uploads\/2026\/01\/Captura-de-tela-2026-01-14-152244-e1768415071141.png?fit=%2C&ssl=1","jetpack_sharing_enabled":true,"jetpack-related-posts":[],"_links":{"self":[{"href":"https:\/\/friburgonoticias.com.br\/temp\/wp-json\/wp\/v2\/posts\/6858","targetHints":{"allow":["GET"]}}],"collection":[{"href":"https:\/\/friburgonoticias.com.br\/temp\/wp-json\/wp\/v2\/posts"}],"about":[{"href":"https:\/\/friburgonoticias.com.br\/temp\/wp-json\/wp\/v2\/types\/post"}],"author":[{"embeddable":true,"href":"https:\/\/friburgonoticias.com.br\/temp\/wp-json\/wp\/v2\/users\/3"}],"replies":[{"embeddable":true,"href":"https:\/\/friburgonoticias.com.br\/temp\/wp-json\/wp\/v2\/comments?post=6858"}],"version-history":[{"count":0,"href":"https:\/\/friburgonoticias.com.br\/temp\/wp-json\/wp\/v2\/posts\/6858\/revisions"}],"wp:featuredmedia":[{"embeddable":true,"href":"https:\/\/friburgonoticias.com.br\/temp\/wp-json\/wp\/v2\/media\/6859"}],"wp:attachment":[{"href":"https:\/\/friburgonoticias.com.br\/temp\/wp-json\/wp\/v2\/media?parent=6858"}],"wp:term":[{"taxonomy":"category","embeddable":true,"href":"https:\/\/friburgonoticias.com.br\/temp\/wp-json\/wp\/v2\/categories?post=6858"},{"taxonomy":"post_tag","embeddable":true,"href":"https:\/\/friburgonoticias.com.br\/temp\/wp-json\/wp\/v2\/tags?post=6858"}],"curies":[{"name":"wp","href":"https:\/\/api.w.org\/{rel}","templated":true}]}}