{"id":6862,"date":"2026-01-15T11:42:26","date_gmt":"2026-01-15T11:42:26","guid":{"rendered":"https:\/\/friburgonoticias.com.br\/temp\/2026\/01\/15\/fotografo-de-nova-friburgo-registra-jupiter-e-suas-luas-no-ceu-da-cidade\/"},"modified":"2026-01-15T11:42:26","modified_gmt":"2026-01-15T11:42:26","slug":"fotografo-de-nova-friburgo-registra-jupiter-e-suas-luas-no-ceu-da-cidade","status":"publish","type":"post","link":"https:\/\/friburgonoticias.com.br\/temp\/2026\/01\/15\/fotografo-de-nova-friburgo-registra-jupiter-e-suas-luas-no-ceu-da-cidade\/","title":{"rendered":"Fot\u00f3grafo de Nova Friburgo registra J\u00fapiter e suas luas no c\u00e9u da cidade"},"content":{"rendered":"<p><\/p>\n<div id=\"post-59466\">\n<div class=\"post-header post-tp-13-header\">\n<div class=\"single-featured\">\n<img loading=\"lazy\" decoding=\"async\" data-lazyloaded=\"1\" src=\"https:\/\/www.serranewsrj.com.br\/wp-content\/uploads\/2026\/01\/jupter-1130x580.jpg\" width=\"1130\" height=\"580\" alt=\"\"\/>                                            <span class=\"image-credit\">Foto: Jalmirez Silva &#8211; 12\/01\/2026<\/span><\/div>\n<\/div>\n<div class=\"entry-content clearfix single-post-content\">\n<p style=\"text-align: justify;\">O fot\u00f3grafo Jalmirez Silva registrou, a partir do c\u00e9u de Nova Friburgo, imagens impressionantes de J\u00fapiter, o maior planeta do Sistema Solar. O registro foi feito na noite de segunda-feira (12\/01), per\u00edodo em que o planeta se encontra em oposi\u00e7\u00e3o ao Sol, quando est\u00e1 mais pr\u00f3ximo da Terra e com excelente visibilidade no c\u00e9u noturno, inclusive a olho nu.<\/p>\n<div class=\"pqxdclig pqxdclig-post-inline pqxdclig-float-center pqxdclig-align-center pqxdclig-column-1 pqxdclig-clearfix no-bg-box-model\">\n<div id=\"pqxdclig-37647-1139766535\" class=\"pqxdclig-container pqxdclig-type-image\" itemscope=\"\" itemtype=\"https:\/\/schema.org\/WPAdBlock\" data-adid=\"37647\" data-type=\"image\"><a itemprop=\"url\" class=\"pqxdclig-link\" href=\"https:\/\/linktr.ee\/clinsorria\" target=\"_blank\" rel=\"nofollow\"><img loading=\"lazy\" decoding=\"async\" data-lazyloaded=\"1\" width=\"1536\" height=\"512\" class=\"pqxdclig-image\" src=\"https:\/\/www.serranewsrj.com.br\/wp-content\/uploads\/2026\/01\/ChatGPTImage7dejan.de202612_14_24-ezgif.com-png-to-webp-converter.webp\" alt=\"Banner Cl\u00ednica Sorria (Home) \u2013 1200 x 400 pixels\"\/><\/a><\/div>\n<\/div>\n<p style=\"text-align: justify;\">Al\u00e9m do brilho intenso de J\u00fapiter, as imagens mostram as quatro maiores luas do planeta \u2014 Io, Europa, Ganimedes e Calisto \u2014 conhecidas como Luas de Galileu. Com o aux\u00edlio de equipamentos \u00f3pticos de m\u00e9dia amplia\u00e7\u00e3o, esses sat\u00e9lites podem ser observados acompanhando o planeta, como j\u00e1 havia sido constatado por Galileu Galilei no in\u00edcio do s\u00e9culo XVII.<\/p>\n<p style=\"text-align: justify;\">Nas fotografias \u00e9 poss\u00edvel ver J\u00fapiter ladeado por suas quatro luas, sendo que uma delas aparece parcialmente encoberta pelo pr\u00f3prio planeta, surgindo \u00e0 sua direita. O registro destaca a qualidade do c\u00e9u de Nova Friburgo para observa\u00e7\u00f5es astron\u00f4micas e chama a aten\u00e7\u00e3o para o espet\u00e1culo vis\u00edvel diretamente da regi\u00e3o.<\/p>\n<\/div>\n<\/div>\n<div id=\"\">\n<a href=\"https:\/\/www.serranewsrj.com.br\/author\/admin-2\" title=\"Artigos de autor\"><br \/>\n<span class=\"post-author-avatar\" itemprop=\"image\"><img loading=\"lazy\" decoding=\"async\" data-lazyloaded=\"1\" alt=\"\" src=\"https:\/\/www.serranewsrj.com.br\/wp-content\/uploads\/2025\/03\/REDONDA-4-180x180.png\" class=\"avatar avatar-80 photo avatar-default\" height=\"80\" width=\"80\"\/><\/span><br \/>\n<\/a><\/p>\n<div class=\"post-author-bio\" itemprop=\"description\">A sua fonte segura de informa\u00e7\u00e3o no interior do Rio de Janeiro.<\/p>\n<\/div>\n<\/div>\n<p><\/a><\/p>\n<p>Fonte: www.serranewsrj.com.br<\/p>\n","protected":false},"excerpt":{"rendered":"<p>Foto: Jalmirez Silva &#8211; 12\/01\/2026 O fot\u00f3grafo Jalmirez Silva registrou, a partir do c\u00e9u de Nova Friburgo, imagens impressionantes de J\u00fapiter, o maior planeta do Sistema Solar. O registro foi feito na noite de segunda-feira (12\/01), per\u00edodo em que o planeta se encontra em oposi\u00e7\u00e3o ao Sol, quando est\u00e1 mais pr\u00f3ximo da Terra e com [&hellip;]<\/p>\n","protected":false},"author":3,"featured_media":6863,"comment_status":"open","ping_status":"open","sticky":false,"template":"","format":"standard","meta":{"advanced_seo_description":"","jetpack_seo_html_title":"","jetpack_seo_noindex":false,"fifu_image_url":"https:\/\/www.serranewsrj.com.br\/wp-content\/uploads\/2026\/01\/jupter.jpg","fifu_image_alt":"","_jetpack_memberships_contains_paid_content":false,"footnotes":"","jetpack_publicize_message":"","jetpack_publicize_feature_enabled":true,"jetpack_social_post_already_shared":true,"jetpack_social_options":{"image_generator_settings":{"template":"highway","default_image_id":0,"font":"","enabled":false},"version":2}},"categories":[104,1],"tags":[],"class_list":{"0":"post-6862","1":"post","2":"type-post","3":"status-publish","4":"format-standard","5":"has-post-thumbnail","7":"category-cidade","8":"category-uncategorized"},"jetpack_publicize_connections":[],"jetpack_featured_media_url":"https:\/\/i0.wp.com\/www.serranewsrj.com.br\/wp-content\/uploads\/2026\/01\/jupter.jpg?fit=%2C&ssl=1","jetpack_sharing_enabled":true,"jetpack-related-posts":[],"_links":{"self":[{"href":"https:\/\/friburgonoticias.com.br\/temp\/wp-json\/wp\/v2\/posts\/6862","targetHints":{"allow":["GET"]}}],"collection":[{"href":"https:\/\/friburgonoticias.com.br\/temp\/wp-json\/wp\/v2\/posts"}],"about":[{"href":"https:\/\/friburgonoticias.com.br\/temp\/wp-json\/wp\/v2\/types\/post"}],"author":[{"embeddable":true,"href":"https:\/\/friburgonoticias.com.br\/temp\/wp-json\/wp\/v2\/users\/3"}],"replies":[{"embeddable":true,"href":"https:\/\/friburgonoticias.com.br\/temp\/wp-json\/wp\/v2\/comments?post=6862"}],"version-history":[{"count":0,"href":"https:\/\/friburgonoticias.com.br\/temp\/wp-json\/wp\/v2\/posts\/6862\/revisions"}],"wp:featuredmedia":[{"embeddable":true,"href":"https:\/\/friburgonoticias.com.br\/temp\/wp-json\/wp\/v2\/media\/6863"}],"wp:attachment":[{"href":"https:\/\/friburgonoticias.com.br\/temp\/wp-json\/wp\/v2\/media?parent=6862"}],"wp:term":[{"taxonomy":"category","embeddable":true,"href":"https:\/\/friburgonoticias.com.br\/temp\/wp-json\/wp\/v2\/categories?post=6862"},{"taxonomy":"post_tag","embeddable":true,"href":"https:\/\/friburgonoticias.com.br\/temp\/wp-json\/wp\/v2\/tags?post=6862"}],"curies":[{"name":"wp","href":"https:\/\/api.w.org\/{rel}","templated":true}]}}