{"id":6866,"date":"2026-01-15T12:22:57","date_gmt":"2026-01-15T12:22:57","guid":{"rendered":"https:\/\/friburgonoticias.com.br\/temp\/2026\/01\/15\/paes-sanciona-orcamento-de-r-524-bilhoes-para-o-rio-em-2026\/"},"modified":"2026-01-15T12:22:57","modified_gmt":"2026-01-15T12:22:57","slug":"paes-sanciona-orcamento-de-r-524-bilhoes-para-o-rio-em-2026","status":"publish","type":"post","link":"https:\/\/friburgonoticias.com.br\/temp\/2026\/01\/15\/paes-sanciona-orcamento-de-r-524-bilhoes-para-o-rio-em-2026\/","title":{"rendered":"Paes sanciona or\u00e7amento de R$ 52,4 bilh\u00f5es para o Rio em 2026"},"content":{"rendered":"<p><\/p>\n<div itemprop=\"articleBody\">\nO prefeito Eduardo Paes (PSD) sancionou, nesta quinta-feira (15), a lei que estabelece o or\u00e7amento do munic\u00edpio para 2026. Neste ano, o Rio vai ter R$ 52,42 bilh\u00f5es para despesas p\u00fablicas. O chefe do executivo municipal aprovou sem vetos o texto <a href=\"https:\/\/temporealrj.com\/vereadores-aprovam-orcamento-de-r-5242-bilhoes-para-2026-com-mais-de-4-mil-emendas\/\">enviado pela C\u00e2mara do Rio em dezembro<\/a>, que inclui mais de 4 mil adi\u00e7\u00f5es feitas pelos vereadores por meio de emendas.<\/p>\n<p>A maior parte do <a href=\"https:\/\/temporealrj.com\/camara-do-rio-aprova-em-primeira-votacao-projetos-orcamentarios-da-prefeitura\/\">valor estabelecido<\/a> vai para o or\u00e7amento fiscal da cidade, que ficou estimado em R$ 39,1 bilh\u00f5es. Em seguida, a segunda maior fatia do or\u00e7amento da prefeitura para o ano vai para a seguridade social, com R$ 13,2 bilh\u00f5es. Essa parte da verba pode ser usada para \u00e1reas como sa\u00fade, previd\u00eancia e assist\u00eancia social.\u00a0<\/p>\n<h2 class=\"wp-block-heading\">Lei do or\u00e7amento define limite de 30% para cr\u00e9ditos suplementares da prefeitura<\/h2>\n<p>A lei estabelece ainda a fatia do or\u00e7amento que ser\u00e1 usada para investimentos nas empresas controladas pelo munic\u00edpio. Elas ter\u00e3o R$ 534,9 milh\u00f5es destinados a projetos em 2026. A lei ainda assegura incentivos fiscais \u00e0 cultura, com a destina\u00e7\u00e3o m\u00ednima de 1% da arrecada\u00e7\u00e3o do Imposto Sobre Servi\u00e7os (ISS), al\u00e9m de fixar o teto de capta\u00e7\u00e3o do Projeto Pr\u00f3-Educa\u00e7\u00e3o em R$ 3,49 milh\u00f5es.<\/p>\n<p>Outra medida prevista na lei \u00e9 a autoriza\u00e7\u00e3o para que o prefeito possa abrir cr\u00e9ditos suplementares de at\u00e9 30% da despesa total para ajustes\u00a0 que considerar necess\u00e1rios. Tamb\u00e9m est\u00e3o garantidos recursos para projetos j\u00e1 em execu\u00e7\u00e3o e para despesas obrigat\u00f3rias, que incluem pagamento de pessoal, precat\u00f3rios judiciais e d\u00edvidas.<\/p>\n<div class=\"wp-block-image\">\n<figure class=\"aligncenter size-full is-resized\"><img loading=\"lazy\" decoding=\"async\" width=\"765\" height=\"462\" src=\"https:\/\/temporealrj.com\/wp-content\/uploads\/2026\/01\/WhatsApp-Image-2026-01-15-at-07.05.24.jpeg\" alt=\"WhatsApp Image 2026 01 15 at 07.05.24\" class=\"wp-image-114990\" style=\"width:527px;height:auto\" title=\"Paes sanciona or\u00e7amento de R$ 52,4 bilh\u00f5es para o Rio em 2026 62\" srcset=\"https:\/\/temporealrj.com\/wp-content\/uploads\/2026\/01\/WhatsApp-Image-2026-01-15-at-07.05.24.jpeg 765w, https:\/\/temporealrj.com\/wp-content\/uploads\/2026\/01\/WhatsApp-Image-2026-01-15-at-07.05.24-300x181.jpeg 300w\" sizes=\"auto, (max-width: 765px) 100vw, 765px\"\/><\/figure>\n<\/div>\n<div class=\"wp-block-image\">\n<figure class=\"aligncenter size-full is-resized\"><img loading=\"lazy\" decoding=\"async\" width=\"810\" height=\"601\" src=\"https:\/\/temporealrj.com\/wp-content\/uploads\/2026\/01\/WhatsApp-Image-2026-01-15-at-07.05.24-1.jpeg\" alt=\"WhatsApp Image 2026 01 15 at 07.05.24 1\" class=\"wp-image-114989\" style=\"width:534px;height:auto\" title=\"Paes sanciona or\u00e7amento de R$ 52,4 bilh\u00f5es para o Rio em 2026 63\" srcset=\"https:\/\/temporealrj.com\/wp-content\/uploads\/2026\/01\/WhatsApp-Image-2026-01-15-at-07.05.24-1.jpeg 810w, https:\/\/temporealrj.com\/wp-content\/uploads\/2026\/01\/WhatsApp-Image-2026-01-15-at-07.05.24-1-300x223.jpeg 300w, https:\/\/temporealrj.com\/wp-content\/uploads\/2026\/01\/WhatsApp-Image-2026-01-15-at-07.05.24-1-768x570.jpeg 768w\" sizes=\"auto, (max-width: 810px) 100vw, 810px\"\/><\/figure>\n<\/div>\n<\/div>\n<p><\/a><\/p>\n<p>Fonte: temporealrj.com<\/p>\n","protected":false},"excerpt":{"rendered":"<p>O prefeito Eduardo Paes (PSD) sancionou, nesta quinta-feira (15), a lei que estabelece o or\u00e7amento do munic\u00edpio para 2026. Neste ano, o Rio vai ter R$ 52,42 bilh\u00f5es para despesas p\u00fablicas. O chefe do executivo municipal aprovou sem vetos o texto enviado pela C\u00e2mara do Rio em dezembro, que inclui mais de 4 mil adi\u00e7\u00f5es [&hellip;]<\/p>\n","protected":false},"author":3,"featured_media":6867,"comment_status":"open","ping_status":"open","sticky":false,"template":"","format":"standard","meta":{"advanced_seo_description":"","jetpack_seo_html_title":"","jetpack_seo_noindex":false,"fifu_image_url":"https:\/\/temporealrj.com\/wp-content\/uploads\/2026\/01\/prefeitura-do-Rio-sede-e1768475465969.png","fifu_image_alt":"","_jetpack_memberships_contains_paid_content":false,"footnotes":"","jetpack_publicize_message":"","jetpack_publicize_feature_enabled":true,"jetpack_social_post_already_shared":true,"jetpack_social_options":{"image_generator_settings":{"template":"highway","default_image_id":0,"font":"","enabled":false},"version":2}},"categories":[107],"tags":[],"class_list":{"0":"post-6866","1":"post","2":"type-post","3":"status-publish","4":"format-standard","5":"has-post-thumbnail","7":"category-economia"},"jetpack_publicize_connections":[],"jetpack_featured_media_url":"https:\/\/i0.wp.com\/temporealrj.com\/wp-content\/uploads\/2026\/01\/prefeitura-do-Rio-sede-e1768475465969.png?fit=%2C&ssl=1","jetpack_sharing_enabled":true,"jetpack-related-posts":[],"_links":{"self":[{"href":"https:\/\/friburgonoticias.com.br\/temp\/wp-json\/wp\/v2\/posts\/6866","targetHints":{"allow":["GET"]}}],"collection":[{"href":"https:\/\/friburgonoticias.com.br\/temp\/wp-json\/wp\/v2\/posts"}],"about":[{"href":"https:\/\/friburgonoticias.com.br\/temp\/wp-json\/wp\/v2\/types\/post"}],"author":[{"embeddable":true,"href":"https:\/\/friburgonoticias.com.br\/temp\/wp-json\/wp\/v2\/users\/3"}],"replies":[{"embeddable":true,"href":"https:\/\/friburgonoticias.com.br\/temp\/wp-json\/wp\/v2\/comments?post=6866"}],"version-history":[{"count":0,"href":"https:\/\/friburgonoticias.com.br\/temp\/wp-json\/wp\/v2\/posts\/6866\/revisions"}],"wp:featuredmedia":[{"embeddable":true,"href":"https:\/\/friburgonoticias.com.br\/temp\/wp-json\/wp\/v2\/media\/6867"}],"wp:attachment":[{"href":"https:\/\/friburgonoticias.com.br\/temp\/wp-json\/wp\/v2\/media?parent=6866"}],"wp:term":[{"taxonomy":"category","embeddable":true,"href":"https:\/\/friburgonoticias.com.br\/temp\/wp-json\/wp\/v2\/categories?post=6866"},{"taxonomy":"post_tag","embeddable":true,"href":"https:\/\/friburgonoticias.com.br\/temp\/wp-json\/wp\/v2\/tags?post=6866"}],"curies":[{"name":"wp","href":"https:\/\/api.w.org\/{rel}","templated":true}]}}