{"id":6882,"date":"2026-01-16T13:55:42","date_gmt":"2026-01-16T13:55:42","guid":{"rendered":"https:\/\/friburgonoticias.com.br\/temp\/2026\/01\/16\/comissao-aprova-aumento-de-pena-para-crimes-contra-agentes-de-seguranca-noticias\/"},"modified":"2026-01-16T13:55:42","modified_gmt":"2026-01-16T13:55:42","slug":"comissao-aprova-aumento-de-pena-para-crimes-contra-agentes-de-seguranca-noticias","status":"publish","type":"post","link":"https:\/\/friburgonoticias.com.br\/temp\/2026\/01\/16\/comissao-aprova-aumento-de-pena-para-crimes-contra-agentes-de-seguranca-noticias\/","title":{"rendered":"Comiss\u00e3o aprova aumento de pena para crimes contra agentes de seguran\u00e7a &#8211; Not\u00edcias"},"content":{"rendered":"<p><\/p>\n<div>\n<p class=\"g-artigo__data-hora\">\n                      16\/01\/2026 &#8211; 09:53 \u00a0\n                    <\/p>\n<div id=\"image-container-1238742\" class=\"image-container\" style=\"float: none; margin: 45px 0px; width: 100%;\" data-midia=\"1238742\">\n        <em>Renato Ara\u00fajo \/ C\u00e2mara dos Deputados<\/em><\/p>\n<p>        Coronel Assis alterou texto original para &#8220;evitar puni\u00e7\u00f5es desproporcionais&#8221;\n        <\/p><\/div>\n<p>        A Comiss\u00e3o de Seguran\u00e7a P\u00fablica da C\u00e2mara dos Deputados aprovou, em dezembro, projeto que altera o <a href=\"https:\/\/www2.camara.leg.br\/legin\/fed\/declei\/1940-1949\/decreto-lei-2848-7-dezembro-1940-412868-norma-pe.html\">C\u00f3digo Penal<\/a> para aumentar a pena para crimes praticados contra agentes de seguran\u00e7a p\u00fablica, servidores do Sistema \u00danico de Seguran\u00e7a P\u00fablica (Susp) ou do socioeducativo quando estiverem no exerc\u00edcio da fun\u00e7\u00e3o ou em raz\u00e3o dela.<br \/>\n        O texto eleva a puni\u00e7\u00e3o (em alguns casos dobra) para os seguintes crimes:<\/p>\n<ul>\n<li>induzir a suic\u00eddio ou automutila\u00e7\u00e3o;<\/li>\n<li>cal\u00fania, inj\u00faria e difama\u00e7\u00e3o;<\/li>\n<li>constrangimento ilegal;<\/li>\n<li>amea\u00e7a;<\/li>\n<li>persegui\u00e7\u00e3o;<\/li>\n<li>sequestro ou c\u00e1rcere privado;<\/li>\n<li>roubo; e<\/li>\n<li>extors\u00e3o, incluindo a mediante sequestro.<\/li>\n<\/ul>\n<p>        O projeto tamb\u00e9m altera a <a href=\"https:\/\/www2.camara.leg.br\/legin\/fed\/lei\/1980-1987\/lei-7210-11-julho-1984-356938-norma-pl.html\">Lei de Execu\u00e7\u00e3o Penal<\/a> para exigir cumprimento de 35% da pena para progress\u00e3o de regime nesses casos.<br \/>\n        A comiss\u00e3o aprovou a vers\u00e3o do relator <span id=\"4098\" class=\"termoGlossario\" title=\"Nome que se d\u00e1 ao texto que altera substancialmente o conte\u00fado original da proposta. O substitutivo \u00e9 apresentado pelo relator e tem prefer\u00eancia na vota\u00e7\u00e3o sobre o projeto original.\" contenteditable=\"false\" data-toggle=\"tooltip\" data-placement=\"top\">substitutivo<\/span>, deputado Coronel Assis (Uni\u00e3o-MT), ao Projeto de Lei 3255\/25, do deputado Pastor Sargento Isid\u00f3rio (Avante-BA).<\/p>\n<p>        Originalmente, o projeto pretendia triplicar todas as penas para crimes praticados contra agentes de seguran\u00e7a. O relator, no entanto, apresentou um substitutivo para ajustar a medida \u00e0 sistem\u00e1tica do Direito Penal, evitando, segundo ele, puni\u00e7\u00f5es desproporcionais e garantindo a individualiza\u00e7\u00e3o da pena.<br \/>\n        &#8220;N\u00e3o sem raz\u00e3o, o C\u00f3digo Penal estabelece que os aumentos de pena v\u00e3o de 1\/6 da pena-base at\u00e9 o dobro, ligadas ao tipo penal espec\u00edfico&#8221;, disse Coronel Assis.<br \/>\n        &#8220;Estabelecer aumento de tr\u00eas vezes o valor da pena-base, aplic\u00e1vel a todos os tipos penais, de forma linear e sem considerar majorantes de outros grupos socialmente relevantes, como mulheres, menores ou pessoas idosas, seria incompat\u00edvel com a sistem\u00e1tica do Direito&#8221;, acrescentou o relator.<br \/>\n        <strong>Pr\u00f3ximas etapas<\/strong><br \/>A proposta ainda ser\u00e1 analisada pela Comiss\u00e3o de Constitui\u00e7\u00e3o e Justi\u00e7a e de Cidadania e, depois, pelo Plen\u00e1rio.<br \/>\n        Para virar lei, o texto deve ser aprovado pela C\u00e2mara e pelo Senado.<\/p>\n<p style=\"font-size: 0.8rem; font-weight: 700;\">Reportagem \u2013 Murilo Souza<br \/>Edi\u00e7\u00e3o \u2013 Marcelo Oliveira<\/p>\n<\/p><\/div>\n<p><\/a><\/p>\n<p>Fonte: www.camara.leg.br<\/p>\n","protected":false},"excerpt":{"rendered":"<p>16\/01\/2026 &#8211; 09:53 \u00a0 Renato Ara\u00fajo \/ C\u00e2mara dos Deputados Coronel Assis alterou texto original para &#8220;evitar puni\u00e7\u00f5es desproporcionais&#8221; A Comiss\u00e3o de Seguran\u00e7a P\u00fablica da C\u00e2mara dos Deputados aprovou, em dezembro, projeto que altera o C\u00f3digo Penal para aumentar a pena para crimes praticados contra agentes de seguran\u00e7a p\u00fablica, servidores do Sistema \u00danico de Seguran\u00e7a [&hellip;]<\/p>\n","protected":false},"author":3,"featured_media":6883,"comment_status":"open","ping_status":"open","sticky":false,"template":"","format":"standard","meta":{"advanced_seo_description":"","jetpack_seo_html_title":"","jetpack_seo_noindex":false,"fifu_image_url":"https:\/\/www.camara.leg.br\/midias\/image\/2026\/01\/img20251216174321575-768x474.jpg","fifu_image_alt":"","_jetpack_memberships_contains_paid_content":false,"footnotes":"","jetpack_publicize_message":"","jetpack_publicize_feature_enabled":true,"jetpack_social_post_already_shared":true,"jetpack_social_options":{"image_generator_settings":{"template":"highway","default_image_id":0,"font":"","enabled":false},"version":2}},"categories":[106,1],"tags":[],"class_list":{"0":"post-6882","1":"post","2":"type-post","3":"status-publish","4":"format-standard","5":"has-post-thumbnail","7":"category-politica","8":"category-uncategorized"},"jetpack_publicize_connections":[],"jetpack_featured_media_url":"https:\/\/i0.wp.com\/www.camara.leg.br\/midias\/image\/2026\/01\/img20251216174321575-768x474.jpg?fit=%2C&ssl=1","jetpack_sharing_enabled":true,"jetpack-related-posts":[],"_links":{"self":[{"href":"https:\/\/friburgonoticias.com.br\/temp\/wp-json\/wp\/v2\/posts\/6882","targetHints":{"allow":["GET"]}}],"collection":[{"href":"https:\/\/friburgonoticias.com.br\/temp\/wp-json\/wp\/v2\/posts"}],"about":[{"href":"https:\/\/friburgonoticias.com.br\/temp\/wp-json\/wp\/v2\/types\/post"}],"author":[{"embeddable":true,"href":"https:\/\/friburgonoticias.com.br\/temp\/wp-json\/wp\/v2\/users\/3"}],"replies":[{"embeddable":true,"href":"https:\/\/friburgonoticias.com.br\/temp\/wp-json\/wp\/v2\/comments?post=6882"}],"version-history":[{"count":0,"href":"https:\/\/friburgonoticias.com.br\/temp\/wp-json\/wp\/v2\/posts\/6882\/revisions"}],"wp:featuredmedia":[{"embeddable":true,"href":"https:\/\/friburgonoticias.com.br\/temp\/wp-json\/wp\/v2\/media\/6883"}],"wp:attachment":[{"href":"https:\/\/friburgonoticias.com.br\/temp\/wp-json\/wp\/v2\/media?parent=6882"}],"wp:term":[{"taxonomy":"category","embeddable":true,"href":"https:\/\/friburgonoticias.com.br\/temp\/wp-json\/wp\/v2\/categories?post=6882"},{"taxonomy":"post_tag","embeddable":true,"href":"https:\/\/friburgonoticias.com.br\/temp\/wp-json\/wp\/v2\/tags?post=6882"}],"curies":[{"name":"wp","href":"https:\/\/api.w.org\/{rel}","templated":true}]}}