{"id":6914,"date":"2026-01-19T21:28:09","date_gmt":"2026-01-19T21:28:09","guid":{"rendered":"https:\/\/friburgonoticias.com.br\/temp\/2026\/01\/19\/comissao-aprova-projeto-que-inclui-turismo-como-foco-orcamentario-de-politica-do-idoso-noticias\/"},"modified":"2026-01-19T21:28:09","modified_gmt":"2026-01-19T21:28:09","slug":"comissao-aprova-projeto-que-inclui-turismo-como-foco-orcamentario-de-politica-do-idoso-noticias","status":"publish","type":"post","link":"https:\/\/friburgonoticias.com.br\/temp\/2026\/01\/19\/comissao-aprova-projeto-que-inclui-turismo-como-foco-orcamentario-de-politica-do-idoso-noticias\/","title":{"rendered":"Comiss\u00e3o aprova projeto que inclui turismo como foco or\u00e7ament\u00e1rio de pol\u00edtica do idoso &#8211; Not\u00edcias"},"content":{"rendered":"<p><\/p>\n<div>\n<p class=\"g-artigo__data-hora\">\n                      19\/01\/2026 &#8211; 17:43 \u00a0\n                    <\/p>\n<div id=\"image-container-1239044\" class=\"image-container\" style=\"float: none; margin: 45px 0px; width: 100%;\" data-midia=\"1239044\">\n        <em>Bruno Spada \/ C\u00e2mara dos Deputados<\/em><\/p>\n<p>        Z\u00e9 Silva, relator\n        <\/p><\/div>\n<p>        A Comiss\u00e3o de Defesa dos Direitos da Pessoa Idosa da C\u00e2mara dos Deputados aprovou, em dezembro, o Projeto de Lei 1582\/24, que inclui o turismo como tem\u00e1tica da proposta or\u00e7ament\u00e1ria direcionada aos idosos.<br \/>\n        O texto altera a <a class=\"linkLegislacao\" href=\"https:\/\/www2.camara.gov.br\/legin\/fed\/lei\/1994\/lei-8842-4-janeiro-1994-372578-norma-pl.html\">Lei 8.842\/94<\/a>, que disp\u00f5e sobre a Pol\u00edtica Nacional do Idoso, para determinar que o Minist\u00e9rio do Turismo elabore proposta or\u00e7ament\u00e1ria para financiar programas nacionais compat\u00edveis com essa pol\u00edtica.<br \/>\n        Atualmente, a lei obriga os minist\u00e9rios das \u00e1reas de sa\u00fade, educa\u00e7\u00e3o, trabalho, previd\u00eancia social, cultura, esporte e lazer a elaborarem propostas or\u00e7ament\u00e1rias voltadas aos idosos. Com a mudan\u00e7a, o turismo passar\u00e1 a integrar essa lista.<br \/>\n        O autor do projeto, deputado Gerv\u00e1sio Maia (PSB-PB), ressalta que o turismo na terceira idade possui import\u00e2ncia significativa tanto para os idosos quanto para a sociedade em geral. Segundo ele, viajar pode ser uma \u00f3tima maneira de manter a mente e o corpo saud\u00e1veis. &#8220;Aprender sobre novos lugares, culturas e tradi\u00e7\u00f5es desafia o c\u00e9rebro e pode ajudar a manter a cogni\u00e7\u00e3o afiada, o que \u00e9 especialmente importante nessa fase da vida&#8221;, disse.<br \/>\n        Para o relator, deputado Z\u00e9 Silva (Solidariedade-MG), a mudan\u00e7a ajudar\u00e1 o Minist\u00e9rio do Turismo a planejar melhor a pol\u00edtica nacional de turismo voltada para as pessoas idosas. &#8220;Ainda que nem todas as pessoas da terceira idade tenham condi\u00e7\u00f5es financeiras de arcar com os custos de uma viagem, a elabora\u00e7\u00e3o de uma pol\u00edtica p\u00fablica representar\u00e1 o in\u00edcio da mudan\u00e7a de postura estatal sobre o tema que trar\u00e1 benef\u00edcios sociais, culturais e psicol\u00f3gicos&#8221;, afirmou.<br \/>\n        Estudo do Instituto de Pesquisa Econ\u00f4mica Aplicada (Ipea) divulgado em 2021, citado por Maia, mostrou que a propor\u00e7\u00e3o de pessoas com mais de 65 anos no Brasil pode saltar para 40% da popula\u00e7\u00e3o em 2100. Segundo o Instituto Brasileiro de Geografia e Estat\u00edstica (<span id=\"4178\" class=\"termoGlossario\" title=\"\u00d3rg\u00e3o da administra\u00e7\u00e3o p\u00fablica federal, subordinado ao Minist\u00e9rio do Planejamento, Or\u00e7amento e Gest\u00e3o. \u00c9 o principal provedor de dados oficiais do Pa\u00eds, sendo respons\u00e1vel pela produ\u00e7\u00e3o, an\u00e1lise, pesquisa e dissemina\u00e7\u00e3o de informa\u00e7\u00f5es de natureza estat\u00edstica (demogr\u00e1fica, social e econ\u00f4mica), geogr\u00e1fica, cartogr\u00e1fica, geod\u00e9sica e ambiental.\" contenteditable=\"false\" data-toggle=\"tooltip\" data-placement=\"top\">IBGE<\/span>), atualmente 15,6% da popula\u00e7\u00e3o tem mais de 60 anos.<br \/>\n        <strong>Pr\u00f3ximos passos<\/strong><br \/>A proposta ainda ser\u00e1 analisada, em <span id=\"4322\" class=\"termoGlossario\" title=\"Rito de tramita\u00e7\u00e3o pelo qual o projeto \u00e9 votado apenas pelas comiss\u00f5es designadas para analis\u00e1-lo, dispensada a delibera\u00e7\u00e3o do Plen\u00e1rio. O projeto perde o car\u00e1ter conclusivo se houver decis\u00e3o divergente entre as comiss\u00f5es ou se, independentemente de ser aprovado ou rejeitado, houver recurso assinado por 52 deputados para a aprecia\u00e7\u00e3o da mat\u00e9ria no Plen\u00e1rio.\" contenteditable=\"false\" data-toggle=\"tooltip\" data-placement=\"top\">car\u00e1ter conclusivo<\/span>, pelas comiss\u00f5es de Finan\u00e7as e Tributa\u00e7\u00e3o; e de Constitui\u00e7\u00e3o e Justi\u00e7a e de Cidadania. Para virar lei, o texto precisa ser aprovado na C\u00e2mara e no Senado.<br \/>\n        <a href=\"https:\/\/www.camara.leg.br\/noticias\/573454-SAIBA-MAIS-SOBRE-A-TRAMITACAO-DE-PROJETOS-DE-LEI\">Saiba mais sobre a tramita\u00e7\u00e3o de projetos de lei<\/a><\/p>\n<p style=\"font-size: 0.8rem; font-weight: 700;\">Reportagem \u2013 Tiago Miranda<br \/>Edi\u00e7\u00e3o \u2013 Ana Chalub<\/p>\n<\/p><\/div>\n<p><\/a><\/p>\n<p>Fonte: www.camara.leg.br<\/p>\n","protected":false},"excerpt":{"rendered":"<p>19\/01\/2026 &#8211; 17:43 \u00a0 Bruno Spada \/ C\u00e2mara dos Deputados Z\u00e9 Silva, relator A Comiss\u00e3o de Defesa dos Direitos da Pessoa Idosa da C\u00e2mara dos Deputados aprovou, em dezembro, o Projeto de Lei 1582\/24, que inclui o turismo como tem\u00e1tica da proposta or\u00e7ament\u00e1ria direcionada aos idosos. O texto altera a Lei 8.842\/94, que disp\u00f5e sobre [&hellip;]<\/p>\n","protected":false},"author":3,"featured_media":6915,"comment_status":"open","ping_status":"open","sticky":false,"template":"","format":"standard","meta":{"advanced_seo_description":"","jetpack_seo_html_title":"","jetpack_seo_noindex":false,"fifu_image_url":"https:\/\/www.camara.leg.br\/midias\/image\/2026\/01\/img20251203152312829-1-768x473.jpg","fifu_image_alt":"","_jetpack_memberships_contains_paid_content":false,"footnotes":"","jetpack_publicize_message":"","jetpack_publicize_feature_enabled":true,"jetpack_social_post_already_shared":true,"jetpack_social_options":{"image_generator_settings":{"template":"highway","default_image_id":0,"font":"","enabled":false},"version":2}},"categories":[106,1],"tags":[],"class_list":{"0":"post-6914","1":"post","2":"type-post","3":"status-publish","4":"format-standard","5":"has-post-thumbnail","7":"category-politica","8":"category-uncategorized"},"jetpack_publicize_connections":[],"jetpack_featured_media_url":"https:\/\/i0.wp.com\/www.camara.leg.br\/midias\/image\/2026\/01\/img20251203152312829-1-768x473.jpg?fit=%2C&ssl=1","jetpack_sharing_enabled":true,"jetpack-related-posts":[],"_links":{"self":[{"href":"https:\/\/friburgonoticias.com.br\/temp\/wp-json\/wp\/v2\/posts\/6914","targetHints":{"allow":["GET"]}}],"collection":[{"href":"https:\/\/friburgonoticias.com.br\/temp\/wp-json\/wp\/v2\/posts"}],"about":[{"href":"https:\/\/friburgonoticias.com.br\/temp\/wp-json\/wp\/v2\/types\/post"}],"author":[{"embeddable":true,"href":"https:\/\/friburgonoticias.com.br\/temp\/wp-json\/wp\/v2\/users\/3"}],"replies":[{"embeddable":true,"href":"https:\/\/friburgonoticias.com.br\/temp\/wp-json\/wp\/v2\/comments?post=6914"}],"version-history":[{"count":0,"href":"https:\/\/friburgonoticias.com.br\/temp\/wp-json\/wp\/v2\/posts\/6914\/revisions"}],"wp:featuredmedia":[{"embeddable":true,"href":"https:\/\/friburgonoticias.com.br\/temp\/wp-json\/wp\/v2\/media\/6915"}],"wp:attachment":[{"href":"https:\/\/friburgonoticias.com.br\/temp\/wp-json\/wp\/v2\/media?parent=6914"}],"wp:term":[{"taxonomy":"category","embeddable":true,"href":"https:\/\/friburgonoticias.com.br\/temp\/wp-json\/wp\/v2\/categories?post=6914"},{"taxonomy":"post_tag","embeddable":true,"href":"https:\/\/friburgonoticias.com.br\/temp\/wp-json\/wp\/v2\/tags?post=6914"}],"curies":[{"name":"wp","href":"https:\/\/api.w.org\/{rel}","templated":true}]}}