{"id":6930,"date":"2026-01-21T14:58:19","date_gmt":"2026-01-21T14:58:19","guid":{"rendered":"https:\/\/friburgonoticias.com.br\/temp\/2026\/01\/21\/projeto-modifica-regras-para-concessao-de-liberdade-provisoria-na-audiencia-de-custodia-noticias\/"},"modified":"2026-01-21T14:58:19","modified_gmt":"2026-01-21T14:58:19","slug":"projeto-modifica-regras-para-concessao-de-liberdade-provisoria-na-audiencia-de-custodia-noticias","status":"publish","type":"post","link":"https:\/\/friburgonoticias.com.br\/temp\/2026\/01\/21\/projeto-modifica-regras-para-concessao-de-liberdade-provisoria-na-audiencia-de-custodia-noticias\/","title":{"rendered":"Projeto modifica regras para concess\u00e3o de liberdade provis\u00f3ria na audi\u00eancia de cust\u00f3dia &#8211; Not\u00edcias"},"content":{"rendered":"<p><\/p>\n<div>\n<p class=\"g-artigo__data-hora\">\n                      21\/01\/2026 &#8211; 11:08 \u00a0\n                    <\/p>\n<div id=\"image-container-1239437\" class=\"image-container\" style=\"float: none; margin: 45px 0px; width: 100%;\" data-midia=\"1239437\">\n        <em>Bruno Spada\/C\u00e2mara dos Deputados<\/em><\/p>\n<p>        Capit\u00e3o Alberto Neto: o projeto objetiva reduzir a reincid\u00eancia criminal\n        <\/p><\/div>\n<p>        O Projeto de Lei 1045\/25, do deputado Capit\u00e3o Alberto Neto (PL-AM), estabelece veda\u00e7\u00f5es \u00e0 liberdade provis\u00f3ria na audi\u00eancia de cust\u00f3dia. O texto est\u00e1 em an\u00e1lise na C\u00e2mara dos Deputados.<br \/>\n        Na audi\u00eancia de cust\u00f3dia, a pessoa presa em flagrante \u00e9 apresentada a um juiz, para que ele decida se a pris\u00e3o \u00e9 legal e se a pessoa deve ser liberada ou permanecer presa. Ela deve ocorrer em um prazo de 24 horas ap\u00f3s a pris\u00e3o. Se n\u00e3o ocorrer, a pris\u00e3o pode ser considerada ilegal.<br \/>\n        Pela proposta de Capit\u00e3o Alberto Neto, o juiz dever\u00e1 negar a liberdade provis\u00f3ria, com ou sem medidas cautelares, quando verificar que o agente:<\/p>\n<ul>\n<li>\u00e9 reincidente em crime doloso;<\/li>\n<li>praticou crime com viol\u00eancia ou grave amea\u00e7a;<\/li>\n<li>integra organiza\u00e7\u00e3o criminosa armada ou mil\u00edcia; e<\/li>\n<li>praticou crime de tr\u00e1fico de drogas, associa\u00e7\u00e3o para o tr\u00e1fico de drogas, contra a administra\u00e7\u00e3o p\u00fablica ou lavagem de dinheiro.<\/li>\n<\/ul>\n<p>        \u201cO projeto objetiva reduzir a reincid\u00eancia criminal ao restringir a liberdade provis\u00f3ria para reincidentes, o que acaba desestimulando a pr\u00e1tica reiterada de delitos\u201d, justifica o autor.<br \/>\n        \u201cTamb\u00e9m fortalece a confian\u00e7a no sistema de justi\u00e7a ao estabelecer crit\u00e9rios claros para a veda\u00e7\u00e3o da liberdade provis\u00f3ria, aumentando a transpar\u00eancia e a credibilidade das decis\u00f5es judiciais\u201d, acrescentou.<br \/>\n        Citando dados do Sistema de Audi\u00eancias de Cust\u00f3dia (Sistac), Capit\u00e3o Alberto Neto afirma que cerca de 40% das audi\u00eancias resultam na concess\u00e3o de liberdade provis\u00f3ria ao preso.<br \/>\n        Em contrapartida, ele diz que aproximadamente 24,4% dos apenados s\u00e3o reincidentes. \u201cEssa taxa sugere que a concess\u00e3o de liberdade provis\u00f3ria sem crit\u00e9rios rigorosos pode contribuir para a perpetua\u00e7\u00e3o da criminalidade\u201d, ressalta.<br \/>\n        <strong>Regra atual<\/strong><br \/>Atualmente, o <a href=\"https:\/\/www2.camara.leg.br\/legin\/fed\/declei\/1940-1949\/decreto-lei-3689-3-outubro-1941-322206-norma-pe.html\">C\u00f3digo de Processo Penal<\/a> prev\u00ea a negativa da liberdade provis\u00f3ria nos casos em que o agente \u00e9 reincidente (sem especificar se em crime doloso) ou que integra organiza\u00e7\u00e3o criminosa armada ou mil\u00edcia. E ainda nos casos em que porta arma de fogo de uso restrito, item n\u00e3o previsto no projeto de lei.<br \/>\n        Por outro lado, o tr\u00e1fico de drogas, os crimes contra a administra\u00e7\u00e3o p\u00fablica e a lavagem de dinheiro n\u00e3o est\u00e3o presentes na lista atual.<br \/>\n        <strong>Pr\u00f3ximos passos<\/strong><br \/>O projeto ser\u00e1 analisado pela Comiss\u00e3o de Constitui\u00e7\u00e3o e Justi\u00e7a e de Cidadania, antes de ser votado pelo Plen\u00e1rio da C\u00e2mara.<br \/>\n        Para virar lei, a medida precisa ser aprovada por deputados e senadores.<\/p>\n<p style=\"font-size: 0.8rem; font-weight: 700;\">Reportagem &#8211; No\u00e9li Nobre<br \/>Edi\u00e7\u00e3o &#8211; Marcia Becker<\/p>\n<\/p><\/div>\n<p><\/a><\/p>\n<p>Fonte: www.camara.leg.br<\/p>\n","protected":false},"excerpt":{"rendered":"<p>21\/01\/2026 &#8211; 11:08 \u00a0 Bruno Spada\/C\u00e2mara dos Deputados Capit\u00e3o Alberto Neto: o projeto objetiva reduzir a reincid\u00eancia criminal O Projeto de Lei 1045\/25, do deputado Capit\u00e3o Alberto Neto (PL-AM), estabelece veda\u00e7\u00f5es \u00e0 liberdade provis\u00f3ria na audi\u00eancia de cust\u00f3dia. O texto est\u00e1 em an\u00e1lise na C\u00e2mara dos Deputados. Na audi\u00eancia de cust\u00f3dia, a pessoa presa em [&hellip;]<\/p>\n","protected":false},"author":3,"featured_media":6931,"comment_status":"open","ping_status":"open","sticky":false,"template":"","format":"standard","meta":{"advanced_seo_description":"","jetpack_seo_html_title":"","jetpack_seo_noindex":false,"fifu_image_url":"https:\/\/www.camara.leg.br\/midias\/image\/2026\/01\/img20250819210119489-768x473.jpg","fifu_image_alt":"","_jetpack_memberships_contains_paid_content":false,"footnotes":"","jetpack_publicize_message":"","jetpack_publicize_feature_enabled":true,"jetpack_social_post_already_shared":true,"jetpack_social_options":{"image_generator_settings":{"template":"highway","default_image_id":0,"font":"","enabled":false},"version":2}},"categories":[106,1],"tags":[],"class_list":{"0":"post-6930","1":"post","2":"type-post","3":"status-publish","4":"format-standard","5":"has-post-thumbnail","7":"category-politica","8":"category-uncategorized"},"jetpack_publicize_connections":[],"jetpack_featured_media_url":"https:\/\/i0.wp.com\/www.camara.leg.br\/midias\/image\/2026\/01\/img20250819210119489-768x473.jpg?fit=%2C&ssl=1","jetpack_sharing_enabled":true,"jetpack-related-posts":[],"_links":{"self":[{"href":"https:\/\/friburgonoticias.com.br\/temp\/wp-json\/wp\/v2\/posts\/6930","targetHints":{"allow":["GET"]}}],"collection":[{"href":"https:\/\/friburgonoticias.com.br\/temp\/wp-json\/wp\/v2\/posts"}],"about":[{"href":"https:\/\/friburgonoticias.com.br\/temp\/wp-json\/wp\/v2\/types\/post"}],"author":[{"embeddable":true,"href":"https:\/\/friburgonoticias.com.br\/temp\/wp-json\/wp\/v2\/users\/3"}],"replies":[{"embeddable":true,"href":"https:\/\/friburgonoticias.com.br\/temp\/wp-json\/wp\/v2\/comments?post=6930"}],"version-history":[{"count":0,"href":"https:\/\/friburgonoticias.com.br\/temp\/wp-json\/wp\/v2\/posts\/6930\/revisions"}],"wp:featuredmedia":[{"embeddable":true,"href":"https:\/\/friburgonoticias.com.br\/temp\/wp-json\/wp\/v2\/media\/6931"}],"wp:attachment":[{"href":"https:\/\/friburgonoticias.com.br\/temp\/wp-json\/wp\/v2\/media?parent=6930"}],"wp:term":[{"taxonomy":"category","embeddable":true,"href":"https:\/\/friburgonoticias.com.br\/temp\/wp-json\/wp\/v2\/categories?post=6930"},{"taxonomy":"post_tag","embeddable":true,"href":"https:\/\/friburgonoticias.com.br\/temp\/wp-json\/wp\/v2\/tags?post=6930"}],"curies":[{"name":"wp","href":"https:\/\/api.w.org\/{rel}","templated":true}]}}