{"id":6936,"date":"2026-01-21T18:32:14","date_gmt":"2026-01-21T18:32:14","guid":{"rendered":"https:\/\/friburgonoticias.com.br\/temp\/2026\/01\/21\/as-vesperas-do-periodo-eleitoral-partido-novo-do-rio-segue-perdendo-quadros-importantes-pela-ligacao-com-o-bolsonarismo\/"},"modified":"2026-01-21T18:32:14","modified_gmt":"2026-01-21T18:32:14","slug":"as-vesperas-do-periodo-eleitoral-partido-novo-do-rio-segue-perdendo-quadros-importantes-pela-ligacao-com-o-bolsonarismo","status":"publish","type":"post","link":"https:\/\/friburgonoticias.com.br\/temp\/2026\/01\/21\/as-vesperas-do-periodo-eleitoral-partido-novo-do-rio-segue-perdendo-quadros-importantes-pela-ligacao-com-o-bolsonarismo\/","title":{"rendered":"\u00c0s v\u00e9speras do per\u00edodo eleitoral, partido Novo do Rio segue perdendo quadros importantes pela liga\u00e7\u00e3o com o bolsonarismo"},"content":{"rendered":"<p><\/p>\n<div itemprop=\"articleBody\">\nA <a href=\"https:\/\/temporealrj.com\/debandada-de-cupula-partidaria-faz-novo-realizar-convencao-para-escolha-de-dirigentes\/\">debandada de dirigentes do diret\u00f3rio municipal do partido Novo,<\/a> na capital fluminense, n\u00e3o acabou. Em pleno ano eleitoral, a crise que se abateu sobre a legenda ap\u00f3s a sa\u00edda do principal quadro, o vereador Pedro Duarte (sem partido), est\u00e1 longe do fim. Agora foi a vez de Bruno Kazuhiro, que atuava como articulador pol\u00edtico, pedir o bon\u00e9 do quadro administrativo.<\/p>\n<p>Fontes ligadas a Kazuhiro dizem que a forte influ\u00eancia do bolsonarismo dentro do partido foram a causa da sa\u00edda, que deve ser formalizada at\u00e9 o fim do m\u00eas. Ap\u00f3s isso, acreditam que ele pe\u00e7a tamb\u00e9m a desfilia\u00e7\u00e3o. O que se diz nos bastidores \u00e9 que o bolsonarismo \u201ccobra submiss\u00e3o total\u201d e muitos n\u00e3o concordam. Tamb\u00e9m acusam o atual presidente, Rodrigo Rezende, de ser leniente com os bolsonaristas. Destacam que, apesar de n\u00e3o ser um radical, ele \u201cn\u00e3o enquadra\u201d os radicais.<\/p>\n<p>Em seu perfil no Instagram, Kazuhiro confirma a sa\u00edda da coordena\u00e7\u00e3o pol\u00edtica no dia 31 de janeiro, ap\u00f3s uma transi\u00e7\u00e3o \u201cprofissional e respons\u00e1vel\u201d. Ele ainda afirma que o Novo \u201cteve pela primeira vez uma equipe t\u00e9cnica profissional\u201d. E n\u00e3o deixou de, sem citar nomes, elencar os motivos da sa\u00edda.<\/p>\n<p>\u201cNeste momento, entendo que a maioria das lideran\u00e7as do partido deseja seguir rumos pol\u00edticos, ideol\u00f3gicos e institucionais que, embora compreens\u00edveis, divergem daqueles que me motivam e impossibilitam o estilo de trabalho que sempre busquei em minha trajet\u00f3ria pol\u00edtica. Nesse sentido, n\u00e3o desejo ser obst\u00e1culo e fa\u00e7o a escolha, bastante refletida, de buscar novos caminhos\u201d, escreveu.<\/p>\n<h2 class=\"wp-block-heading\">Sa\u00edda de cientista pol\u00edtico pode levar a uma nova debandada do Novo<\/h2>\n<p>Cientista pol\u00edtico e nome conhecido na administra\u00e7\u00e3o p\u00fablica fluminense, Kazuhiro assumiu, em novembro de 2019, a secretaria de Infraestrutura e Obras do governo do estado. Tamb\u00e9m foi secret\u00e1rio de Turismo da Prefeitura do Rio e coordenador da assessoria t\u00e9cnica do ex-prefeito e vereador, Cesar Maia (PSD), al\u00e9m de ter disputado elei\u00e7\u00f5es para deputado estadual em 2018 e 2022.<\/p>\n<p>A sa\u00edda do articulador deve gerar uma nova onda de desfilia\u00e7\u00f5es, tal como ocorreu com a sa\u00edda de Duarte. Nos bastidores, h\u00e1 o temor que a sa\u00edda de Kazuhiro provoque um \u201cefeito domin\u00f3\u201d na nominata de candidatos, colocando em risco os planos pol\u00edticos do Novo para 2026 e diminuindo as chances de a sigla conquistar uma cadeira nos legislativos federal e estadual.\n<\/p><\/div>\n<p><\/a><\/p>\n<p>Fonte: temporealrj.com<\/p>\n","protected":false},"excerpt":{"rendered":"<p>A debandada de dirigentes do diret\u00f3rio municipal do partido Novo, na capital fluminense, n\u00e3o acabou. Em pleno ano eleitoral, a crise que se abateu sobre a legenda ap\u00f3s a sa\u00edda do principal quadro, o vereador Pedro Duarte (sem partido), est\u00e1 longe do fim. Agora foi a vez de Bruno Kazuhiro, que atuava como articulador pol\u00edtico, [&hellip;]<\/p>\n","protected":false},"author":3,"featured_media":6937,"comment_status":"open","ping_status":"open","sticky":false,"template":"","format":"standard","meta":{"advanced_seo_description":"","jetpack_seo_html_title":"","jetpack_seo_noindex":false,"fifu_image_url":"https:\/\/temporealrj.com\/wp-content\/uploads\/2026\/01\/WhatsApp-Image-2026-01-21-at-15.16.24.jpeg","fifu_image_alt":"","_jetpack_memberships_contains_paid_content":false,"footnotes":"","jetpack_publicize_message":"","jetpack_publicize_feature_enabled":true,"jetpack_social_post_already_shared":true,"jetpack_social_options":{"image_generator_settings":{"template":"highway","default_image_id":0,"font":"","enabled":false},"version":2}},"categories":[107],"tags":[],"class_list":{"0":"post-6936","1":"post","2":"type-post","3":"status-publish","4":"format-standard","5":"has-post-thumbnail","7":"category-economia"},"jetpack_publicize_connections":[],"jetpack_featured_media_url":"https:\/\/i0.wp.com\/temporealrj.com\/wp-content\/uploads\/2026\/01\/WhatsApp-Image-2026-01-21-at-15.16.24.jpeg?fit=%2C&ssl=1","jetpack_sharing_enabled":true,"jetpack-related-posts":[],"_links":{"self":[{"href":"https:\/\/friburgonoticias.com.br\/temp\/wp-json\/wp\/v2\/posts\/6936","targetHints":{"allow":["GET"]}}],"collection":[{"href":"https:\/\/friburgonoticias.com.br\/temp\/wp-json\/wp\/v2\/posts"}],"about":[{"href":"https:\/\/friburgonoticias.com.br\/temp\/wp-json\/wp\/v2\/types\/post"}],"author":[{"embeddable":true,"href":"https:\/\/friburgonoticias.com.br\/temp\/wp-json\/wp\/v2\/users\/3"}],"replies":[{"embeddable":true,"href":"https:\/\/friburgonoticias.com.br\/temp\/wp-json\/wp\/v2\/comments?post=6936"}],"version-history":[{"count":0,"href":"https:\/\/friburgonoticias.com.br\/temp\/wp-json\/wp\/v2\/posts\/6936\/revisions"}],"wp:featuredmedia":[{"embeddable":true,"href":"https:\/\/friburgonoticias.com.br\/temp\/wp-json\/wp\/v2\/media\/6937"}],"wp:attachment":[{"href":"https:\/\/friburgonoticias.com.br\/temp\/wp-json\/wp\/v2\/media?parent=6936"}],"wp:term":[{"taxonomy":"category","embeddable":true,"href":"https:\/\/friburgonoticias.com.br\/temp\/wp-json\/wp\/v2\/categories?post=6936"},{"taxonomy":"post_tag","embeddable":true,"href":"https:\/\/friburgonoticias.com.br\/temp\/wp-json\/wp\/v2\/tags?post=6936"}],"curies":[{"name":"wp","href":"https:\/\/api.w.org\/{rel}","templated":true}]}}