{"id":6966,"date":"2026-01-23T16:04:15","date_gmt":"2026-01-23T16:04:15","guid":{"rendered":"https:\/\/friburgonoticias.com.br\/temp\/2026\/01\/23\/descarte-irregular-de-entulho-enfeia-a-entrada-de-nova-friburgo\/"},"modified":"2026-01-23T16:04:15","modified_gmt":"2026-01-23T16:04:15","slug":"descarte-irregular-de-entulho-enfeia-a-entrada-de-nova-friburgo","status":"publish","type":"post","link":"https:\/\/friburgonoticias.com.br\/temp\/2026\/01\/23\/descarte-irregular-de-entulho-enfeia-a-entrada-de-nova-friburgo\/","title":{"rendered":"Descarte irregular de entulho enfeia a entrada de Nova Friburgo"},"content":{"rendered":"<p><\/p>\n<div id=\"post-59697\">\n<div class=\"post-header post-tp-13-header\">\n<div class=\"single-featured\">\n<img loading=\"lazy\" decoding=\"async\" data-lazyloaded=\"1\" src=\"https:\/\/www.serranewsrj.com.br\/wp-content\/uploads\/2026\/01\/Lixao-RJ-116-Debossan--1070x580.png\" width=\"1070\" height=\"580\" alt=\"\"\/><\/div>\n<\/div>\n<div class=\"entry-content clearfix single-post-content\">\n<p style=\"text-align: justify;\">Um grande descarte irregular de entulho e lixo foi flagrado na tarde de quinta-feira (22\/01) \u00e0s margens da RJ-116, em Debossan, em uma das principais entradas de Nova Friburgo. O registro foi feito pelo rep\u00f3rter Thiago Rios.<\/p>\n<div class=\"pqxdclig pqxdclig-post-inline pqxdclig-float-center pqxdclig-align-center pqxdclig-column-1 pqxdclig-clearfix no-bg-box-model\">\n<div id=\"pqxdclig-37647-1132135318\" class=\"pqxdclig-container pqxdclig-type-image\" itemscope=\"\" itemtype=\"https:\/\/schema.org\/WPAdBlock\" data-adid=\"37647\" data-type=\"image\"><a itemprop=\"url\" class=\"pqxdclig-link\" href=\"https:\/\/linktr.ee\/clinsorria\" target=\"_blank\" rel=\"nofollow\"><img loading=\"lazy\" decoding=\"async\" data-lazyloaded=\"1\" width=\"1536\" height=\"512\" class=\"pqxdclig-image\" src=\"https:\/\/www.serranewsrj.com.br\/wp-content\/uploads\/2026\/01\/ChatGPTImage7dejan.de202612_14_24-ezgif.com-png-to-webp-converter.webp\" alt=\"Banner Cl\u00ednica Sorria (Home) \u2013 1200 x 400 pixels\"\/><\/a><\/div>\n<\/div>\n<p style=\"text-align: justify;\">Segundo moradores, o descarte irregular de lixo \u00e9 frequente nessa regi\u00e3o. Em um ponto pr\u00f3ximo, a Prefeitura chegou a instalar um ponto de \u00f4nibus como forma de tentar conter a pr\u00e1tica.<\/p>\n<p style=\"text-align: justify;\">Com isso, os descartes passaram a se concentrar em outros trechos da rodovia. Quem chega a Nova Friburgo pelo Rio de Janeiro se depara com essa cena lament\u00e1vel.<\/p>\n<p style=\"text-align: justify;\">Atualmente, o ac\u00famulo de entulho ocorre em frente \u00e0 \u00c1guas de Nova Friburgo, concession\u00e1ria respons\u00e1vel pelos servi\u00e7os de \u00e1gua e esgoto no munic\u00edpio, curiosamente, uma empresa de cunho ambiental.<\/p>\n<div class=\"pqxdclig pqxdclig-post-inline pqxdclig-float-center pqxdclig-align-center pqxdclig-column-1 pqxdclig-clearfix no-bg-box-model\">\n<div id=\"pqxdclig-56737-958865859\" class=\"pqxdclig-container pqxdclig-type-image\" itemscope=\"\" itemtype=\"https:\/\/schema.org\/WPAdBlock\" data-adid=\"56737\" data-type=\"image\"><a itemprop=\"url\" class=\"pqxdclig-link\" href=\"https:\/\/www.instagram.com\/euclidesemfoco?utm_source=ig_web_button_share_sheet&amp;igsh=ZDNlZDc0MzIxNw==\" target=\"_blank\" rel=\"nofollow\"><img loading=\"lazy\" decoding=\"async\" data-lazyloaded=\"1\" width=\"1200\" height=\"400\" class=\"pqxdclig-image\" src=\"https:\/\/www.serranewsrj.com.br\/wp-content\/uploads\/2026\/01\/2026BannerGIFsite-EuclidesemFoco-ezgif.com-gif-to-webp-converter.webp\" alt=\"Euclides em Foco \u2013 Outubro (1200\u00d7400 pxl) WebP\"\/><\/a><\/div>\n<\/div>\n<\/div>\n<\/div>\n<div id=\"\">\n<a href=\"https:\/\/www.serranewsrj.com.br\/author\/admin-2\" title=\"Artigos de autor\"><br \/>\n<span class=\"post-author-avatar\" itemprop=\"image\"><img loading=\"lazy\" decoding=\"async\" data-lazyloaded=\"1\" alt=\"\" src=\"https:\/\/www.serranewsrj.com.br\/wp-content\/uploads\/2025\/03\/REDONDA-4-180x180.png\" class=\"avatar avatar-80 photo avatar-default\" height=\"80\" width=\"80\"\/><\/span><br \/>\n<\/a><\/p>\n<div class=\"post-author-bio\" itemprop=\"description\">A sua fonte segura de informa\u00e7\u00e3o no interior do Rio de Janeiro.<\/p>\n<\/div>\n<\/div>\n<p><script async src=\"\/\/www.instagram.com\/embed.js\"><\/script><br \/>\n<br \/><\/a><\/p>\n<p>Fonte: www.serranewsrj.com.br<\/p>\n","protected":false},"excerpt":{"rendered":"<p>Um grande descarte irregular de entulho e lixo foi flagrado na tarde de quinta-feira (22\/01) \u00e0s margens da RJ-116, em Debossan, em uma das principais entradas de Nova Friburgo. O registro foi feito pelo rep\u00f3rter Thiago Rios. Segundo moradores, o descarte irregular de lixo \u00e9 frequente nessa regi\u00e3o. Em um ponto pr\u00f3ximo, a Prefeitura chegou [&hellip;]<\/p>\n","protected":false},"author":3,"featured_media":6967,"comment_status":"open","ping_status":"open","sticky":false,"template":"","format":"standard","meta":{"advanced_seo_description":"","jetpack_seo_html_title":"","jetpack_seo_noindex":false,"fifu_image_url":"https:\/\/www.serranewsrj.com.br\/wp-content\/uploads\/2026\/01\/Lixao-RJ-116-Debossan-.png","fifu_image_alt":"","_jetpack_memberships_contains_paid_content":false,"footnotes":"","jetpack_publicize_message":"","jetpack_publicize_feature_enabled":true,"jetpack_social_post_already_shared":true,"jetpack_social_options":{"image_generator_settings":{"template":"highway","default_image_id":0,"font":"","enabled":false},"version":2}},"categories":[104,1],"tags":[],"class_list":{"0":"post-6966","1":"post","2":"type-post","3":"status-publish","4":"format-standard","5":"has-post-thumbnail","7":"category-cidade","8":"category-uncategorized"},"jetpack_publicize_connections":[],"jetpack_featured_media_url":"https:\/\/i0.wp.com\/www.serranewsrj.com.br\/wp-content\/uploads\/2026\/01\/Lixao-RJ-116-Debossan-.png?fit=%2C&ssl=1","jetpack_sharing_enabled":true,"jetpack-related-posts":[],"_links":{"self":[{"href":"https:\/\/friburgonoticias.com.br\/temp\/wp-json\/wp\/v2\/posts\/6966","targetHints":{"allow":["GET"]}}],"collection":[{"href":"https:\/\/friburgonoticias.com.br\/temp\/wp-json\/wp\/v2\/posts"}],"about":[{"href":"https:\/\/friburgonoticias.com.br\/temp\/wp-json\/wp\/v2\/types\/post"}],"author":[{"embeddable":true,"href":"https:\/\/friburgonoticias.com.br\/temp\/wp-json\/wp\/v2\/users\/3"}],"replies":[{"embeddable":true,"href":"https:\/\/friburgonoticias.com.br\/temp\/wp-json\/wp\/v2\/comments?post=6966"}],"version-history":[{"count":0,"href":"https:\/\/friburgonoticias.com.br\/temp\/wp-json\/wp\/v2\/posts\/6966\/revisions"}],"wp:featuredmedia":[{"embeddable":true,"href":"https:\/\/friburgonoticias.com.br\/temp\/wp-json\/wp\/v2\/media\/6967"}],"wp:attachment":[{"href":"https:\/\/friburgonoticias.com.br\/temp\/wp-json\/wp\/v2\/media?parent=6966"}],"wp:term":[{"taxonomy":"category","embeddable":true,"href":"https:\/\/friburgonoticias.com.br\/temp\/wp-json\/wp\/v2\/categories?post=6966"},{"taxonomy":"post_tag","embeddable":true,"href":"https:\/\/friburgonoticias.com.br\/temp\/wp-json\/wp\/v2\/tags?post=6966"}],"curies":[{"name":"wp","href":"https:\/\/api.w.org\/{rel}","templated":true}]}}