{"id":6984,"date":"2026-01-24T22:12:24","date_gmt":"2026-01-24T22:12:24","guid":{"rendered":"https:\/\/friburgonoticias.com.br\/temp\/2026\/01\/24\/licitacao-de-r-57-milhoes-da-prefeitura-de-marica-entra-na-mira-do-tce-rj\/"},"modified":"2026-01-24T22:12:24","modified_gmt":"2026-01-24T22:12:24","slug":"licitacao-de-r-57-milhoes-da-prefeitura-de-marica-entra-na-mira-do-tce-rj","status":"publish","type":"post","link":"https:\/\/friburgonoticias.com.br\/temp\/2026\/01\/24\/licitacao-de-r-57-milhoes-da-prefeitura-de-marica-entra-na-mira-do-tce-rj\/","title":{"rendered":"Licita\u00e7\u00e3o de R$ 57 milh\u00f5es da Prefeitura de Maric\u00e1 entra na mira do TCE-RJ"},"content":{"rendered":"<p><\/p>\n<div itemprop=\"articleBody\">\nUma licita\u00e7\u00e3o de R$ 57,1 milh\u00f5es da Prefeitura de Maric\u00e1, marcada para as 8h do dia 31 de dezembro de 2025, destinada \u00e0 remo\u00e7\u00e3o de macr\u00f3fitas aqu\u00e1ticas do sistema lagunar do munic\u00edpio, passou a ser analisada pelo Tribunal de Contas do Estado do Rio de Janeiro (TCE-RJ) ap\u00f3s questionamento feito por uma das empresas interessadas no certame. O processo aponta poss\u00edveis irregularidades no <a href=\"https:\/\/temporealrj.com\/licitacao-da-virada-prefeitura-de-marica-marca-pregao-de-r-571-milhoes-para-o-ultimo-dia-do-ano\/\">Preg\u00e3o Eletr\u00f4nico SRP n\u00ba 90.049\/2025, conduzido pela Secretaria Municipal de Meio Ambiente e Sustentabilidade. <\/a><\/p>\n<p>A representa\u00e7\u00e3o foi protocolada pela Dragmaq Engenharia Ltda., que aponta falhas no edital capazes de comprometer a competitividade da disputa, a isonomia entre os participantes e gerar risco de preju\u00edzo aos cofres p\u00fablicos. O contrato prev\u00ea a presta\u00e7\u00e3o de servi\u00e7os cont\u00ednuos de alta complexidade t\u00e9cnica, incluindo m\u00e3o de obra, equipamentos, embarca\u00e7\u00f5es, gerenciamento ambiental e destina\u00e7\u00e3o adequada da biomassa vegetal retirada de rios, canais e lagoas do munic\u00edpio.<\/p>\n<p>Em decis\u00e3o monocr\u00e1tica, o conselheiro substituto Christiano Lacerda Ghuerren determinou que a <a href=\"https:\/\/www.marica.rj.gov.br\/\" target=\"_blank\" rel=\"noopener\">Prefeitura de Maric\u00e1<\/a> se manifeste antes de apreciar o pedido de tutela provis\u00f3ria que solicita a suspens\u00e3o da concorr\u00eancia. O prefeito ter\u00e1 dois dias \u00fateis para se prununcie sobre as alega\u00e7\u00f5es apresentadas.<\/p>\n<h2 class=\"wp-block-heading\">Representa\u00e7\u00e3o lista supostas irregularidades no edital do preg\u00e3o eletr\u00f4nico<\/h2>\n<p>Entre os principais pontos questionados pela empresa est\u00e3o inconsist\u00eancias entre o or\u00e7amento estimativo e o valor global da licita\u00e7\u00e3o, exig\u00eancias de habilita\u00e7\u00e3o consideradas ilegais ou excessivamente restritivas, problemas na qualifica\u00e7\u00e3o t\u00e9cnico-profissional exigida das concorrentes e a ado\u00e7\u00e3o do preg\u00e3o eletr\u00f4nico com sistema de registro de pre\u00e7os para servi\u00e7os cont\u00ednuos de elevada densidade t\u00e9cnico-operacional \u2014 modelo que, segundo a representa\u00e7\u00e3o, exigiria motiva\u00e7\u00e3o mais detalhada da administra\u00e7\u00e3o.<\/p>\n<p>O relator destacou que, diante da complexidade t\u00e9cnica do objeto, o processo dever\u00e1 passar por uma an\u00e1lise aprofundada do corpo t\u00e9cnico do tribunal. Ap\u00f3s o prazo para manifesta\u00e7\u00e3o do munic\u00edpio, os autos ser\u00e3o encaminhados \u00e0 Secretaria-Geral de Controle Externo do <a href=\"https:\/\/www.tcerj.tc.br\/portalnovo\/\" target=\"_blank\" rel=\"noopener\">TCE-RJ <\/a>e, na sequ\u00eancia, ao Minist\u00e9rio P\u00fablico de Contas, que emitir\u00e1 parecer.<\/p>\n<p>Por ora, a licita\u00e7\u00e3o n\u00e3o foi suspensa. A decis\u00e3o se limita a determinar comunica\u00e7\u00f5es, encaminhamentos e a instru\u00e7\u00e3o t\u00e9cnica do processo. Na pr\u00e1tica, o certame segue em andamento \u2014 mas agora sob o olhar atento do tribunal.<\/p>\n<p>Traduzindo o juridiqu\u00eas: o jogo continua, mas o \u00e1rbitro j\u00e1 entrou em campo.\n<\/p><\/div>\n<p><\/a><\/p>\n<p>Fonte: temporealrj.com<\/p>\n","protected":false},"excerpt":{"rendered":"<p>Uma licita\u00e7\u00e3o de R$ 57,1 milh\u00f5es da Prefeitura de Maric\u00e1, marcada para as 8h do dia 31 de dezembro de 2025, destinada \u00e0 remo\u00e7\u00e3o de macr\u00f3fitas aqu\u00e1ticas do sistema lagunar do munic\u00edpio, passou a ser analisada pelo Tribunal de Contas do Estado do Rio de Janeiro (TCE-RJ) ap\u00f3s questionamento feito por uma das empresas interessadas [&hellip;]<\/p>\n","protected":false},"author":3,"featured_media":6985,"comment_status":"open","ping_status":"open","sticky":false,"template":"","format":"standard","meta":{"advanced_seo_description":"","jetpack_seo_html_title":"","jetpack_seo_noindex":false,"fifu_image_url":"https:\/\/temporealrj.com\/wp-content\/uploads\/2025\/12\/49778154971_41db9d5b1d_k-1-e1764967286798.jpg","fifu_image_alt":"","_jetpack_memberships_contains_paid_content":false,"footnotes":"","jetpack_publicize_message":"","jetpack_publicize_feature_enabled":true,"jetpack_social_post_already_shared":true,"jetpack_social_options":{"image_generator_settings":{"template":"highway","default_image_id":0,"font":"","enabled":false},"version":2}},"categories":[107],"tags":[],"class_list":{"0":"post-6984","1":"post","2":"type-post","3":"status-publish","4":"format-standard","5":"has-post-thumbnail","7":"category-economia"},"jetpack_publicize_connections":[],"jetpack_featured_media_url":"https:\/\/i0.wp.com\/temporealrj.com\/wp-content\/uploads\/2025\/12\/49778154971_41db9d5b1d_k-1-e1764967286798.jpg?fit=%2C&ssl=1","jetpack_sharing_enabled":true,"jetpack-related-posts":[],"_links":{"self":[{"href":"https:\/\/friburgonoticias.com.br\/temp\/wp-json\/wp\/v2\/posts\/6984","targetHints":{"allow":["GET"]}}],"collection":[{"href":"https:\/\/friburgonoticias.com.br\/temp\/wp-json\/wp\/v2\/posts"}],"about":[{"href":"https:\/\/friburgonoticias.com.br\/temp\/wp-json\/wp\/v2\/types\/post"}],"author":[{"embeddable":true,"href":"https:\/\/friburgonoticias.com.br\/temp\/wp-json\/wp\/v2\/users\/3"}],"replies":[{"embeddable":true,"href":"https:\/\/friburgonoticias.com.br\/temp\/wp-json\/wp\/v2\/comments?post=6984"}],"version-history":[{"count":0,"href":"https:\/\/friburgonoticias.com.br\/temp\/wp-json\/wp\/v2\/posts\/6984\/revisions"}],"wp:featuredmedia":[{"embeddable":true,"href":"https:\/\/friburgonoticias.com.br\/temp\/wp-json\/wp\/v2\/media\/6985"}],"wp:attachment":[{"href":"https:\/\/friburgonoticias.com.br\/temp\/wp-json\/wp\/v2\/media?parent=6984"}],"wp:term":[{"taxonomy":"category","embeddable":true,"href":"https:\/\/friburgonoticias.com.br\/temp\/wp-json\/wp\/v2\/categories?post=6984"},{"taxonomy":"post_tag","embeddable":true,"href":"https:\/\/friburgonoticias.com.br\/temp\/wp-json\/wp\/v2\/tags?post=6984"}],"curies":[{"name":"wp","href":"https:\/\/api.w.org\/{rel}","templated":true}]}}