{"id":6986,"date":"2026-01-25T19:27:25","date_gmt":"2026-01-25T19:27:25","guid":{"rendered":"https:\/\/friburgonoticias.com.br\/temp\/2026\/01\/25\/atraso-em-repasses-deixa-servidores-da-educacao-em-petropolis-com-cobrancas-indevidas-e-problemas-em-atendimentos-de-saude\/"},"modified":"2026-01-25T19:27:25","modified_gmt":"2026-01-25T19:27:25","slug":"atraso-em-repasses-deixa-servidores-da-educacao-em-petropolis-com-cobrancas-indevidas-e-problemas-em-atendimentos-de-saude","status":"publish","type":"post","link":"https:\/\/friburgonoticias.com.br\/temp\/2026\/01\/25\/atraso-em-repasses-deixa-servidores-da-educacao-em-petropolis-com-cobrancas-indevidas-e-problemas-em-atendimentos-de-saude\/","title":{"rendered":"Atraso em repasses deixa servidores da Educa\u00e7\u00e3o em Petr\u00f3polis com cobran\u00e7as indevidas e problemas em atendimentos de sa\u00fade"},"content":{"rendered":"<p><\/p>\n<div itemprop=\"articleBody\">\nO problema dos atrasos no repasse de <a href=\"https:\/\/temporealrj.com\/petropolis-vai-quitar-nesta-semana-consignados-em-atraso\/\">valores de empr\u00e9stimos em Petr\u00f3polis voltou<\/a> a dar dor de cabe\u00e7a aos servidores municipais. Desta vez, s\u00e3o os professores e funcion\u00e1rios de escolas da rede municipal de Educa\u00e7\u00e3o que relatam os problemas. Eles afirmam que os valores referentes a consignados e a conv\u00eanios com planos de sa\u00fade s\u00e3o descontados na folha de pagamento, mas os servi\u00e7os n\u00e3o funcionam na pr\u00e1tica.<\/p>\n<p>No caso da educadora Aline Couto, de 48 anos, o problema deixou seu filho sem atendimentos de sa\u00fade. A crian\u00e7a \u00e9 autista e faz terapias atrav\u00e9s de um plano de sa\u00fade conveniado. A mensalidade do plano \u00e9 descontada diretamente no contracheque da servidora<\/p>\n<p>\u201cGeralmente acontece no in\u00edcio do m\u00eas. Meu filho n\u00e3o chegou a ficar o m\u00eas inteiro sem a terapia, mas j\u00e1 ficou sem atendimentos. Teve vezes em que a fonoaudi\u00f3loga precisou esperar at\u00e9 receber o valor do plano para ent\u00e3o liberar a terapia. E a\u00ed, quando a gente vai procurar ou reclamar, descobre que \u00e9 por conta da falta de repasse. Isso \u00e9 um crime; deixar uma crian\u00e7a autista sem terapia\u201d, relatou a professora.<\/p>\n<p>No caso do auxiliar Gabriel Abr\u00e3o, de 39 anos, o problema no repasse quase o deixou sem fazer um exame importante. Ele deixou para marcar procedimentos de sa\u00fade no per\u00edodo de f\u00e9rias escolares, em janeiro, mas descobriu que os repasses do conv\u00eanio de sa\u00fade n\u00e3o constavam como regulares para o plano.<\/p>\n<p>\u201cEu tenho que fazer uma cirurgia na boca e preciso, antes, fazer uma tomografia. Quando eu fui ligar para marcar, me disseram que n\u00e3o poderia ser atendido pelo plano, porque o plano estava suspenso. Eu falei: \u2018como suspenso se eu estou sendo descontado?\u2019\u201d, conta Gabriel.<\/p>\n<p>Outros relatos incluem notifica\u00e7\u00f5es e cobran\u00e7as de parcelas de consignados que j\u00e1 foram descontadas nos contracheques.<\/p>\n<h2 class=\"wp-block-heading\">Sindicato da Educa\u00e7\u00e3o de Petr\u00f3polis entrou com peti\u00e7\u00e3o judicial para questionar situa\u00e7\u00e3o do repasse<\/h2>\n<p>Procurada, a Prefeitura de Petr\u00f3polis n\u00e3o comentou as den\u00fancias. O diret\u00f3rio municipal do Sindicato Estadual dos Profissionais de Educa\u00e7\u00e3o (Sepe-RJ) disse que acionou a Justi\u00e7a sobre o problema. Segundo o sindicato, a prefeitura afirmou estar cumprindo com os repasses, mas n\u00e3o apresentou comprova\u00e7\u00e3o do acerto de valores.<\/p>\n<p>O Sepe de Petr\u00f3polis abriu uma nova peti\u00e7\u00e3o na Justi\u00e7a para pedir que os bancos informem a situa\u00e7\u00e3o dos repasses e aguarda o desenrolar judicial do caso.\u00a0\n<\/p><\/div>\n<p><\/a><\/p>\n<p>Fonte: temporealrj.com<\/p>\n","protected":false},"excerpt":{"rendered":"<p>O problema dos atrasos no repasse de valores de empr\u00e9stimos em Petr\u00f3polis voltou a dar dor de cabe\u00e7a aos servidores municipais. Desta vez, s\u00e3o os professores e funcion\u00e1rios de escolas da rede municipal de Educa\u00e7\u00e3o que relatam os problemas. Eles afirmam que os valores referentes a consignados e a conv\u00eanios com planos de sa\u00fade s\u00e3o [&hellip;]<\/p>\n","protected":false},"author":3,"featured_media":6987,"comment_status":"open","ping_status":"open","sticky":false,"template":"","format":"standard","meta":{"advanced_seo_description":"","jetpack_seo_html_title":"","jetpack_seo_noindex":false,"fifu_image_url":"https:\/\/temporealrj.com\/wp-content\/uploads\/2024\/07\/image-3-e1719864430549.png","fifu_image_alt":"","_jetpack_memberships_contains_paid_content":false,"footnotes":"","jetpack_publicize_message":"","jetpack_publicize_feature_enabled":true,"jetpack_social_post_already_shared":true,"jetpack_social_options":{"image_generator_settings":{"template":"highway","default_image_id":0,"font":"","enabled":false},"version":2}},"categories":[107],"tags":[],"class_list":{"0":"post-6986","1":"post","2":"type-post","3":"status-publish","4":"format-standard","5":"has-post-thumbnail","7":"category-economia"},"jetpack_publicize_connections":[],"jetpack_featured_media_url":"https:\/\/i0.wp.com\/temporealrj.com\/wp-content\/uploads\/2024\/07\/image-3-e1719864430549.png?fit=%2C&ssl=1","jetpack_sharing_enabled":true,"jetpack-related-posts":[],"_links":{"self":[{"href":"https:\/\/friburgonoticias.com.br\/temp\/wp-json\/wp\/v2\/posts\/6986","targetHints":{"allow":["GET"]}}],"collection":[{"href":"https:\/\/friburgonoticias.com.br\/temp\/wp-json\/wp\/v2\/posts"}],"about":[{"href":"https:\/\/friburgonoticias.com.br\/temp\/wp-json\/wp\/v2\/types\/post"}],"author":[{"embeddable":true,"href":"https:\/\/friburgonoticias.com.br\/temp\/wp-json\/wp\/v2\/users\/3"}],"replies":[{"embeddable":true,"href":"https:\/\/friburgonoticias.com.br\/temp\/wp-json\/wp\/v2\/comments?post=6986"}],"version-history":[{"count":0,"href":"https:\/\/friburgonoticias.com.br\/temp\/wp-json\/wp\/v2\/posts\/6986\/revisions"}],"wp:featuredmedia":[{"embeddable":true,"href":"https:\/\/friburgonoticias.com.br\/temp\/wp-json\/wp\/v2\/media\/6987"}],"wp:attachment":[{"href":"https:\/\/friburgonoticias.com.br\/temp\/wp-json\/wp\/v2\/media?parent=6986"}],"wp:term":[{"taxonomy":"category","embeddable":true,"href":"https:\/\/friburgonoticias.com.br\/temp\/wp-json\/wp\/v2\/categories?post=6986"},{"taxonomy":"post_tag","embeddable":true,"href":"https:\/\/friburgonoticias.com.br\/temp\/wp-json\/wp\/v2\/tags?post=6986"}],"curies":[{"name":"wp","href":"https:\/\/api.w.org\/{rel}","templated":true}]}}