{"id":7036,"date":"2026-01-29T12:47:52","date_gmt":"2026-01-29T12:47:52","guid":{"rendered":"https:\/\/friburgonoticias.com.br\/temp\/2026\/01\/29\/fungo-zumbi-descoberto-em-nova-friburgo-chama-atencao-da-ciencia-mundial\/"},"modified":"2026-01-29T12:47:52","modified_gmt":"2026-01-29T12:47:52","slug":"fungo-zumbi-descoberto-em-nova-friburgo-chama-atencao-da-ciencia-mundial","status":"publish","type":"post","link":"https:\/\/friburgonoticias.com.br\/temp\/2026\/01\/29\/fungo-zumbi-descoberto-em-nova-friburgo-chama-atencao-da-ciencia-mundial\/","title":{"rendered":"Fungo zumbi descoberto em Nova Friburgo chama aten\u00e7\u00e3o da ci\u00eancia mundial"},"content":{"rendered":"<p><\/p>\n<div>\n<p style=\"text-align: justify;\">Uma descoberta cient\u00edfica feita em Nova Friburgo, na Regi\u00e3o Serrana do Rio de Janeiro, ganhou destaque internacional ao revelar uma nova esp\u00e9cie de fungo parasita encontrada na Mata Atl\u00e2ntica. O microrganismo foi identificado pelo pesquisador brasileiro Jo\u00e3o de Ara\u00fajo, professor da Universidade de Copenhague, na Dinamarca, e recebeu o nome cient\u00edfico de <em>Purpureocillium atlanticum<\/em>.<\/p>\n<div class=\"uajfqx uajfqx-post-inline uajfqx-float-center uajfqx-align-center uajfqx-column-1 uajfqx-clearfix no-bg-box-model\">\n<div id=\"uajfqx-37647-1647627673\" class=\"uajfqx-container uajfqx-type-image\" itemscope=\"\" itemtype=\"https:\/\/schema.org\/WPAdBlock\" data-adid=\"37647\" data-type=\"image\"><a itemprop=\"url\" class=\"uajfqx-link\" href=\"https:\/\/linktr.ee\/clinsorria\" target=\"_blank\" rel=\"nofollow\"><img loading=\"lazy\" decoding=\"async\" data-lazyloaded=\"1\" width=\"1536\" height=\"512\" class=\"uajfqx-image\" src=\"https:\/\/www.serranewsrj.com.br\/wp-content\/uploads\/2026\/01\/ChatGPTImage7dejan.de202612_14_24-ezgif.com-png-to-webp-converter.webp\" alt=\"Banner Cl\u00ednica Sorria (Home) \u2013 1200 x 400 pixels\"\/><\/a><\/div>\n<\/div>\n<p style=\"text-align: justify;\">O fungo chamou a aten\u00e7\u00e3o da comunidade cient\u00edfica por seu comportamento incomum. Ele parasita aranhas conhecidas como aranhas-armadilha, desenvolvendo-se dentro do corpo do animal at\u00e9 consumi-lo completamente. Por essa caracter\u00edstica, passou a ser popularmente chamado de \u201cfungo zumbi\u201d, em refer\u00eancia \u00e0 forma como controla e utiliza o hospedeiro para completar seu ciclo de vida.<\/p>\n<p style=\"text-align: justify;\">A relev\u00e2ncia da descoberta foi reconhecida pelo Royal Botanic Gardens, Kew, o Jardim Bot\u00e2nico de Londres, que incluiu o <em>Purpureocillium atlanticum<\/em> na lista das 10 descobertas cient\u00edficas mais importantes de 2025 na \u00e1rea da biodiversidade. A institui\u00e7\u00e3o \u00e9 uma das mais respeitadas do mundo em estudos bot\u00e2nicos e micol\u00f3gicos.<\/p>\n<p style=\"text-align: justify;\">A nova esp\u00e9cie foi descrita oficialmente em um estudo publicado em dezembro de 2025, na revista cient\u00edfica IMA Fungus, especializada em taxonomia e biologia de fungos. A pesquisa contou com a colabora\u00e7\u00e3o de cientistas do Brasil e da Europa, refor\u00e7ando o car\u00e1ter internacional do trabalho desenvolvido a partir de amostras coletadas em Nova Friburgo.<\/p>\n<div class=\"uajfqx uajfqx-post-inline uajfqx-float-center uajfqx-align-center uajfqx-column-1 uajfqx-clearfix no-bg-box-model\">\n<div id=\"uajfqx-56737-442681845\" class=\"uajfqx-container uajfqx-type-image\" itemscope=\"\" itemtype=\"https:\/\/schema.org\/WPAdBlock\" data-adid=\"56737\" data-type=\"image\"><a itemprop=\"url\" class=\"uajfqx-link\" href=\"https:\/\/www.instagram.com\/euclidesemfoco?utm_source=ig_web_button_share_sheet&amp;igsh=ZDNlZDc0MzIxNw==\" target=\"_blank\" rel=\"nofollow\"><img loading=\"lazy\" decoding=\"async\" data-lazyloaded=\"1\" width=\"1200\" height=\"400\" class=\"uajfqx-image\" src=\"https:\/\/www.serranewsrj.com.br\/wp-content\/uploads\/2026\/01\/2026BannerGIFsite-EuclidesemFoco-ezgif.com-gif-to-webp-converter.webp\" alt=\"Euclides em Foco \u2013 Outubro (1200\u00d7400 pxl) WebP\"\/><\/a><\/div>\n<\/div>\n<p style=\"text-align: justify;\">Pertencente \u00e0 fam\u00edlia Ophiocordycipitaceae, o fungo integra um grupo conhecido por parasitar insetos e aracn\u00eddeos, incluindo esp\u00e9cies famosas por alterar o comportamento de seus hospedeiros. No caso do <em>Purpureocillium atlanticum<\/em>, a aranha infectada vive em tocas subterr\u00e2neas, onde o fungo se desenvolve at\u00e9 formar uma estrutura que alcan\u00e7a o exterior, facilitando a libera\u00e7\u00e3o de esporos no ambiente.<\/p>\n<p style=\"text-align: justify;\">Os pesquisadores destacam que, apesar do impacto sobre as aranhas, o fungo \u00e9 altamente especializado e n\u00e3o representa qualquer risco para seres humanos.<\/p>\n<div class=\"uajfqx uajfqx-post-inline uajfqx-float-center uajfqx-align-center uajfqx-column-1 uajfqx-clearfix no-bg-box-model\">\n<div id=\"uajfqx-52933-248462021\" class=\"uajfqx-container uajfqx-type-image\" itemscope=\"\" itemtype=\"https:\/\/schema.org\/WPAdBlock\" data-adid=\"52933\" data-type=\"image\"><a itemprop=\"url\" class=\"uajfqx-link\" href=\"https:\/\/jmfsaude.com.br\/\" target=\"_blank\" rel=\"nofollow\"><img loading=\"lazy\" decoding=\"async\" data-lazyloaded=\"1\" width=\"1200\" height=\"400\" class=\"uajfqx-image\" src=\"https:\/\/www.serranewsrj.com.br\/wp-content\/uploads\/2025\/03\/bannersiteJMF-ezgif.com-png-to-webp-converter.webp\" alt=\"JMF Solu\u00e7\u00f5es em Sa\u00fade \u2013 1200\u00d7400 pxl WebP\"\/><\/a><\/div>\n<\/div>\n<p style=\"text-align: justify;\">A descoberta refor\u00e7a a import\u00e2ncia da Mata Atl\u00e2ntica, um dos biomas mais ricos e amea\u00e7ados do planeta, e evidencia o papel de Nova Friburgo como \u00e1rea estrat\u00e9gica para pesquisas cient\u00edficas. Segundo o pr\u00f3prio Kew Gardens, menos de 10% das esp\u00e9cies de fungos do mundo s\u00e3o conhecidas, o que indica que muitos organismos ainda podem ser descobertos \u2014 ou desaparecer \u2014 antes mesmo de serem estudados.<\/p>\n<p style=\"text-align: justify;\">Para os cientistas, cada nova esp\u00e9cie descrita \u00e9 tamb\u00e9m um alerta sobre a necessidade de preserva\u00e7\u00e3o ambiental, j\u00e1 que a perda de habitats naturais pode comprometer descobertas fundamentais para o entendimento dos ecossistemas e da biodiversidade global.<\/p>\n<p style=\"text-align: justify;\">Recentemente, o Serra News tamb\u00e9m destacou outras descobertas de novas esp\u00e9cies registradas em Nova Friburgo, refor\u00e7ando o papel da cidade como um importante polo de pesquisas cient\u00edficas e de preserva\u00e7\u00e3o da biodiversidade.<\/p>\n<p style=\"text-align: right;\">Fonte: <strong>BBC News<\/strong><\/p>\n<blockquote class=\"wp-embedded-content\" data-secret=\"XqqE4n2bAi\"><p><a href=\"https:\/\/www.serranewsrj.com.br\/2025\/11\/nova-friburgo-revela-especies-raras-e-novas-descobertas-da-mata-atlantica.html\">Nova Friburgo revela esp\u00e9cies raras e novas descobertas da Mata Atl\u00e2ntica<\/a><\/p>\n<\/blockquote>\n<p><iframe loading=\"lazy\" data-lazyloaded=\"1\" src=\"https:\/\/www.serranewsrj.com.br\/2026\/01\/about:blank\" class=\"wp-embedded-content\" sandbox=\"allow-scripts\" security=\"restricted\" style=\"position: absolute; visibility: hidden;\" title=\"\u201cNova Friburgo revela esp\u00e9cies raras e novas descobertas da Mata Atl\u00e2ntica\u201d \u2014 Serra News | O portal de not\u00edcias da Regi\u00e3o Serrana do Rio de Janeiro\" data-litespeed-src=\"https:\/\/www.serranewsrj.com.br\/2025\/11\/nova-friburgo-revela-especies-raras-e-novas-descobertas-da-mata-atlantica.html\/embed#?secret=1tNg2QE0mO#?secret=XqqE4n2bAi\" data-secret=\"XqqE4n2bAi\" width=\"600\" height=\"338\" frameborder=\"0\" marginwidth=\"0\" marginheight=\"0\" scrolling=\"no\"><\/iframe><\/p>\n<\/div>\n<p><script async src=\"\/\/www.instagram.com\/embed.js\"><\/script><br \/>\n<br \/><\/a><\/p>\n<p>Fonte: www.serranewsrj.com.br<\/p>\n","protected":false},"excerpt":{"rendered":"<p>Uma descoberta cient\u00edfica feita em Nova Friburgo, na Regi\u00e3o Serrana do Rio de Janeiro, ganhou destaque internacional ao revelar uma nova esp\u00e9cie de fungo parasita encontrada na Mata Atl\u00e2ntica. O microrganismo foi identificado pelo pesquisador brasileiro Jo\u00e3o de Ara\u00fajo, professor da Universidade de Copenhague, na Dinamarca, e recebeu o nome cient\u00edfico de Purpureocillium atlanticum. O [&hellip;]<\/p>\n","protected":false},"author":3,"featured_media":7037,"comment_status":"open","ping_status":"open","sticky":false,"template":"","format":"standard","meta":{"advanced_seo_description":"","jetpack_seo_html_title":"","jetpack_seo_noindex":false,"fifu_image_url":"https:\/\/www.serranewsrj.com.br\/wp-content\/uploads\/2026\/01\/0000-fungo-zumbi.jpeg","fifu_image_alt":"","_jetpack_memberships_contains_paid_content":false,"footnotes":"","jetpack_publicize_message":"","jetpack_publicize_feature_enabled":true,"jetpack_social_post_already_shared":true,"jetpack_social_options":{"image_generator_settings":{"template":"highway","default_image_id":0,"font":"","enabled":false},"version":2}},"categories":[104,1],"tags":[],"class_list":{"0":"post-7036","1":"post","2":"type-post","3":"status-publish","4":"format-standard","5":"has-post-thumbnail","7":"category-cidade","8":"category-uncategorized"},"jetpack_publicize_connections":[],"jetpack_featured_media_url":"https:\/\/i0.wp.com\/www.serranewsrj.com.br\/wp-content\/uploads\/2026\/01\/0000-fungo-zumbi.jpeg?fit=%2C&ssl=1","jetpack_sharing_enabled":true,"jetpack-related-posts":[],"_links":{"self":[{"href":"https:\/\/friburgonoticias.com.br\/temp\/wp-json\/wp\/v2\/posts\/7036","targetHints":{"allow":["GET"]}}],"collection":[{"href":"https:\/\/friburgonoticias.com.br\/temp\/wp-json\/wp\/v2\/posts"}],"about":[{"href":"https:\/\/friburgonoticias.com.br\/temp\/wp-json\/wp\/v2\/types\/post"}],"author":[{"embeddable":true,"href":"https:\/\/friburgonoticias.com.br\/temp\/wp-json\/wp\/v2\/users\/3"}],"replies":[{"embeddable":true,"href":"https:\/\/friburgonoticias.com.br\/temp\/wp-json\/wp\/v2\/comments?post=7036"}],"version-history":[{"count":0,"href":"https:\/\/friburgonoticias.com.br\/temp\/wp-json\/wp\/v2\/posts\/7036\/revisions"}],"wp:featuredmedia":[{"embeddable":true,"href":"https:\/\/friburgonoticias.com.br\/temp\/wp-json\/wp\/v2\/media\/7037"}],"wp:attachment":[{"href":"https:\/\/friburgonoticias.com.br\/temp\/wp-json\/wp\/v2\/media?parent=7036"}],"wp:term":[{"taxonomy":"category","embeddable":true,"href":"https:\/\/friburgonoticias.com.br\/temp\/wp-json\/wp\/v2\/categories?post=7036"},{"taxonomy":"post_tag","embeddable":true,"href":"https:\/\/friburgonoticias.com.br\/temp\/wp-json\/wp\/v2\/tags?post=7036"}],"curies":[{"name":"wp","href":"https:\/\/api.w.org\/{rel}","templated":true}]}}