{"id":7048,"date":"2026-01-29T21:00:16","date_gmt":"2026-01-29T21:00:16","guid":{"rendered":"https:\/\/friburgonoticias.com.br\/temp\/2026\/01\/29\/temporal-forte-provoca-alagamentos-em-nova-friburgo\/"},"modified":"2026-01-29T21:00:16","modified_gmt":"2026-01-29T21:00:16","slug":"temporal-forte-provoca-alagamentos-em-nova-friburgo","status":"publish","type":"post","link":"https:\/\/friburgonoticias.com.br\/temp\/2026\/01\/29\/temporal-forte-provoca-alagamentos-em-nova-friburgo\/","title":{"rendered":"Temporal forte provoca alagamentos em Nova Friburgo"},"content":{"rendered":"<p><\/p>\n<div id=\"post-59864\">\n<div class=\"post-header post-tp-13-header\">\n<div class=\"single-featured\">\n<img loading=\"lazy\" decoding=\"async\" data-lazyloaded=\"1\" src=\"https:\/\/www.serranewsrj.com.br\/wp-content\/uploads\/2026\/01\/00-chuva-1130x580.png\" width=\"1130\" height=\"580\" alt=\"\"\/><\/div>\n<\/div>\n<div class=\"entry-content clearfix single-post-content\">\n<p style=\"text-align: justify;\" data-start=\"0\" data-end=\"202\">Um forte temporal atingiu Nova Friburgo no fim da tarde de quinta-feira (29\/01), provocando alagamentos em diversos pontos da cidade. Em algumas localidades, houve registro de queda de granizo.<\/p>\n<div class=\"uajfqx uajfqx-post-inline uajfqx-float-center uajfqx-align-center uajfqx-column-1 uajfqx-clearfix no-bg-box-model\">\n<div id=\"uajfqx-37647-198368580\" class=\"uajfqx-container uajfqx-type-image\" itemscope=\"\" itemtype=\"https:\/\/schema.org\/WPAdBlock\" data-adid=\"37647\" data-type=\"image\"><a itemprop=\"url\" class=\"uajfqx-link\" href=\"https:\/\/linktr.ee\/clinsorria\" target=\"_blank\" rel=\"nofollow\"><img loading=\"lazy\" decoding=\"async\" data-lazyloaded=\"1\" width=\"1536\" height=\"512\" class=\"uajfqx-image\" src=\"https:\/\/www.serranewsrj.com.br\/wp-content\/uploads\/2026\/01\/ChatGPTImage7dejan.de202612_14_24-ezgif.com-png-to-webp-converter.webp\" alt=\"Banner Cl\u00ednica Sorria (Home) \u2013 1200 x 400 pixels\"\/><\/a><\/div>\n<\/div>\n<p style=\"text-align: justify;\" data-start=\"204\" data-end=\"400\">A mudan\u00e7a brusca no tempo escureceu o c\u00e9u rapidamente e gerou apreens\u00e3o entre moradores, com a forma\u00e7\u00e3o de nuvens carregadas e previs\u00e3o de chuva intensa sobre a Regi\u00e3o Serrana do Rio de Janeiro.<\/p>\n<p style=\"text-align: justify;\" data-start=\"402\" data-end=\"674\">De acordo com informa\u00e7\u00f5es, o bairro do Prado foi um dos mais atingidos, onde a \u00e1gua chegou a cobrir parcialmente carros estacionados na via. Outros locais, como Conselheiro Paulino, o Centro e a Avenida Governador Roberto Silveira, tamb\u00e9m registraram pontos de alagamento.<\/p>\n<\/div>\n<\/div>\n<div id=\"\">\n<a href=\"https:\/\/www.serranewsrj.com.br\/author\/admin-2\" title=\"Artigos de autor\"><br \/>\n<span class=\"post-author-avatar\" itemprop=\"image\"><img loading=\"lazy\" decoding=\"async\" data-lazyloaded=\"1\" alt=\"\" src=\"https:\/\/www.serranewsrj.com.br\/wp-content\/uploads\/2025\/03\/REDONDA-4-180x180.png\" class=\"avatar avatar-80 photo avatar-default\" height=\"80\" width=\"80\"\/><\/span><br \/>\n<\/a><\/p>\n<div class=\"post-author-bio\" itemprop=\"description\">A sua fonte segura de informa\u00e7\u00e3o no interior do Rio de Janeiro.<\/p>\n<\/div>\n<\/div>\n<p><\/a><\/p>\n<p>Fonte: www.serranewsrj.com.br<\/p>\n","protected":false},"excerpt":{"rendered":"<p>Um forte temporal atingiu Nova Friburgo no fim da tarde de quinta-feira (29\/01), provocando alagamentos em diversos pontos da cidade. Em algumas localidades, houve registro de queda de granizo. A mudan\u00e7a brusca no tempo escureceu o c\u00e9u rapidamente e gerou apreens\u00e3o entre moradores, com a forma\u00e7\u00e3o de nuvens carregadas e previs\u00e3o de chuva intensa sobre [&hellip;]<\/p>\n","protected":false},"author":3,"featured_media":7049,"comment_status":"open","ping_status":"open","sticky":false,"template":"","format":"standard","meta":{"advanced_seo_description":"","jetpack_seo_html_title":"","jetpack_seo_noindex":false,"fifu_image_url":"https:\/\/www.serranewsrj.com.br\/wp-content\/uploads\/2026\/01\/00-chuva.png","fifu_image_alt":"","_jetpack_memberships_contains_paid_content":false,"footnotes":"","jetpack_publicize_message":"","jetpack_publicize_feature_enabled":true,"jetpack_social_post_already_shared":true,"jetpack_social_options":{"image_generator_settings":{"template":"highway","default_image_id":0,"font":"","enabled":false},"version":2}},"categories":[104,1],"tags":[],"class_list":{"0":"post-7048","1":"post","2":"type-post","3":"status-publish","4":"format-standard","5":"has-post-thumbnail","7":"category-cidade","8":"category-uncategorized"},"jetpack_publicize_connections":[],"jetpack_featured_media_url":"https:\/\/i0.wp.com\/www.serranewsrj.com.br\/wp-content\/uploads\/2026\/01\/00-chuva.png?fit=%2C&ssl=1","jetpack_sharing_enabled":true,"jetpack-related-posts":[],"_links":{"self":[{"href":"https:\/\/friburgonoticias.com.br\/temp\/wp-json\/wp\/v2\/posts\/7048","targetHints":{"allow":["GET"]}}],"collection":[{"href":"https:\/\/friburgonoticias.com.br\/temp\/wp-json\/wp\/v2\/posts"}],"about":[{"href":"https:\/\/friburgonoticias.com.br\/temp\/wp-json\/wp\/v2\/types\/post"}],"author":[{"embeddable":true,"href":"https:\/\/friburgonoticias.com.br\/temp\/wp-json\/wp\/v2\/users\/3"}],"replies":[{"embeddable":true,"href":"https:\/\/friburgonoticias.com.br\/temp\/wp-json\/wp\/v2\/comments?post=7048"}],"version-history":[{"count":0,"href":"https:\/\/friburgonoticias.com.br\/temp\/wp-json\/wp\/v2\/posts\/7048\/revisions"}],"wp:featuredmedia":[{"embeddable":true,"href":"https:\/\/friburgonoticias.com.br\/temp\/wp-json\/wp\/v2\/media\/7049"}],"wp:attachment":[{"href":"https:\/\/friburgonoticias.com.br\/temp\/wp-json\/wp\/v2\/media?parent=7048"}],"wp:term":[{"taxonomy":"category","embeddable":true,"href":"https:\/\/friburgonoticias.com.br\/temp\/wp-json\/wp\/v2\/categories?post=7048"},{"taxonomy":"post_tag","embeddable":true,"href":"https:\/\/friburgonoticias.com.br\/temp\/wp-json\/wp\/v2\/tags?post=7048"}],"curies":[{"name":"wp","href":"https:\/\/api.w.org\/{rel}","templated":true}]}}