{"id":7050,"date":"2026-01-30T12:37:47","date_gmt":"2026-01-30T12:37:47","guid":{"rendered":"https:\/\/friburgonoticias.com.br\/temp\/2026\/01\/30\/justica-federal-determina-prefeitura-do-rio-crie-plano-para-populacao-em-situacao-de-rua\/"},"modified":"2026-01-30T12:37:47","modified_gmt":"2026-01-30T12:37:47","slug":"justica-federal-determina-prefeitura-do-rio-crie-plano-para-populacao-em-situacao-de-rua","status":"publish","type":"post","link":"https:\/\/friburgonoticias.com.br\/temp\/2026\/01\/30\/justica-federal-determina-prefeitura-do-rio-crie-plano-para-populacao-em-situacao-de-rua\/","title":{"rendered":"Justi\u00e7a Federal determina Prefeitura do Rio crie plano para popula\u00e7\u00e3o em situa\u00e7\u00e3o de rua"},"content":{"rendered":"<p><\/p>\n<div itemprop=\"articleBody\">\nA Justi\u00e7a Federal determinou, nesta quinta-feira (29), que a Prefeitura do Rio crie novas pol\u00edticas p\u00fablicas para atender a popula\u00e7\u00e3o em situa\u00e7\u00e3o de rua do munic\u00edpio. A decis\u00e3o atende <a href=\"https:\/\/temporealrj.com\/prefeitura-do-rio-deixou-de-criar-75-das-vagas-de-acolhimento-previstas-para-populacao-de-rua-mpf-e-defensorias-acusam-gestao-de-omissao\/\">a um pedido do Minist\u00e9rio P\u00fablico Federal (MPF) e da Defensoria P\u00fablica da Uni\u00e3o (DPU)<\/a>.<\/p>\n<p>Segundo a determina\u00e7\u00e3o, o Rio tem at\u00e9 60 dias para criar um plano de a\u00e7\u00f5es detalhando como vai implantar as medidas previstas na ADPF 976, determina\u00e7\u00e3o do Supremo Tribunal Federal (STF) que pauta a discuss\u00e3o em torno das \u201ccondi\u00e7\u00f5es prec\u00e1rias de vida\u201d da popula\u00e7\u00e3o em situa\u00e7\u00e3o de rua.<\/p>\n<p>A justificativa para as medidas \u00e9 a insufici\u00eancia, apontada pelo MPF, dos abrigos no munic\u00edpio. Segundo o \u00f3rg\u00e3o, a cidade tem 7 mil moradores em situa\u00e7\u00e3o de rua, mas apenas 2,6 mil vagas de acolhimento, aproximadamente. O pedido inicial acusa a prefeitura de <a href=\"https:\/\/temporealrj.com\/prefeitura-nao-criou-em-2024-vagas-de-acolhimento-para-pessoas-em-situacao-de-rua\/\">n\u00e3o implementar cerca de 75% das vagas<\/a> previstas no Plano Plurianual 2022-2025.<\/p>\n<h2 class=\"wp-block-heading\">Decis\u00e3o cobra comit\u00ea para acompanhar cuidado com popula\u00e7\u00e3o em situa\u00e7\u00e3o de rua<\/h2>\n<p>A decis\u00e3o da Justi\u00e7a Federal estabelece que a prefeitura crie, em at\u00e9 30 dias, um instrumento previsto pela legisla\u00e7\u00e3o municipal para articular a execu\u00e7\u00e3o de medidas para <a href=\"https:\/\/temporealrj.com\/populacao-em-situacao-de-rua-mp-aponta-omissao-da-cidade-do-rio-em-politicas-publicas\/\">atender moradores de rua<\/a>, o Comit\u00ea Intersetorial de Acompanhamento e Monitoramento (Ciamp-Rua).<\/p>\n<p>De acordo com a determina\u00e7\u00e3o, as exig\u00eancias foram estabelecidas ap\u00f3s as tentativas de acordo com a gest\u00e3o municipal sobre o assunto terminarem sem acerto. Antes da decis\u00e3o, o munic\u00edpio questionou supostas contradi\u00e7\u00f5es do MPF na a\u00e7\u00e3o civil p\u00fablica e pediu prazos maiores. A Prefeitura do Rio ainda n\u00e3o comentou oficialmente a decis\u00e3o judicial.\n<\/p><\/div>\n<p><\/a><\/p>\n<p>Fonte: temporealrj.com<\/p>\n","protected":false},"excerpt":{"rendered":"<p>A Justi\u00e7a Federal determinou, nesta quinta-feira (29), que a Prefeitura do Rio crie novas pol\u00edticas p\u00fablicas para atender a popula\u00e7\u00e3o em situa\u00e7\u00e3o de rua do munic\u00edpio. A decis\u00e3o atende a um pedido do Minist\u00e9rio P\u00fablico Federal (MPF) e da Defensoria P\u00fablica da Uni\u00e3o (DPU). Segundo a determina\u00e7\u00e3o, o Rio tem at\u00e9 60 dias para criar [&hellip;]<\/p>\n","protected":false},"author":3,"featured_media":7051,"comment_status":"open","ping_status":"open","sticky":false,"template":"","format":"standard","meta":{"advanced_seo_description":"","jetpack_seo_html_title":"","jetpack_seo_noindex":false,"fifu_image_url":"https:\/\/temporealrj.com\/wp-content\/uploads\/2026\/01\/pessoa-em-situacao-de-rua-largo-do-machado-e1769776245117.jpg","fifu_image_alt":"","_jetpack_memberships_contains_paid_content":false,"footnotes":"","jetpack_publicize_message":"","jetpack_publicize_feature_enabled":true,"jetpack_social_post_already_shared":true,"jetpack_social_options":{"image_generator_settings":{"template":"highway","default_image_id":0,"font":"","enabled":false},"version":2}},"categories":[107],"tags":[],"class_list":{"0":"post-7050","1":"post","2":"type-post","3":"status-publish","4":"format-standard","5":"has-post-thumbnail","7":"category-economia"},"jetpack_publicize_connections":[],"jetpack_featured_media_url":"https:\/\/i0.wp.com\/temporealrj.com\/wp-content\/uploads\/2026\/01\/pessoa-em-situacao-de-rua-largo-do-machado-e1769776245117.jpg?fit=%2C&ssl=1","jetpack_sharing_enabled":true,"jetpack-related-posts":[],"_links":{"self":[{"href":"https:\/\/friburgonoticias.com.br\/temp\/wp-json\/wp\/v2\/posts\/7050","targetHints":{"allow":["GET"]}}],"collection":[{"href":"https:\/\/friburgonoticias.com.br\/temp\/wp-json\/wp\/v2\/posts"}],"about":[{"href":"https:\/\/friburgonoticias.com.br\/temp\/wp-json\/wp\/v2\/types\/post"}],"author":[{"embeddable":true,"href":"https:\/\/friburgonoticias.com.br\/temp\/wp-json\/wp\/v2\/users\/3"}],"replies":[{"embeddable":true,"href":"https:\/\/friburgonoticias.com.br\/temp\/wp-json\/wp\/v2\/comments?post=7050"}],"version-history":[{"count":0,"href":"https:\/\/friburgonoticias.com.br\/temp\/wp-json\/wp\/v2\/posts\/7050\/revisions"}],"wp:featuredmedia":[{"embeddable":true,"href":"https:\/\/friburgonoticias.com.br\/temp\/wp-json\/wp\/v2\/media\/7051"}],"wp:attachment":[{"href":"https:\/\/friburgonoticias.com.br\/temp\/wp-json\/wp\/v2\/media?parent=7050"}],"wp:term":[{"taxonomy":"category","embeddable":true,"href":"https:\/\/friburgonoticias.com.br\/temp\/wp-json\/wp\/v2\/categories?post=7050"},{"taxonomy":"post_tag","embeddable":true,"href":"https:\/\/friburgonoticias.com.br\/temp\/wp-json\/wp\/v2\/tags?post=7050"}],"curies":[{"name":"wp","href":"https:\/\/api.w.org\/{rel}","templated":true}]}}