{"id":7052,"date":"2026-01-30T14:02:51","date_gmt":"2026-01-30T14:02:51","guid":{"rendered":"https:\/\/friburgonoticias.com.br\/temp\/2026\/01\/30\/policia-prende-acusado-de-tentar-matar-a-ex-companheira-em-nova-friburgo\/"},"modified":"2026-01-30T14:02:51","modified_gmt":"2026-01-30T14:02:51","slug":"policia-prende-acusado-de-tentar-matar-a-ex-companheira-em-nova-friburgo","status":"publish","type":"post","link":"https:\/\/friburgonoticias.com.br\/temp\/2026\/01\/30\/policia-prende-acusado-de-tentar-matar-a-ex-companheira-em-nova-friburgo\/","title":{"rendered":"Pol\u00edcia prende acusado de tentar matar a ex-companheira em Nova Friburgo"},"content":{"rendered":"<p><\/p>\n<div id=\"post-59898\">\n<div class=\"post-header post-tp-13-header\">\n<div class=\"single-featured\">\n<img loading=\"lazy\" decoding=\"async\" data-lazyloaded=\"1\" src=\"https:\/\/www.serranewsrj.com.br\/wp-content\/uploads\/2026\/01\/000-deam.jpeg\" width=\"591\" height=\"333\" alt=\"\"\/>                                         <span class=\"image-credit\">Imagens divulgadas pela DEAM. <\/span><\/div>\n<\/div>\n<div class=\"entry-content clearfix single-post-content\">\n<p style=\"text-align: justify;\" data-start=\"121\" data-end=\"452\">A Pol\u00edcia Civil, por meio da Delegacia Especializada de Atendimento \u00e0 Mulher (DEAM), prendeu um homem de 59 anos acusado de tentativa de feminic\u00eddio contra a ex-companheira, em <a href=\"https:\/\/www.serranewsrj.com.br\/noticias\/regiao-serrana\/nova-friburgo\">Nova Friburgo<\/a>.<\/p>\n<div class=\"uajfqx uajfqx-post-inline uajfqx-float-center uajfqx-align-center uajfqx-column-1 uajfqx-clearfix no-bg-box-model\">\n<div id=\"uajfqx-37647-1528109341\" class=\"uajfqx-container uajfqx-type-image\" itemscope=\"\" itemtype=\"https:\/\/schema.org\/WPAdBlock\" data-adid=\"37647\" data-type=\"image\"><a itemprop=\"url\" class=\"uajfqx-link\" href=\"https:\/\/linktr.ee\/clinsorria\" target=\"_blank\" rel=\"nofollow\"><img loading=\"lazy\" decoding=\"async\" data-lazyloaded=\"1\" width=\"1536\" height=\"512\" class=\"uajfqx-image\" src=\"https:\/\/www.serranewsrj.com.br\/wp-content\/uploads\/2026\/01\/ChatGPTImage7dejan.de202612_14_24-ezgif.com-png-to-webp-converter.webp\" alt=\"Banner Cl\u00ednica Sorria (Home) \u2013 1200 x 400 pixels\"\/><\/a><\/div>\n<\/div>\n<p style=\"text-align: justify;\" data-start=\"121\" data-end=\"452\">O crime ocorreu na tarde de segunda-feira (26\/01), na Rua Sete de Setembro, uma das vias mais movimentadas do Centro da cidade.<\/p>\n<p style=\"text-align: justify;\" data-start=\"454\" data-end=\"745\">O suspeito atacou a v\u00edtima em plena via p\u00fablica, utilizando uma faca. A consuma\u00e7\u00e3o do crime foi impedida gra\u00e7as \u00e0 interven\u00e7\u00e3o imediata de populares, entre eles dois lojistas da regi\u00e3o, que agiram rapidamente e evitaram um desfecho ainda mais grave.<\/p>\n<p style=\"text-align: justify;\" data-start=\"747\" data-end=\"883\">De acordo com a Pol\u00edcia Civil, o homem foi localizado e preso no bairro Cardinot, em cumprimento a um mandado de pris\u00e3o preventiva.<\/p>\n<div class=\"uajfqx uajfqx-post-inline uajfqx-float-center uajfqx-align-center uajfqx-column-1 uajfqx-clearfix no-bg-box-model\">\n<div id=\"uajfqx-56737-939991121\" class=\"uajfqx-container uajfqx-type-image\" itemscope=\"\" itemtype=\"https:\/\/schema.org\/WPAdBlock\" data-adid=\"56737\" data-type=\"image\"><a itemprop=\"url\" class=\"uajfqx-link\" href=\"https:\/\/www.instagram.com\/euclidesemfoco?utm_source=ig_web_button_share_sheet&amp;igsh=ZDNlZDc0MzIxNw==\" target=\"_blank\" rel=\"nofollow\"><img loading=\"lazy\" decoding=\"async\" data-lazyloaded=\"1\" width=\"1200\" height=\"400\" class=\"uajfqx-image\" src=\"https:\/\/www.serranewsrj.com.br\/wp-content\/uploads\/2026\/01\/2026BannerGIFsite-EuclidesemFoco-ezgif.com-gif-to-webp-converter.webp\" alt=\"Euclides em Foco \u2013 Outubro (1200\u00d7400 pxl) WebP\"\/><\/a><\/div>\n<\/div>\n<p style=\"text-align: justify;\" data-start=\"885\" data-end=\"1049\">O caso havia sido noticiado pelo portal Serra News. Imagens de c\u00e2meras de seguran\u00e7a registraram toda a a\u00e7\u00e3o criminosa e devem auxiliar nas investiga\u00e7\u00f5es.<\/p>\n<blockquote class=\"instagram-media\" style=\"background: #FFF; border: 0; border-radius: 3px; box-shadow: 0 0 1px 0 rgba(0,0,0,0.5),0 1px 10px 0 rgba(0,0,0,0.15); margin: 1px; max-width: 540px; min-width: 326px; padding: 0; width: calc(100% - 2px);\" data-instgrm-captioned=\"\" data-instgrm-permalink=\"https:\/\/www.instagram.com\/reel\/DUB7RLCEmBw\/?utm_source=ig_embed&amp;utm_campaign=loading\" data-instgrm-version=\"14\"\/>\n<div class=\"uajfqx uajfqx-post-inline uajfqx-float-center uajfqx-align-center uajfqx-column-1 uajfqx-clearfix no-bg-box-model\">\n<div id=\"uajfqx-52933-1741290538\" class=\"uajfqx-container uajfqx-type-image\" itemscope=\"\" itemtype=\"https:\/\/schema.org\/WPAdBlock\" data-adid=\"52933\" data-type=\"image\"><a itemprop=\"url\" class=\"uajfqx-link\" href=\"https:\/\/jmfsaude.com.br\/\" target=\"_blank\" rel=\"nofollow\"><img loading=\"lazy\" decoding=\"async\" data-lazyloaded=\"1\" width=\"1200\" height=\"400\" class=\"uajfqx-image\" src=\"https:\/\/www.serranewsrj.com.br\/wp-content\/uploads\/2025\/03\/bannersiteJMF-ezgif.com-png-to-webp-converter.webp\" alt=\"JMF Solu\u00e7\u00f5es em Sa\u00fade \u2013 1200\u00d7400 pxl WebP\"\/><\/a><\/div>\n<\/div>\n<\/div>\n<\/div>\n<div id=\"\">\n<a href=\"https:\/\/www.serranewsrj.com.br\/author\/admin-2\" title=\"Artigos de autor\"><br \/>\n<span class=\"post-author-avatar\" itemprop=\"image\"><img loading=\"lazy\" decoding=\"async\" data-lazyloaded=\"1\" alt=\"\" src=\"https:\/\/www.serranewsrj.com.br\/wp-content\/uploads\/2025\/03\/REDONDA-4-180x180.png\" class=\"avatar avatar-80 photo avatar-default\" height=\"80\" width=\"80\"\/><\/span><br \/>\n<\/a><\/p>\n<div class=\"post-author-bio\" itemprop=\"description\">A sua fonte segura de informa\u00e7\u00e3o no interior do Rio de Janeiro.<\/p>\n<\/div>\n<\/div>\n<p><script async src=\"\/\/www.instagram.com\/embed.js\"><\/script><br \/>\n<br \/><\/a><\/p>\n<p>Fonte: www.serranewsrj.com.br<\/p>\n","protected":false},"excerpt":{"rendered":"<p>Imagens divulgadas pela DEAM. A Pol\u00edcia Civil, por meio da Delegacia Especializada de Atendimento \u00e0 Mulher (DEAM), prendeu um homem de 59 anos acusado de tentativa de feminic\u00eddio contra a ex-companheira, em Nova Friburgo. O crime ocorreu na tarde de segunda-feira (26\/01), na Rua Sete de Setembro, uma das vias mais movimentadas do Centro da [&hellip;]<\/p>\n","protected":false},"author":3,"featured_media":7053,"comment_status":"open","ping_status":"open","sticky":false,"template":"","format":"standard","meta":{"advanced_seo_description":"","jetpack_seo_html_title":"","jetpack_seo_noindex":false,"fifu_image_url":"https:\/\/www.serranewsrj.com.br\/wp-content\/uploads\/2026\/01\/000-deam.jpeg","fifu_image_alt":"","_jetpack_memberships_contains_paid_content":false,"footnotes":"","jetpack_publicize_message":"","jetpack_publicize_feature_enabled":true,"jetpack_social_post_already_shared":true,"jetpack_social_options":{"image_generator_settings":{"template":"highway","default_image_id":0,"font":"","enabled":false},"version":2}},"categories":[104,1],"tags":[],"class_list":{"0":"post-7052","1":"post","2":"type-post","3":"status-publish","4":"format-standard","5":"has-post-thumbnail","7":"category-cidade","8":"category-uncategorized"},"jetpack_publicize_connections":[],"jetpack_featured_media_url":"https:\/\/i0.wp.com\/www.serranewsrj.com.br\/wp-content\/uploads\/2026\/01\/000-deam.jpeg?fit=%2C&ssl=1","jetpack_sharing_enabled":true,"jetpack-related-posts":[],"_links":{"self":[{"href":"https:\/\/friburgonoticias.com.br\/temp\/wp-json\/wp\/v2\/posts\/7052","targetHints":{"allow":["GET"]}}],"collection":[{"href":"https:\/\/friburgonoticias.com.br\/temp\/wp-json\/wp\/v2\/posts"}],"about":[{"href":"https:\/\/friburgonoticias.com.br\/temp\/wp-json\/wp\/v2\/types\/post"}],"author":[{"embeddable":true,"href":"https:\/\/friburgonoticias.com.br\/temp\/wp-json\/wp\/v2\/users\/3"}],"replies":[{"embeddable":true,"href":"https:\/\/friburgonoticias.com.br\/temp\/wp-json\/wp\/v2\/comments?post=7052"}],"version-history":[{"count":0,"href":"https:\/\/friburgonoticias.com.br\/temp\/wp-json\/wp\/v2\/posts\/7052\/revisions"}],"wp:featuredmedia":[{"embeddable":true,"href":"https:\/\/friburgonoticias.com.br\/temp\/wp-json\/wp\/v2\/media\/7053"}],"wp:attachment":[{"href":"https:\/\/friburgonoticias.com.br\/temp\/wp-json\/wp\/v2\/media?parent=7052"}],"wp:term":[{"taxonomy":"category","embeddable":true,"href":"https:\/\/friburgonoticias.com.br\/temp\/wp-json\/wp\/v2\/categories?post=7052"},{"taxonomy":"post_tag","embeddable":true,"href":"https:\/\/friburgonoticias.com.br\/temp\/wp-json\/wp\/v2\/tags?post=7052"}],"curies":[{"name":"wp","href":"https:\/\/api.w.org\/{rel}","templated":true}]}}